{"uid":"AMANR5L15PO59048B2272P2D1N001207","chronotag":"1601465854641","legislature":"15","identification":{"numeroLong":"II-CF1207","numeroOrdreDepot":"1207","prefixeOrganeExamen":"CION_FIN","numeroRect":"0"},"examenRef":"EXANR5L15PO59048B2272P2D1","texteLegislatifRef":"PRJLANR5L15B2272","triAmendement":"jlaaaaaaaaaaaaaaaaaaaaaaaaaaaaaaaaaaaaaaaaaaaaaaaaht","cardinaliteAmdtMultiples":"1","amendementParentRef":{},"signataires":{"auteur":{"typeAuteur":"D\u00e9put\u00e9","gouvernementRef":{},"acteurRef":"PA642695","groupePolitiqueRef":"PO730964","auteurRapporteurOrganeRef":{}},"cosignataires":{"acteurRef":["PA719952","PA720222"]},"suffixe":{},"libelle":" M.\u0026#160;Bothorel,  M.\u0026#160;Mis et M.\u0026#160;Girardin"},"pointeurFragmentTexte":{"partieAmendableRef":{},"division":{"titre":"Article 62","articleDesignationCourte":"ART. 62","articleDesignation":"ARTICLE 62","type":"ARTICLE","avant_A_Apres":"A","divisionRattachee":{},"articleAdditionnel":"false","chapitreAdditionnel":"false","urlDivisionTexteVise":"\/15\/textes\/2272C.asp#D_Article_62"},"amendementStandard":{"alinea":{"avant_A_Apres":"A","numero":"6","alineaDesignation":"Alin\u00e9a 6"}}},"corps":{"cartoucheInformatif":{},"contenuAuteur":{"dispositif":"\u003Cp\u003EI.\u0026#160;\u0026#8211;\u0026#160;\u0026#192; l\u0026#8217;alin\u0026#233;a\u0026#160;6, substituer au taux\u0026#160;:\u0026#160;\u0026#171;\u0026#160;5,15\u0026#160;%\u0026#160;\u0026#187; le taux\u0026#160;:\u0026#160;\u0026#171;\u0026#160;5,25\u0026#160;%\u0026#160;\u0026#187;.\u003C\/p\u003E\u003Cp\u003EII.\u0026#160;\u0026#8211;\u0026#160;Apr\u0026#232;s l\u0026#8217;alin\u0026#233;a\u0026#160;14, ins\u0026#233;rer les quatre alin\u0026#233;as suivants\u0026#160;:\u003C\/p\u003E\u003Cp\u003E\u0026#171;\u0026#160;A bis.\u0026#160;\u0026#8211;\u0026#160;Au II\u0026#160;:\u003C\/p\u003E\u003Cp\u003E\u0026#171;\u0026#160;1\u0026#176;\u0026#160;Le 2\u0026#176;\u0026#160;est compl\u0026#233;t\u0026#233; par les mots\u0026#160;: \u0026#171;\u0026#160;contre un paiement \u0026#224; l\u0026#8217;acte\u0026#160;\u0026#187;\u0026#160;;\u003C\/p\u003E\u003Cp\u003E\u0026#171;\u0026#160;2\u0026#176;\u0026#160;Apr\u0026#232;s le 2\u0026#176;\u0026#160;, il est ins\u0026#233;r\u0026#233; un 2\u0026#176;\u0026#160;bis ainsi r\u0026#233;dig\u0026#233;\u0026#160;:\u003C\/p\u003E\u003Cp\u003E\u0026#171;\u0026#160;\u0026#171;\u0026#160;2\u0026#176;\u0026#160;bis Mettent \u0026#224; disposition du public en France des services mentionn\u0026#233;s au m\u0026#234;me 2\u0026#176;\u0026#160;du m\u0026#234;me I\u0026#160;contre le paiement d\u0026#8217;un abonnement\u0026#160;;\u0026#160;\u0026#187;\u0026#160;\u0026#187;.\u003C\/p\u003E\u003Cp\u003EIII.\u0026#160;\u0026#8211;\u0026#160;\u0026#192; l\u0026#8217;alin\u0026#233;a\u0026#160;16, substituer au taux\u0026#160;:\u0026#160;\u0026#171;\u0026#160;5,15\u0026#160;%\u0026#160;\u0026#187; le taux\u0026#160;:\u0026#160;\u0026#171;\u0026#160;5,25\u0026#160;%\u0026#160;\u0026#187;.\u003C\/p\u003E\u003Cp\u003EIV.\u0026#160;\u0026#8211;\u0026#160;\u0026#192; la premi\u0026#232;re phrase de l\u0027alin\u0026#233;a 18, apr\u0026#232;s la r\u0026#233;f\u0026#233;rence\u0026#160;: \u0026#171;\u0026#160;1\u0026#176;\u0026#160;\u0026#187;, ins\u0026#233;rer les mots\u0026#160;:\u0026#160;\u0026#171;\u0026#160;et au 2\u0026#176;\u0026#160;\u0026#187;.\u003C\/p\u003E\u003Cp\u003EV.\u0026#160;\u0026#8211;\u0026#160;Apr\u0026#232;s l\u0027alin\u0026#233;a 18, ins\u0026#233;rer l\u0027alin\u0026#233;a suivant\u0026#160;:\u003C\/p\u003E\u003Cp\u003E\u0026#171;\u0026#160;3\u0026#176;\u0026#160;Au deuxi\u0026#232;me alin\u0026#233;a, chaque occurrence des mots\u0026#160;:\u0026#160;\u0026#171;\u0026#160;aux 3\u0026#176; et 4\u0026#176;\u0026#160;\u0026#187; est remplac\u0026#233;e par les mots\u0026#160;:\u0026#160;\u0026#171;\u0026#160;aux 4\u0026#176; et 5\u0026#176;\u0026#160;\u0026#187;.\u0026#160;\u0026#187;\u003C\/p\u003E\u003Cp\u003EVI.\u0026#160;\u0026#8211;\u0026#160;La perte de recettes r\u0026#233;sultant pour l\u0026#8217;\u0026#201;tat du pr\u0026#233;sent article est compens\u0026#233;e, \u0026#224; due concurrence, par la cr\u0026#233;ation d\u0026#8217;une taxe additionnelle aux droits pr\u0026#233;vus aux articles\u0026#160;575 et 575\u0026#160;A du code g\u0026#233;n\u0026#233;ral des imp\u0026#244;ts.\u003C\/p\u003E","avantAppel":{},"exposeSommaire":"\u003Cp style=\u0022text-align: justify;\u0022\u003EL\u0026#8217;article\u0026#160;62 a pour objectif d\u0026#8217;harmoniser le taux des taxes affect\u0026#233;es au CNC en cr\u0026#233;ant un taux unique de 5,15\u0026#160;% au lieu de 5,65\u0026#160;% pour la taxe sur les services de t\u0026#233;l\u0026#233;vision due par les \u0026#233;diteurs (TST-E) et de 2\u0026#160;% pour la taxe sur la diffusion en vid\u0026#233;o physique et en ligne de contenus audiovisuels (TSV).\u0026#160;\u003C\/p\u003E\u003Cp style=\u0022text-align: justify;\u0022\u003ECet article pr\u0026#233;voit \u0026#233;galement un abattement de 65\u0026#160;% sur cette taxe pour les vendeurs ou loueurs de DVD ou de Blu-Ray.\u0026#160;\u003C\/p\u003E\u003Cp style=\u0022text-align: justify;\u0022\u003ELa vid\u0026#233;o \u0026#224; la demande (VOD) est d\u0026#233;finie comme \u0026#171;\u0026#160;\u003Ci\u003Etout service de communication au public par voie \u0026#233;lectronique permettant le visionnage de programmes au moment choisi par l\u0026#8217;utilisateur et sur sa demande, \u0026#224; partir d\u0026#8217;un catalogue de programmes dont la s\u0026#233;lection et l\u0026#8217;organisation sont contr\u0026#244;l\u0026#233;es par l\u0026#8217;\u0026#233;diteur de ce service\u003C\/i\u003E\u0026#160;\u0026#187;. La vid\u0026#233;o \u0026#224; la demande est aujourd\u0026#8217;hui de deux types\u0026#160;: par abonnement (c\u0026#8217;est la vid\u0026#233;o \u0026#224; la demande par abonnement ou SVOD) ou \u0026#224; l\u0026#8217;acte (c\u0026#8217;est la vid\u0026#233;o \u0026#224; la demande transactionnelle ou TVOD). Pour la vid\u0026#233;o \u0026#224; la demande \u0026#224; l\u0026#8217;acte, le contenu peut \u0026#234;tre achet\u0026#233; d\u0026#233;finitivement (on parle alors d\u0026#8217;EST) ou lou\u0026#233; pour une dur\u0026#233;e d\u0026#233;termin\u0026#233;e (on parle de DRT).\u0026#160;\u003C\/p\u003E\u003Cp style=\u0022text-align: justify;\u0022\u003ELa vid\u0026#233;o \u0026#224; la demande \u0026#224; l\u0026#8217;acte doit \u0026#234;tre consid\u0026#233;r\u0026#233;e comme le pendant en ligne des vid\u0026#233;oclubs physiques (et donc de l\u0026#8217;achat et\/ou de la location de DVD)\u0026#160;: en effet, elle fournit au consommateur un service analogue. En outre, elle est align\u0026#233;e sur la m\u0026#234;me fen\u0026#234;tre de chronologie des m\u0026#233;dias et soumise au m\u0026#234;me taux de TVA (20\u0026#160;%). Enfin, ce type de vid\u0026#233;o \u0026#224; la demande est op\u0026#233;r\u0026#233;e \u0026#224; 70\u0026#160;% par de petits acteurs fran\u0026#231;ais.\u003C\/p\u003E\u003Cp style=\u0022text-align: justify;\u0022\u003ESi cet article vise \u0026#224; r\u0026#233;\u0026#233;quilibrer les charges entre grandes plateformes num\u0026#233;riques et cha\u0026#238;nes traditionnelles, le rel\u0026#232;vement du seuil de la taxe dite\u0026#160;\u0026#171;\u0026#160;Youtube\u0026#160;\u0026#187; a \u0026#233;galement des cons\u0026#233;quences non n\u0026#233;gligeables sur les acteurs de moindre taille. Il existe en effet un risque que la hausse du taux permette aux acteurs dominants d\u0026#8217;\u0026#233;craser encore plus les plus petits acteurs, voire de les faire disparaitre, sous le poids de charges qu\u0026#8217;ils ne pourraient pas supporter.\u0026#160;\u003C\/p\u003E\u003Cp style=\u0022text-align: justify;\u0022\u003EAfin de minimiser ce risque, le pr\u0026#233;sent amendement vise, d\u0026#8217;une part, \u0026#224; distinguer le cas des services de vid\u0026#233;o \u0026#224; la demande \u0026#224; l\u0026#8217;acte de ceux qui rel\u0026#232;vent de la vid\u0026#233;o \u0026#224; la demande par abonnement, et d\u0026#8217;autre part, \u0026#224; \u0026#233;tendre l\u0026#8217;abattement pr\u0026#233;vu pour la vid\u0026#233;o physique aux services de vid\u0026#233;o \u0026#224; la demande \u0026#224; l\u0026#8217;acte. \u0026#160;\u003C\/p\u003E\u003Cp style=\u0022text-align: justify;\u0022\u003ECet amendement permet de ne pas p\u0026#233;naliser les acteurs locaux, n\u0026#233;cessaires au bon fonctionnement du march\u0026#233; puisqu\u0026#8217;ils favorisent une plus grande concurrence, seule \u0026#224; m\u0026#234;me de garantir une offre plurielle aux consommateurs.\u0026#160; Il permet ainsi\u0026#160;\u0026#8211;\u0026#160;tout en maintenant le principe du r\u0026#233;\u0026#233;quilibrage entre plateformes et cha\u0026#238;nes\u0026#160;\u0026#8211;\u0026#160;de ne pas faire peser une hausse trop importante de fiscalit\u0026#233; sur les acteurs sp\u0026#233;cifiques de la vid\u0026#233;o \u0026#224; la demande \u0026#224; l\u0026#8217;acte, qui sont conformes au d\u0026#233;cret SMAD et d\u0026#233;j\u0026#224; fortement fragilis\u0026#233;s par l\u0026#8217;arriv\u0026#233;e des acteurs de la vid\u0026#233;o \u0026#224; la demande par abonnement et par un d\u0026#233;clin du march\u0026#233; de la vid\u0026#233;o \u0026#224; la demande \u0026#224; l\u0026#8217;acte.\u0026#160;\u003C\/p\u003E\u003Cp style=\u0022text-align: justify;\u0022\u003ELe chiffre d\u0026#8217;affaire du march\u0026#233; de la vid\u0026#233;o \u0026#224; la demande \u0026#224; l\u0026#8217;acte est estim\u0026#233;, en 2020, \u0026#224; 130 millions d\u0026#8217;euros HT.\u0026#160;\u003C\/p\u003E\u003Cp style=\u0022text-align: justify;\u0022\u003EL\u0026#8217;alignement du r\u0026#233;gime fiscal des services de vid\u0026#233;o \u0026#224; la demande \u0026#224; l\u0026#8217;acte sur celui de la vid\u0026#233;o physique entrainerait une baisse de 4,35 millions d\u0026#8217;euros de ressources annuelles pour le CNC au titre de la TSV en 2020, date d\u0026#8217;entr\u0026#233;e en vigueur de la r\u0026#233;forme. \u0026#160;\u003C\/p\u003E\u003Cp style=\u0022text-align: justify;\u0022\u003EPour autant, afin de pr\u0026#233;server la neutralit\u0026#233; de cette r\u0026#233;forme pour les ressources du CNC, le pr\u0026#233;sent amendement retient \u0026#233;galement un taux unique de 5,25\u0026#160;%, l\u0026#233;g\u0026#232;rement sup\u0026#233;rieur \u0026#224; celui pr\u0026#233;vu initialement de 5,15\u0026#160;%. L\u0026#8217;impact de cette tr\u0026#232;s faible augmentation du taux serait limit\u0026#233;e\u0026#160;:\u0026#160;\u003C\/p\u003E\u003Cp style=\u0022text-align: justify;\u0022\u003E- Au titre de la TST-E, les cha\u0026#238;nes conserveraient une importante \u0026#233;conomie annuelle, et un taux moindre que celui auquel elles sont actuellement soumises\u0026#160;\u003C\/p\u003E\u003Cp style=\u0022text-align: justify;\u0022\u003E- Au titre de la TSV, la contribution serait recentr\u0026#233;e sur la vid\u0026#233;o \u0026#224; la demande par abonnement, fournie principalement par les grandes plateformes.\u003C\/p\u003E","annexeExposeSommaire":{}}},"cycleDeVie":{"dateDepot":"2019-10-30","datePublication":"2019-11-06","soumisArticle40":"false","etatDesTraitements":{"etat":{"code":"DI","libelle":"Discut\u00e9"},"sousEtat":{"code":"DI","libelle":"Rejet\u00e9"}},"dateSort":"2019-11-06T23:23:40+01:00","sort":"Rejet\u00e9"},"representations":{"representation":{"nom":"PDF","typeMime":{"type":"application","subType":"PDF"},"statutRepresentation":{"verbatim":"true","canonique":"true","officielle":"true","transcription":"false","enregistrement":"false"},"repSource":{},"offset":{},"contenu":{"documentURI":"\/base\/AMANR5L15PO59048B2272P2D1N001207?format=pdf"},"dateDispoRepresentation":{}}},"seanceDiscussionRef":{},"article99":"false","loiReference":{},"discussionCommune":{"idDiscussion":"9370","typePosition":"Milieu"},"discussionIdentique":{},"accordGouvernementDepotHorsDelai":"Sans objet"}