{"uid":"AMANR5L15PO59048B3074P0D1N000899","chronotag":"1601474319703","legislature":"15","identification":{"numeroLong":"CF899","numeroOrdreDepot":"899","prefixeOrganeExamen":"CION_FIN","numeroRect":"0"},"examenRef":"EXANR5L15PO59048B3074P0D1","texteLegislatifRef":"PRJLANR5L15B3074","triAmendement":"kkaaaaaaaaaaaaaaaaaaaaaaaaaaaaaaaaaaaaaaaaaaaaaaaaacbzzyaas","cardinaliteAmdtMultiples":"1","amendementParentRef":{},"signataires":{"auteur":{"typeAuteur":"D\u00e9put\u00e9","gouvernementRef":{},"acteurRef":"PA609726","groupePolitiqueRef":"PO730934","auteurRapporteurOrganeRef":{}},"cosignataires":{"acteurRef":["PA2377","PA709315","PA267429","PA346218","PA330909","PA267735","PA608016","PA718850","PA1874","PA267260","PA643134","PA721506","PA721286","PA718838","PA267378","PA722390","PA266797","PA346054","PA718780"]},"suffixe":{},"libelle":" M.\u0026#160;Aubert,  M.\u0026#160;Perrut, M.\u0026#160;Viala, M.\u0026#160;Cinieri, M.\u0026#160;Masson, M.\u0026#160;Descoeur, M.\u0026#160;de Ganay, Mme\u0026#160;Louwagie, M.\u0026#160;Cordier, M.\u0026#160;Le Fur, Mme\u0026#160;Poletti, Mme\u0026#160;Valentin, Mme\u0026#160;Kuster, M.\u0026#160;Ramadier, M.\u0026#160;Brun, Mme\u0026#160;Levy, Mme\u0026#160;Corneloup, M.\u0026#160;Gosselin, M.\u0026#160;Emmanuel\u0026#160;Maquet et Mme\u0026#160;Trastour-Isnart"},"pointeurFragmentTexte":{"partieAmendableRef":{},"division":{"titre":"Article 18","articleDesignationCourte":"APR\u00c8S ART. 18","articleDesignation":"APR\u00c8S L\u0027ARTICLE 18, ins\u00e9rer l\u0027article suivant:","type":"ARTICLE","avant_A_Apres":"Apr\u00e8s","divisionRattachee":{},"articleAdditionnel":"true","chapitreAdditionnel":"false","urlDivisionTexteVise":"\/15\/textes\/3074.asp#D_Article_18"},"amendementStandard":{"alinea":{}}},"corps":{"cartoucheInformatif":{},"contenuAuteur":{"dispositif":"\u003Cp style=\u0022text-align: justify;\u0022\u003ELe Gouvernement remet au Parlement, un mois apr\u0026#232;s la publication de la pr\u0026#233;sente loi, un rapport sur les conditions, les obstacles et les solutions \u0026#224; la mise en place d\u0027un \u0026#233;tat de catastrophe sanitaire, calqu\u0026#233; sur l\u0027\u0026#233;tat de catastrophe naturelle, accompagn\u0026#233; d\u0027un m\u0026#233;canisme de garantie des pertes d\u0026#8217;exploitation des entreprises qui permettrait l\u0027indemnisation des pertes d\u0027exploitation des entreprises pour la crise sanitaire actuelle.\u003C\/p\u003E","avantAppel":{},"exposeSommaire":"\u003Cp style=\u0022text-align: justify;\u0022\u003EDe nombreux entrepreneurs, artisans, commer\u0026#231;ants et professions lib\u0026#233;rales ont fait part de leur d\u0026#233;tresse du fait de l\u0027absence d\u0027indemnisation par leurs assurances de leurs pertes d\u0027exploitations engendr\u0026#233;es par la crise sanitaire actuelle. En effet, bien qu\u0027une entreprise sur deux soit assur\u0026#233;e contre les pertes d\u0027exploitation les assureurs ont jusqu\u0027ici majoritairement refus\u0026#233; de faire droit aux demandes d\u0027indemnisation qui ont \u0026#233;t\u0026#233; d\u0026#233;pos\u0026#233;es, avan\u0026#231;ant notamment le co\u0026#251;t exorbitant qu\u0027aurait pour le secteur des assurances une telle prise en charge.\u003C\/p\u003E\u003Cp\u003ELes soci\u0026#233;t\u0026#233;s d\u0026#8217;assurance ont pour l\u0026#8217;instant d\u0026#233;bours\u0026#233; 1,75 milliard d\u0026#8217;euros, et promis un autre milliard et demi d\u0026#8217;investissements, tandis que de longs proc\u0026#232;s ont \u0026#233;t\u0026#233; engag\u0026#233;s \u0026#224; l\u0027initiative de certains de leurs clients, r\u0026#233;clamant une indemnisation.\u003C\/p\u003E\u003Cp\u003EIl est n\u0026#233;cessaire que les assureurs prennent leurs responsabilit\u0026#233;s, et compte tenu des enjeux, l\u0027\u0026#201;tat doit les y aider. Cet amendement propose ainsi la remise d\u0027un rapport au Parlement sur les conditions, les obstacles et les solutions \u0026#224; la mise en place d\u0027un \u0026#233;tat de catastrophe sanitaire, calqu\u0026#233; sur l\u0027\u0026#233;tat de catastrophe naturelle, accompagn\u0026#233; d\u0027un m\u0026#233;canisme de garantie des pertes d\u0026#8217;exploitation des entreprises qui permettrait l\u0027indemnisation des pertes d\u0027exploitation des entreprises pour la crise sanitaire actuelle. Ce rapport doit permettre d\u0027identifier une solution avec les assureurs pour indemniser le pr\u0026#233;judice subi par les entreprises.\u003C\/p\u003E","annexeExposeSommaire":{}}},"cycleDeVie":{"dateDepot":"2020-06-19","datePublication":"2020-06-25","soumisArticle40":"false","etatDesTraitements":{"etat":{"code":"DI","libelle":"Discut\u00e9"},"sousEtat":{"code":"DI","libelle":"Rejet\u00e9"}},"dateSort":"2020-06-25T10:05:21+02:00","sort":"Rejet\u00e9"},"representations":{"representation":{"nom":"PDF","typeMime":{"type":"application","subType":"PDF"},"statutRepresentation":{"verbatim":"true","canonique":"true","officielle":"true","transcription":"false","enregistrement":"false"},"repSource":{},"offset":{},"contenu":{"documentURI":"\/base\/AMANR5L15PO59048B3074P0D1N000899?format=pdf"},"dateDispoRepresentation":{}}},"seanceDiscussionRef":{},"article99":"false","loiReference":{"codeLoi":"zz rapport","divisionCodeLoi":{}},"discussionCommune":{},"discussionIdentique":{},"accordGouvernementDepotHorsDelai":"Sans objet"}