{"uid":"AMANR5L15PO59048B4482P2D1N000331","chronotag":"1635451269843","legislature":"15","identification":{"numeroLong":"II-CF331","numeroOrdreDepot":"331","prefixeOrganeExamen":"CION_FIN","numeroRect":"0"},"examenRef":"EXANR5L15PO59048B4482P2D1","texteLegislatifRef":"PRJLANR5L15B4482","triAmendement":"goaaaaaaaaaaaaaaaaaaaaaaaaaaaaaaaaaaaaaaaaaaaaaaaaanuri","cardinaliteAmdtMultiples":"1","amendementParentRef":{},"signataires":{"auteur":{"typeAuteur":"D\u00e9put\u00e9","gouvernementRef":{},"acteurRef":"PA405480","groupePolitiqueRef":"PO774834","auteurRapporteurOrganeRef":{}},"cosignataires":{},"suffixe":{},"libelle":" M.\u0026#160;Pupponi"},"pointeurFragmentTexte":{"partieAmendableRef":{},"division":{"titre":"Article 29","articleDesignationCourte":"AVANT ART. 29","articleDesignation":"AVANT L\u0027ARTICLE 29, ins\u00e9rer l\u0027article suivant:","type":"ARTICLE","avant_A_Apres":"Avant","divisionRattachee":{},"articleAdditionnel":"true","chapitreAdditionnel":"false","urlDivisionTexteVise":"\/15\/textes\/4482C.asp#D_Article_29"},"amendementStandard":{"alinea":{}}},"corps":{"cartoucheInformatif":{},"contenuAuteur":{"dispositif":"\u003Cp style=\u0022text-align: justify;\u0022\u003EI.\u0026#160;\u0026#8211;\u0026#160;Au premier alin\u0026#233;a du 1\u0026#176;\u0026#160;du I de l\u0026#8217;article\u0026#160;244 \u003Ci\u003Equater\u003C\/i\u003E E du code g\u0026#233;n\u0026#233;ral des imp\u0026#244;ts, l\u0026#8217;ann\u0026#233;e\u0026#160;: \u0026#171;\u0026#160;2023\u0026#160;\u0026#187; est remplac\u0026#233;e par l\u0026#8217;ann\u0026#233;e\u0026#160;: \u0026#171;\u0026#160;2025\u0026#160;\u0026#187;.\u003C\/p\u003E\u003Cp style=\u0022text-align: justify;\u0022\u003EII.\u0026#160;\u0026#8211;\u0026#160;La perte de recettes pour l\u0026#8217;\u0026#201;tat est compens\u0026#233;e \u0026#224; due concurrence par la cr\u0026#233;ation d\u0026#8217;une taxe additionnelle aux droits mentionn\u0026#233;s aux articles 575 et 575 A du code g\u0026#233;n\u0026#233;ral des imp\u0026#244;ts.\u0026#160;\u003C\/p\u003E","avantAppel":{},"exposeSommaire":"\u003Cp style=\u0022text-align: justify;\u0022\u003ECet amendement vise \u0026#224; proroger le dispositif fiscal du Cr\u0026#233;dit d\u0026#8217;Imp\u0026#244;t Corse jusqu\u0026#8217;au 31 d\u0026#233;cembre 2025.\u003C\/p\u003E\u003Cp\u003ELe Cr\u0026#233;dit d\u0026#8217;Imp\u0026#244;t pour l\u0026#8217;Investissement est d\u0026#233;termin\u0026#233; en appliquant au prix de revient de l\u0026#8217;investissement y ouvrant droit, diminu\u0026#233; le cas \u0026#233;ch\u0026#233;ant des subventions publiques accord\u0026#233;es pour sa r\u0026#233;alisation, un taux de 20\u0026#160;%. Ce taux est port\u0026#233; \u0026#224; 30\u0026#160;% pour les entreprises employant moins de onze salari\u0026#233;s et dont le chiffre d\u0026#8217;affaires annuel (ou le total du bilan annuel) n\u0026#8217;exc\u0026#232;de pas deux millions d\u0026#8217;euros.\u003C\/p\u003E\u003Cp\u003ELe Cr\u0026#233;dit d\u0026#8217;Imp\u0026#244;t pour l\u0026#8217;Investissement r\u0026#233;sulte d\u0026#8217;une r\u0026#232;glementation nationale mais constitue aussi un r\u0026#233;gime notifi\u0026#233; par la France aupr\u0026#232;s des autorit\u0026#233;s communautaires, sous couvert des Aides d\u0026#8217;\u0026#201;tat \u0026#224; Finalit\u0026#233; R\u0026#233;gionale. En effet, le b\u0026#233;n\u0026#233;fice du cr\u0026#233;dit d\u0026#8217;imp\u0026#244;t est subordonn\u0026#233; au respect de l\u0026#8217;article\u0026#160;14 du R\u0026#232;glement (UE) n\u0026#176;\u0026#160;651\/2014 de la Commission du 17 juin 2014 d\u0026#233;clarant certaines cat\u0026#233;gories d\u0026#8217;aides compatibles avec le march\u0026#233; int\u0026#233;rieur en application des articles 107 et 108 du trait\u0026#233;. Les modalit\u0026#233;s d\u0026#8217;utilisation du cr\u0026#233;dit d\u0026#8217;imp\u0026#244;t sont pr\u0026#233;vues \u0026#224; l\u0026#8217;article\u0026#160;199 ter D du Code G\u0026#233;n\u0026#233;ral des Imp\u0026#244;ts. Ces dispositions sont \u0026#233;galement applicables aux redevables de l\u0026#8217;imp\u0026#244;t sur les soci\u0026#233;t\u0026#233;s en application de l\u0026#8217;article\u0026#160;220 D du m\u0026#234;me Code.\u003C\/p\u003E\u003Cp\u003EIl est en principe utilis\u0026#233; en paiement de l\u0026#8217;imp\u0026#244;t d\u0026#251; par le redevable qui en est titulaire. L\u0026#8217;imputation est op\u0026#233;r\u0026#233;e au titre de l\u0026#8217;ann\u0026#233;e ou de l\u0026#8217;exercice en cours lors de la r\u0026#233;alisation des investissements qui y ont ouvert droit et, le cas \u0026#233;ch\u0026#233;ant, des ann\u0026#233;es ou exercices suivants, jusqu\u0026#8217;au neuvi\u0026#232;me inclus.\u003C\/p\u003E\u003Cp\u003EMais, par exception, le cr\u0026#233;dit d\u0026#8217;imp\u0026#244;t non imput\u0026#233; est rembours\u0026#233;\u0026#160;:\u003C\/p\u003E\u003Cp\u003E- soit \u0026#224; l\u0026#8217;expiration de la p\u0026#233;riode d\u0026#8217;imputation, dans la double limite de 50\u0026#160;% du cr\u0026#233;dit d\u0026#8217;imp\u0026#244;t et 300 000\u0026#160;euros,\u003C\/p\u003E\u003Cp\u003E- soit, sur demande du contribuable, \u0026#224; partir de la cinqui\u0026#232;me ann\u0026#233;e dans la limite de 35\u0026#160;% du cr\u0026#233;dit d\u0026#8217;imp\u0026#244;t et 300 000\u0026#160;euros,\u003C\/p\u003E\u003Cp\u003E- soit, sur demande du contribuable, imm\u0026#233;diatement lorsque la cr\u0026#233;ance est constat\u0026#233;e par les entreprises.\u003C\/p\u003E\u003Cp\u003EEn cette p\u0026#233;riode de crise \u0026#233;conomique, une prorogation dans le temps de ce dispositif fiscal aura un double effet vertueux\u0026#160;: d\u0026#8217;une part, venir en aide \u0026#224; un tissu \u0026#233;conomique en souffrance et accabl\u0026#233; par d\u0026#8217;importants investissements r\u0026#233;cents, r\u0026#233;alis\u0026#233;s afin de maintenir un niveau \u0026#233;lev\u0026#233; de comp\u0026#233;titivit\u0026#233; et \u0026#224; qui il faut assurer des liquidit\u0026#233;s sans recours \u0026#224; un endettement suppl\u0026#233;mentaire et, d\u0026#8217;autre part, s\u0026#233;curiser le montant de l\u0026#8217;investissement pour les investissements en cours. Si le prolongement de ce dispositif est pr\u0026#233;vu par le PLFR jusqu\u0026#8217;au 31 d\u0026#233;cembre 2023, la date du 31 d\u0026#233;cembre 2025 semble plus adapt\u0026#233;e aux besoins de l\u0026#8217;\u0026#233;conomie insulaire.\u003C\/p\u003E","annexeExposeSommaire":{}}},"cycleDeVie":{"dateDepot":"2021-10-14","datePublication":"2021-10-28","soumisArticle40":"false","etatDesTraitements":{"etat":{"code":"RT","libelle":"Retir\u00e9"},"sousEtat":{"code":"RT","libelle":"Retir\u00e9 apr\u00e8s publication"}},"dateSort":{},"sort":{}},"representations":{"representation":{"nom":"PDF","typeMime":{"type":"application","subType":"PDF"},"statutRepresentation":{"verbatim":"true","canonique":"true","officielle":"true","transcription":"false","enregistrement":"false"},"repSource":{},"offset":{},"contenu":{"documentURI":"\/base\/AMANR5L15PO59048B4482P2D1N000331?format=pdf"},"dateDispoRepresentation":{}}},"seanceDiscussionRef":{},"article99":"false","loiReference":{"codeLoi":"CGI","divisionCodeLoi":"244 quater E"},"discussionCommune":{},"discussionIdentique":{},"accordGouvernementDepotHorsDelai":"Sans objet"}