{"uid":"AMANR5L15PO59048B4523P0D1N000002","chronotag":"1634114979104","legislature":"15","identification":{"numeroLong":"CF2","numeroOrdreDepot":"2","prefixeOrganeExamen":"CION_FIN","numeroRect":"0"},"examenRef":"EXANR5L15PO59048B4523P0D1","texteLegislatifRef":"PRJLANR5L15B4523","triAmendement":"jpaaaaaaaaaaaaaaaaaaaaaaaaaaaaaaaaaaaaaaaaaaaaaaaab","cardinaliteAmdtMultiples":"1","amendementParentRef":{},"signataires":{"auteur":{"typeAuteur":"D\u00e9put\u00e9","gouvernementRef":{},"acteurRef":"PA608016","groupePolitiqueRef":"PO730934","auteurRapporteurOrganeRef":{}},"cosignataires":{"acteurRef":["PA2492","PA267429","PA718850","PA720644","PA267204","PA720386","PA721506","PA719272","PA719318","PA718884","PA721576","PA720210","PA718780","PA721678","PA267260","PA1012","PA720586","PA608416","PA718838","PA267901","PA722390","PA267318","PA721410","PA336316"]},"suffixe":{},"libelle":" Mme\u0026#160;Louwagie,  M.\u0026#160;Quentin, M.\u0026#160;Cinieri, M.\u0026#160;Cordier, M.\u0026#160;Nury, M.\u0026#160;Sermier, M.\u0026#160;Di Filippo, Mme\u0026#160;Kuster, Mme\u0026#160;Meunier, Mme\u0026#160;Anthoine, Mme\u0026#160;Bazin-Malgras, Mme\u0026#160;Bouchet Bellecourt, Mme\u0026#160;Beauvais, Mme\u0026#160;Trastour-Isnart, M.\u0026#160;Reda, Mme\u0026#160;Poletti, M.\u0026#160;de la Verpilli\u0026#232;re, M.\u0026#160;Vatin, M.\u0026#160;Hetzel, M.\u0026#160;Brun, M.\u0026#160;Kamardine, Mme\u0026#160;Corneloup, M.\u0026#160;Grelier, Mme\u0026#160;Bonnivard et M.\u0026#160;Jean-Claude\u0026#160;Bouchet"},"pointeurFragmentTexte":{"partieAmendableRef":{},"division":{"titre":"Article 45","articleDesignationCourte":"APR\u00c8S ART. 45","articleDesignation":"APR\u00c8S L\u0027ARTICLE 45, ins\u00e9rer l\u0027article suivant:","type":"ARTICLE","avant_A_Apres":"Apr\u00e8s","divisionRattachee":{},"articleAdditionnel":"true","chapitreAdditionnel":"false","urlDivisionTexteVise":"\/15\/textes\/4523.asp#D_Article_45"},"amendementStandard":{"alinea":{}}},"corps":{"cartoucheInformatif":{},"contenuAuteur":{"dispositif":"\u003Cp style=\u0022text-align: justify;\u0022\u003EAu dernier alin\u0026#233;a de l\u0026#8217;article L. 160-1 du code de la s\u0026#233;curit\u0026#233; sociale, apr\u0026#232;s les mots\u0026#160;: \u0026#171;\u0026#160;qui r\u0026#233;sident en France\u0026#160;\u0026#187; sont ins\u0026#233;r\u0026#233;s les mots\u0026#160;: \u0026#171;\u0026#160;depuis au moins six mois\u0026#160;\u0026#187;.\u003C\/p\u003E\u003Cp\u003E\u0026#160;\u003C\/p\u003E","avantAppel":{},"exposeSommaire":"\u003Cp style=\u0022text-align: justify;\u0022\u003ECet amendement vise \u0026#224; resserrer les conditions dans lesquelles un \u0026#233;tranger en situation irr\u0026#233;guli\u0026#232;re peut b\u0026#233;n\u0026#233;ficier d\u0026#8217;une prolongation du b\u0026#233;n\u0026#233;fice de la protection universelle maladie (et le cas \u0026#233;ch\u0026#233;ant \u0026#224; la compl\u0026#233;mentaire sant\u0026#233; solidaire) lorsqu\u0026#8217;il ne respecte plus les conditions permettant, en principe, d\u0026#8217;y \u0026#234;tre affili\u0026#233;.\u003C\/p\u003E\u003Cp\u003EL\u0026#8217;article 160-1 du code de la s\u0026#233;curit\u0026#233; sociale constitue le fondement de l\u0026#8217;article R. 111-4 du m\u0026#234;me code permettant \u0026#224; des \u0026#233;trangers ayant pr\u0026#233;c\u0026#233;demment b\u0026#233;n\u0026#233;fici\u0026#233; d\u0026#8217;une affiliation r\u0026#233;guli\u0026#232;re la PUMA, et le cas \u0026#233;ch\u0026#233;ant \u0026#224; la compl\u0026#233;mentaire sant\u0026#233; solidaire, de continuer \u0026#224; b\u0026#233;n\u0026#233;ficier de ces droits pendant une certaine dur\u0026#233;e suivant l\u0026#8217;expiration du document autorisant leur s\u0026#233;jour sur le territoire fran\u0026#231;ais.\u003C\/p\u003E\u003Cp\u003ECet amendement vise \u0026#224; subordonner le b\u0026#233;n\u0026#233;fice de ce maintien des droits \u0026#224; une dur\u0026#233;e ant\u0026#233;rieure de r\u0026#233;sidence d\u0026#8217;au moins six mois sur le territoire. \u0026#192; l\u0026#8217;heure actuelle, le b\u0026#233;n\u0026#233;fice du maintien de droit est subordonn\u0026#233; \u0026#224; une simple affiliation ant\u0026#233;rieure \u0026#224; la PUMA qui repose elle-m\u0026#234;me sur l\u0026#8217;exercice d\u0026#8217;une activit\u0026#233; professionnelle ou d\u0026#8217;une r\u0026#233;sidence stable et r\u0026#233;guli\u0026#232;re en France de mani\u0026#232;re ininterrompue depuis plus de trois mois. Ainsi, dans le droit actuel, un \u0026#233;tranger ayant, par exemple, re\u0026#231;u un unique titre de s\u0026#233;jour d\u0026#8217;une dur\u0026#233;e de quatre mois et dont il ne sollicite pas le renouvellement (ou dont le renouvellement lui a \u0026#233;t\u0026#233; refus\u0026#233;) peut b\u0026#233;n\u0026#233;ficier d\u0026#8217;une extension de sa couverture PUMA pendant six mois. Cela n\u0026#8217;est pas acceptable. Une dur\u0026#233;e minimale de pr\u0026#233;sence r\u0026#233;guli\u0026#232;re sur le territoire d\u0026#8217;au moins six mois doit \u0026#234;tre exig\u0026#233;e pour b\u0026#233;n\u0026#233;ficier d\u0026#8217;une prolongation de droit de six mois.\u003C\/p\u003E","annexeExposeSommaire":{}}},"cycleDeVie":{"dateDepot":"2021-10-08","datePublication":"2021-10-12","soumisArticle40":"false","etatDesTraitements":{"etat":{"code":"DI","libelle":"Discut\u00e9"},"sousEtat":{"code":"DI","libelle":"Rejet\u00e9"}},"dateSort":"2021-10-13T10:49:36+02:00","sort":"Rejet\u00e9"},"representations":{"representation":{"nom":"PDF","typeMime":{"type":"application","subType":"PDF"},"statutRepresentation":{"verbatim":"true","canonique":"true","officielle":"true","transcription":"false","enregistrement":"false"},"repSource":{},"offset":{},"contenu":{"documentURI":"\/base\/AMANR5L15PO59048B4523P0D1N000002?format=pdf"},"dateDispoRepresentation":{}}},"seanceDiscussionRef":{},"article99":"false","loiReference":{"codeLoi":"c s\u00e9curit\u00e9 sociale","divisionCodeLoi":"160-1"},"discussionCommune":{},"discussionIdentique":{},"accordGouvernementDepotHorsDelai":"Sans objet"}