{"uid":"AMANR5L15PO59051B0911P0D1N000665","chronotag":"1601460342350","legislature":"15","identification":{"numeroLong":"CL665","numeroOrdreDepot":"665","prefixeOrganeExamen":"CION_LOIS","numeroRect":"0"},"examenRef":"EXANR5L15PO59051B0911P0D1","texteLegislatifRef":"PRJLANR5L15B0911","triAmendement":"aoaaaaaaaaaaaaaaaaaaaaaaaaaaaaaaaaaaaaaaaaaaaaaaaawbzvi","cardinaliteAmdtMultiples":"1","amendementParentRef":{},"signataires":{"auteur":{"typeAuteur":"D\u00e9put\u00e9","gouvernementRef":{},"acteurRef":"PA720092","groupePolitiqueRef":"PO774834","auteurRapporteurOrganeRef":{}},"cosignataires":{},"suffixe":{},"libelle":" M.\u0026#160;Ramos"},"pointeurFragmentTexte":{"partieAmendableRef":{},"division":{"titre":"Article 2","articleDesignationCourte":"ART. 2","articleDesignation":"ARTICLE 2","type":"ARTICLE","avant_A_Apres":"A","divisionRattachee":{},"articleAdditionnel":"false","chapitreAdditionnel":"false","urlDivisionTexteVise":"\/15\/textes\/0911.asp#D_Article_2"},"amendementStandard":{"alinea":{"avant_A_Apres":"Apres","numero":"1","alineaDesignation":"Apr\u00e8s l\u0027alin\u00e9a 1"}}},"corps":{"cartoucheInformatif":{},"contenuAuteur":{"dispositif":"\u003Cp style=\u0022text-align: justify;\u0022\u003EI.\u0026#160;\u0026#8211;\u0026#160;Compl\u0026#233;ter cet article par les deux alin\u0026#233;as suivants\u0026#160;:\u003C\/p\u003E\u003Cp style=\u0022text-align: justify;\u0022\u003E\u0026#171;\u0026#160;2\u0026#176;\u0026#160;Apr\u0026#232;s le dix-septi\u0026#232;me alin\u0026#233;a, il est ins\u0026#233;r\u0026#233; un alin\u0026#233;a ainsi r\u0026#233;dig\u0026#233;\u0026#160;:\u003C\/p\u003E\u003Cp style=\u0022text-align: justify;\u0022\u003E\u0026#171;\u0026#160;\u0026#171;\u0026#160;La loi d\u0026#233;termine les mesures propres \u0026#224; assurer que l\u0026#8217;exercice du droit de propri\u0026#233;t\u0026#233; et de la libert\u0026#233; d\u0026#8217;entreprendre respecte l\u0026#8217;int\u0026#233;r\u0026#234;t g\u0026#233;n\u0026#233;ral. Elle d\u0026#233;termine les conditions dans lesquelles les exigences constitutionnelles ou d\u0026#8217;int\u0026#233;r\u0026#234;t g\u0026#233;n\u0026#233;ral justifient des limitations \u0026#224; la libert\u0026#233; d\u0026#8217;entreprendre et au droit de propri\u0026#233;t\u0026#233;.\u0026#160;\u0026#187;\u0026#160;\u0026#187;\u003C\/p\u003E\u003Cp style=\u0022text-align: justify;\u0022\u003EII.\u0026#160;\u0026#8211;\u0026#160;En cons\u0026#233;quence, avant l\u0026#8217;alin\u0026#233;a\u0026#160;1, ins\u0026#233;rer l\u0026#8217;alin\u0026#233;a suivant\u0026#160;:\u003C\/p\u003E\u003Cp style=\u0022text-align: justify;\u0022\u003E\u0026#171;\u0026#160;L\u0026#8217;article\u0026#160;34 de la Constitution est ainsi modifi\u0026#233;\u0026#160;:\u0026#160;\u0026#187;\u003C\/p\u003E\u003Cp style=\u0022text-align: justify;\u0022\u003EIII.\u0026#160;\u0026#8211;\u0026#160;En cons\u0026#233;quence, r\u0026#233;diger ainsi le d\u0026#233;but de l\u0026#8217;alin\u0026#233;a\u0026#160;1\u0026#160;:\u003C\/p\u003E\u003Cp style=\u0022text-align: justify;\u0022\u003E\u0026#171;\u0026#160;1\u0026#176;\u0026#160;Au quinzi\u0026#232;me alin\u0026#233;a, apr\u0026#232;s... (le reste sans changement).\u0026#160;\u0026#187;\u003C\/p\u003E\u003Cp style=\u0022text-align: justify;\u0022\u003E\u0026#160;\u003C\/p\u003E","avantAppel":{},"exposeSommaire":"\u003Cp\u003ELe Parlement est \u0026#224; la hauteur des d\u0026#233;fis du temps, lorsqu\u0026#8217;il l\u0026#233;gif\u0026#232;re pour lutter contre la fraude fiscale, l\u0027esclavage moderne, les \u0026#233;cocides ou l\u0026#8217;accaparement des terres. Pourtant, plusieurs lois, poursuivant ces fins, ont en commun d\u0026#8217;avoir \u0026#233;t\u0026#233; censur\u0026#233;es par le Conseil Constitutionnel.\u003C\/p\u003E\u003Cp\u003ECe fut le cas par exemple de la loi imposant aux soci\u0026#233;t\u0026#233;s holding un reporting public pour lutter contre l\u0026#8217;\u0026#233;vasion fiscale ou encore de celle visant \u0026#224; garantir la protection et le partage du sol face \u0026#224; la sp\u0026#233;culation fonci\u0026#232;re.\u003C\/p\u003E\u003Cp\u003ECes censures, parmi d\u0027autres, ont \u0026#233;t\u0026#233; d\u0026#233;cid\u0026#233;es au nom du droit de propri\u0026#233;t\u0026#233; et de la libert\u0026#233; d\u0026#8217;entreprendre, d\u0026#233;duits par le Conseil Constitutionnel de la D\u0026#233;claration des Droits de l\u0026#8217;Homme et du Citoyen. Au 18\u0026#232;me si\u0026#232;cle, ces principes ouvraient aux nouveaux citoyens la possibilit\u0026#233; de s\u0027affranchir de toute forme de despotisme.\u003C\/p\u003E","annexeExposeSommaire":{}}},"cycleDeVie":{"dateDepot":"2018-06-22","datePublication":"2018-06-25","soumisArticle40":"false","etatDesTraitements":{"etat":{"code":"DI","libelle":"Discut\u00e9"},"sousEtat":{"code":"DI","libelle":"Tomb\u00e9"}},"dateSort":"2018-06-28T23:05:51+02:00","sort":"Tomb\u00e9"},"representations":{"representation":{"nom":"PDF","typeMime":{"type":"application","subType":"PDF"},"statutRepresentation":{"verbatim":"true","canonique":"true","officielle":"true","transcription":"false","enregistrement":"false"},"repSource":{},"offset":{},"contenu":{"documentURI":"\/base\/AMANR5L15PO59051B0911P0D1N000665?format=pdf"},"dateDispoRepresentation":{}}},"seanceDiscussionRef":{},"article99":"false","loiReference":{"codeLoi":"17-5","divisionCodeLoi":"3"},"discussionCommune":{"idDiscussion":"3019","typePosition":"Dernier"},"discussionIdentique":{},"accordGouvernementDepotHorsDelai":"Sans objet"}