{"uid":"AMANR5L15PO59051B2078P0D1N000006","chronotag":"1601465100352","legislature":"15","identification":{"numeroLong":"CL6","numeroOrdreDepot":"6","prefixeOrganeExamen":"CION_LOIS","numeroRect":"0"},"examenRef":"EXANR5L15PO59051B2078P0D1","texteLegislatifRef":"PIONANR5L15B2078","triAmendement":"kcaaaaaaaaaaaaaaaaaaaaaaaaaaaaaaaaaaaaaaaaaaaaaaaad","cardinaliteAmdtMultiples":"1","amendementParentRef":{},"signataires":{"auteur":{"typeAuteur":"D\u00e9put\u00e9","gouvernementRef":{},"acteurRef":"PA722312","groupePolitiqueRef":"PO730964","auteurRapporteurOrganeRef":{}},"cosignataires":{"acteurRef":["PA720814","PA718876","PA720806","PA722170","PA721808","PA720146","PA719512"]},"suffixe":{},"libelle":" Mme\u0026#160;Bessot Ballot,  M.\u0026#160;Cazenove, M.\u0026#160;Besson-Moreau, Mme\u0026#160;Gayte, Mme\u0026#160;Beaudouin-Hubiere, Mme\u0026#160;Crouzet, M.\u0026#160;Mass\u0026#233;glia et Mme\u0026#160;Vignon"},"pointeurFragmentTexte":{"partieAmendableRef":{},"division":{"titre":"Article 5 bis A","articleDesignationCourte":"APR\u00c8S ART. 5 BIS A","articleDesignation":"APR\u00c8S L\u0027ARTICLE 5 BIS A, ins\u00e9rer l\u0027article suivant:","type":"ARTICLE","avant_A_Apres":"Apr\u00e8s","divisionRattachee":{},"articleAdditionnel":"true","chapitreAdditionnel":"false","urlDivisionTexteVise":"\/15\/textes\/2078.asp#D_Article_5_bis_A"},"amendementStandard":{"alinea":{}}},"corps":{"cartoucheInformatif":{},"contenuAuteur":{"dispositif":"\u003Cp style=\u0022text-align: justify;\u0022\u003ELe titre\u0026#160;I\u003Csup\u003Eer\u003C\/sup\u003E du livre\u0026#160;I\u003Csup\u003Eer\u003C\/sup\u003E du code \u0026#233;lectoral est ainsi modifi\u0026#233;\u0026#160;:\u003C\/p\u003E\u003Cp style=\u0022text-align: justify;\u0022\u003E1\u0026#176;\u0026#160;Apr\u0026#232;s l\u0026#8217;article L.\u0026#160;52\u0026#8209;13, il est ins\u0026#233;r\u0026#233; un article L.\u0026#160;52\u0026#8209;13\u0026#8209;1 ainsi r\u0026#233;dig\u0026#233;\u0026#160;:\u003C\/p\u003E\u003Cp style=\u0022text-align: justify;\u0022\u003E\u0026#171;\u0026#160;\u003Ci\u003EArt.\u0026#160;L.\u0026#160;52\u0026#8209;13\u0026#8209;1\u003C\/i\u003E.\u0026#160;\u0026#8211;\u0026#160;Pour toute campagne \u0026#233;lectorale, l\u0026#8217;affichage de l\u0026#8217;affiche du candidat est autoris\u0026#233; dans la limite d\u0026#8217;une affiche par panneau d\u0026#8217;affichage officiel.\u003C\/p\u003E\u003Cp style=\u0022text-align: justify;\u0022\u003E\u0026#171;\u0026#160;Pour toute affiche officielle affich\u0026#233;e en dehors des panneaux pr\u0026#233;vus \u0026#224; cet effet, les personnes en charge de la diffusion de l\u0026#8217;affiche sont sanctionn\u0026#233;es dans les conditions pr\u0026#233;vues par l\u0026#8217;article L.\u0026#160;112 du pr\u0026#233;sent code.\u0026#160;\u0026#187;\u0026#160;;\u003C\/p\u003E\u003Cp style=\u0022text-align: justify;\u0022\u003E2\u0026#176;\u0026#160;Apr\u0026#232;s l\u0026#8217;article L117\u0026#8209;1, il est ins\u0026#233;r\u0026#233; un article L.\u0026#160;117\u0026#8209;1\u0026#8209;1 ainsi r\u0026#233;dig\u0026#233;\u0026#160;:\u003C\/p\u003E\u003Cp style=\u0022text-align: justify;\u0022\u003E\u0026#171;\u0026#160;\u003Ci\u003EArt.\u0026#160;L.\u0026#160;117\u0026#8209;1\u0026#8209;1\u003C\/i\u003E.\u0026#160;\u0026#8211;\u0026#160;Les personnes coupables de l\u0026#8217;infraction mentionn\u0026#233;e \u0026#224; l\u0026#8217;article L.\u0026#160;52\u0026#8209;13\u0026#8209;1 sont sanctionn\u0026#233;es d\u0026#8217;une contravention de la premi\u0026#232;re classe.\u0026#160;\u0026#187;\u003C\/p\u003E","avantAppel":{},"exposeSommaire":"\u003Cp style=\u0022text-align: justify;\u0022\u003EDans un objectif d\u0026#8217;optimisation des d\u0026#233;penses publiques, et afin d\u0026#8217;inscrire pleinement les prochaines campagnes \u0026#233;lectorales dans le sens de la transition \u0026#233;cologique, cet amendement vise \u0026#224; limiter l\u0026#8217;impression en surabondance d\u0026#8217;affiches \u0026#233;lectorales, souvent on\u0026#233;reux et dont l\u0026#8217;impact environnemental s\u0026#8217;av\u0026#232;re particuli\u0026#232;rement n\u0026#233;gatif.\u003C\/p\u003E\u003Cp\u003ELe pr\u0026#233;sent amendement pr\u0026#233;voit en outre une sanction \u0026#224; cette interdiction, par le biais d\u0026#8217;une contravention forfaitaire par affiche pour le candidat ou le parti ayant d\u0026#233;pos\u0026#233; l\u0026#8217;affiche en dehors du panneau d\u0027affichage officiel.\u003C\/p\u003E","annexeExposeSommaire":{}}},"cycleDeVie":{"dateDepot":"2019-09-05","datePublication":"2019-09-13","soumisArticle40":"false","etatDesTraitements":{"etat":{"code":"RT","libelle":"Retir\u00e9"},"sousEtat":{"code":"RT","libelle":"Retir\u00e9 apr\u00e8s publication"}},"dateSort":{},"sort":{}},"representations":{"representation":{"nom":"PDF","typeMime":{"type":"application","subType":"PDF"},"statutRepresentation":{"verbatim":"true","canonique":"true","officielle":"true","transcription":"false","enregistrement":"false"},"repSource":{},"offset":{},"contenu":{"documentURI":"\/base\/AMANR5L15PO59051B2078P0D1N000006?format=pdf"},"dateDispoRepresentation":{}}},"seanceDiscussionRef":{},"article99":"false","loiReference":{"codeLoi":"c \u00e9lectoral","divisionCodeLoi":"L52-13-1"},"discussionCommune":{},"discussionIdentique":{},"accordGouvernementDepotHorsDelai":"Sans objet"}