{"uid":"AMANR5L15PO717460B2623P0D1N009219","chronotag":"1601470653797","legislature":"15","identification":{"numeroLong":"9219","numeroOrdreDepot":"9219","prefixeOrganeExamen":"AN","numeroRect":"0"},"examenRef":"EXANR5L15PO717460B2623P0D1","texteLegislatifRef":"PRJLANR5L15B2623","triAmendement":"adiaaaaaaaaaaaaaaaaaaaaaaaaaaaaaaaaaaaaaaaaaaaaaaamczy","cardinaliteAmdtMultiples":"1","amendementParentRef":{},"signataires":{"auteur":{"typeAuteur":"D\u00e9put\u00e9","gouvernementRef":{},"acteurRef":"PA588884","groupePolitiqueRef":"PO730958","auteurRapporteurOrganeRef":{}},"cosignataires":{},"suffixe":{},"libelle":" Mme\u0026#160;Autain"},"pointeurFragmentTexte":{"partieAmendableRef":{},"division":{"titre":"Article 3","articleDesignationCourte":"ART. 3","articleDesignation":"ARTICLE 3","type":"ARTICLE","avant_A_Apres":"A","divisionRattachee":{},"articleAdditionnel":"false","chapitreAdditionnel":"false","urlDivisionTexteVise":"\/15\/textes\/2623.asp#D_Article_3"},"amendementStandard":{"alinea":{"avant_A_Apres":"Apres","numero":"12","alineaDesignation":"Apr\u00e8s l\u0027alin\u00e9a 12"}}},"corps":{"cartoucheInformatif":{},"contenuAuteur":{"dispositif":"\u003Cp style=\u0022text-align: justify;\u0022\u003ECompl\u0026#233;ter cet article par l\u0026#8217;alin\u0026#233;a suivant\u0026#160;:\u003C\/p\u003E\u003Cp style=\u0022text-align: justify;\u0022\u003E\u0026#171;\u0026#160;II.\u0026#160;\u0026#8211;\u0026#160;Les mesure pr\u0026#233;cit\u0026#233;es ne seront pas applicables tant que les personnes concern\u0026#233;es par ces r\u0026#233;gimes n\u0026#8217;auront pas l\u0026#8217;assurance, par une hausse de leur r\u0026#233;mun\u0026#233;ration notamment, de pouvoir atteindre exactement le m\u0026#234;me taux de remplacement au moment de la liquidation de leur pension.\u0026#160;\u0026#187;\u003C\/p\u003E","avantAppel":{},"exposeSommaire":"\u003Cp style=\u0022text-align: justify;\u0022\u003EComme la majorit\u0026#233; des Fran\u0026#231;ais\u0026#183;es, nous nous opposons totalement \u0026#224; l\u0026#8217;ensemble de ce projet de loi et demandons le retrait de l\u0026#8217;ensemble de ses dispositions, m\u0026#234;me celles qui auraient pour fonction de limiter les d\u0026#233;gats d\u0026#8217;un texte d\u0026#233;vastateur.\u003C\/p\u003E\u003Cp style=\u0022text-align: justify;\u0022\u003ENous proposons, par ce compl\u0026#233;ment \u0026#224; l\u0026#8217;article, une r\u0026#232;gle d\u0026#8217;or dont le gouvernernement pourrait s\u0026#8217;inspirer pour la mise en place de mesures de convergence\u0026#160;: il nous promet, partout, que tr\u0026#232;s peu de personnes perdront, que cette mesure est redistributive et de solidarit\u0026#233;. Alors nous le mettons au d\u0026#233;fi\u0026#160;: si cette loi ne peut pas faire diminuer le montant des pensions de retraites, alors inscrivez le dans la loi. M\u0026#234;me, plus encore, puisque vous nous dites, notamment concernant les enseignant\u0026#183;es, que vous allez pendre des dispositions qui permettent d\u0026#8217;assurer un montant de pension correct, inscrivez dans la loi que vous n\u0026#8217;appliquerez votre mesure que lorsque les traitements des fonctionnaires auront suffisamment augment\u0026#233; pour permettre un maintien du niveau de versement des pensions.\u003C\/p\u003E","annexeExposeSommaire":{}}},"cycleDeVie":{"dateDepot":"2020-02-12","datePublication":"2020-02-18","soumisArticle40":"true","etatDesTraitements":{"etat":{"code":"RT","libelle":"Retir\u00e9"},"sousEtat":{"code":"RT","libelle":"Retir\u00e9 apr\u00e8s publication"}},"dateSort":{},"sort":{}},"representations":{"representation":{"nom":"PDF","typeMime":{"type":"application","subType":"PDF"},"statutRepresentation":{"verbatim":"true","canonique":"true","officielle":"true","transcription":"false","enregistrement":"false"},"repSource":{},"offset":{},"contenu":{"documentURI":"\/base\/AMANR5L15PO717460B2623P0D1N009219?format=pdf"},"dateDispoRepresentation":{}}},"seanceDiscussionRef":{},"article99":"false","loiReference":{},"discussionCommune":{},"discussionIdentique":{},"accordGouvernementDepotHorsDelai":"Sans objet"}