{"uid":"AMANR5L15PO717460BTA0216P0D1N000172","chronotag":"1601463856793","legislature":"15","identification":{"numeroLong":"172","numeroOrdreDepot":"172","prefixeOrganeExamen":"AN","numeroRect":"0"},"examenRef":"EXANR5L15PO717460BTA0216P0D1","texteLegislatifRef":"PRJLANR5L15BTA0216","triAmendement":"bccaaaaaaaaaaaaaaaaaaaaaaaaaaaaaaaaaaaaaaaaaaaaaaabks","cardinaliteAmdtMultiples":"1","amendementParentRef":{},"signataires":{"auteur":{"typeAuteur":"D\u00e9put\u00e9","gouvernementRef":{},"acteurRef":"PA608695","groupePolitiqueRef":"PO758835","auteurRapporteurOrganeRef":{}},"cosignataires":{"acteurRef":["PA1592","PA335054","PA340343","PA642764","PA610681","PA342415","PA508","PA267233","PA605069","PA429893","PA1008","PA1198","PA609332","PA333285","PA333818","PA332614","PA1809","PA337483","PA720988","PA335532","PA608172","PA607553","PA608011","PA609590","PA608741","PA643145","PA719930","PA340357"]},"suffixe":"et les membres du groupe Socialistes et apparent\u00e9s","libelle":" Mme\u0026#160;Untermaier,  M.\u0026#160;David\u0026#160;Habib, Mme\u0026#160;Karamanli, M.\u0026#160;Saulignac, M.\u0026#160;Aviragnet, Mme\u0026#160;Bareigts, Mme\u0026#160;Battistel, Mme\u0026#160;Bi\u0026#233;mouret, M.\u0026#160;Bouillon, M.\u0026#160;Jean-Louis\u0026#160;Bricout, M.\u0026#160;Carvounas, M.\u0026#160;Alain\u0026#160;David, Mme\u0026#160;Laurence\u0026#160;Dumont, M.\u0026#160;Faure, M.\u0026#160;Garot, M.\u0026#160;Hutin, M.\u0026#160;Juanico, M.\u0026#160;J\u0026#233;r\u0026#244;me\u0026#160;Lambert, M.\u0026#160;Letchimy, Mme\u0026#160;Manin, Mme\u0026#160;Pau-Langevin, Mme\u0026#160;Pires Beaune, M.\u0026#160;Potier, M.\u0026#160;Pueyo, Mme\u0026#160;Rabault, Mme\u0026#160;Tolmont, Mme\u0026#160;Vainqueur-Christophe, M.\u0026#160;Vallaud, Mme\u0026#160;Victory et les membres du groupe Socialistes et apparent\u0026#233;s"},"pointeurFragmentTexte":{"partieAmendableRef":{},"division":{"titre":"Article 13","articleDesignationCourte":"ART. 13","articleDesignation":"ARTICLE 13","type":"ARTICLE","avant_A_Apres":"A","divisionRattachee":{},"articleAdditionnel":"false","chapitreAdditionnel":"false","urlDivisionTexteVise":"\/15\/textes\/TA0216.asp#D_Article_13"},"amendementStandard":{"alinea":{"avant_A_Apres":{},"numero":"5","alineaDesignation":"Alin\u00e9a 5"}}},"corps":{"cartoucheInformatif":{},"contenuAuteur":{"dispositif":"\u003Cp style=\u0022text-align: justify;\u0022\u003EAlin\u0026#233;a 5, deuxi\u0026#232;me et troisi\u0026#232;me phrases\u003C\/p\u003E\u003Cp style=\u0022text-align: justify;\u0022\u003ESupprimer ces phrases.\u003C\/p\u003E","avantAppel":{},"exposeSommaire":"\u003Cp\u003ECet amendement du groupe \u0026#171;\u0026#160;socialistes et apparent\u0026#233;s\u0026#160;\u0026#187; vise \u0026#224; permettre aux parties de s\u0026#8217;opposer \u0026#224; ce que la proc\u0026#233;dure d\u0026#233;mat\u0026#233;rialis\u0026#233;e se d\u0026#233;roule sans audience.\u003C\/p\u003E\u003Cp\u003EEn effet dans sa version issue de la Commission des lois de l\u0026#8217;Assembl\u0026#233;e nationale, il est pr\u0026#233;vu que \u0026#171;\u0026#160;le tribunal peut, par d\u0026#233;cision sp\u0026#233;cialement motiv\u0026#233;e, rejeter cette demande s\u0026#8217;il estime que, compte tenu des circonstances de l\u0026#8217;esp\u0026#232;ce, une audience n\u0026#8217;est pas n\u0026#233;cessaire pour garantir le d\u0026#233;roulement \u0026#233;quitable de la proc\u0026#233;dure. Le refus de tenir une audience ne peut \u0026#234;tre contest\u0026#233; ind\u0026#233;pendamment du jugement sur le fond.\u0026#160;\u0026#187;\u003C\/p\u003E\u003Cp\u003EM\u0026#234;me s\u0026#8217;il s\u0026#8217;agit de contentieux du quotidien, il est fondamental d\u0026#8217;accorder aux justiciables un droit d\u0026#8217;acc\u0026#232;s au juge. Si l\u0026#8217;on peut admettre que des proc\u0026#233;dures simples se d\u0026#233;roule de mani\u0026#232;re d\u0026#233;mat\u0026#233;rialis\u0026#233;e et sans audience, il est \u0026#224; tout le moins imp\u0026#233;ratif que les parties puissent exiger qu\u0026#8217;une audience ait lieu.\u0026#160;\u003C\/p\u003E","annexeExposeSommaire":{}}},"cycleDeVie":{"dateDepot":"2019-02-15","datePublication":"2019-02-18","soumisArticle40":"false","etatDesTraitements":{"etat":{"code":"DI","libelle":"Discut\u00e9"},"sousEtat":{"code":"DI","libelle":"Rejet\u00e9"}},"dateSort":"2019-02-18T23:27:18+01:00","sort":"Rejet\u00e9"},"representations":{"representation":{"nom":"PDF","typeMime":{"type":"application","subType":"PDF"},"statutRepresentation":{"verbatim":"true","canonique":"true","officielle":"true","transcription":"false","enregistrement":"false"},"repSource":{},"offset":{},"contenu":{"documentURI":"\/base\/AMANR5L15PO717460BTA0216P0D1N000172?format=pdf"},"dateDispoRepresentation":{}}},"seanceDiscussionRef":{},"article99":"false","loiReference":{},"discussionCommune":{},"discussionIdentique":{"idDiscussion":"15677","typePosition":"Dernier"},"accordGouvernementDepotHorsDelai":"Sans objet"}