{"uid":"AMANR5L15PO717460BTC1237P0D1N000449","chronotag":"1601461480512","legislature":"15","identification":{"numeroLong":"449","numeroOrdreDepot":"449","prefixeOrganeExamen":"AN","numeroRect":"0"},"examenRef":"EXANR5L15PO717460BTC1237P0D1","texteLegislatifRef":"PRJLANR5L15BTC1237","triAmendement":"dfaaaaaaaaaaaaaaaaaaaaaaaaaaaaaaaaaaaaaaaaaaaaaaaafai","cardinaliteAmdtMultiples":"1","amendementParentRef":{},"signataires":{"auteur":{"typeAuteur":"D\u00e9put\u00e9","gouvernementRef":{},"acteurRef":"PA608016","groupePolitiqueRef":"PO730934","auteurRapporteurOrganeRef":{}},"cosignataires":{"acteurRef":["PA642847","PA346218","PA719318","PA718884","PA332523","PA267527","PA606712","PA334149","PA721506","PA346054","PA267901","PA334654","PA336316","PA709315","PA608416","PA721816","PA330909","PA718838","PA609245","PA1012","PA2377","PA267204","PA720644","PA2492","PA721968","PA1874","PA340853","PA721678","PA721474","PA720210","PA266797","PA267260"]},"suffixe":{},"libelle":" Mme\u0026#160;Louwagie,  M.\u0026#160;Bazin, M.\u0026#160;Masson, Mme\u0026#160;Anthoine, Mme\u0026#160;Bazin-Malgras, Mme\u0026#160;Dalloz, M.\u0026#160;Saddier, M.\u0026#160;Lurton, M.\u0026#160;Fasquelle, Mme\u0026#160;Kuster, M.\u0026#160;Emmanuel\u0026#160;Maquet, M.\u0026#160;Kamardine, M.\u0026#160;Straumann, M.\u0026#160;Jean-Claude\u0026#160;Bouchet, M.\u0026#160;Viala, M.\u0026#160;Hetzel, M.\u0026#160;Boucard, M.\u0026#160;Descoeur, M.\u0026#160;Brun, Mme\u0026#160;Lacroute, M.\u0026#160;de la Verpilli\u0026#232;re, M.\u0026#160;Perrut, M.\u0026#160;Sermier, M.\u0026#160;Nury, M.\u0026#160;Quentin, M.\u0026#160;Vialay, M.\u0026#160;Le Fur, M.\u0026#160;Leclerc, M.\u0026#160;Reda, M.\u0026#160;Viry, Mme\u0026#160;Beauvais, M.\u0026#160;Gosselin et Mme\u0026#160;Poletti"},"pointeurFragmentTexte":{"partieAmendableRef":{},"division":{"titre":"Article 27","articleDesignationCourte":"APR\u00c8S ART. 27","articleDesignation":"APR\u00c8S L\u0027ARTICLE 27, ins\u00e9rer l\u0027article suivant:","type":"ARTICLE","avant_A_Apres":"Apr\u00e8s","divisionRattachee":{},"articleAdditionnel":"true","chapitreAdditionnel":"false","urlDivisionTexteVise":"\/15\/textes\/1237.asp#D_Article_27"},"amendementStandard":{"alinea":{}}},"corps":{"cartoucheInformatif":{},"contenuAuteur":{"dispositif":"\u003Cp\u003EI.\u0026#160;\u0026#8211;\u0026#160;Le III de l\u0026#8217;article\u0026#160;150\u0026#8209;0\u0026#160;A du code g\u0026#233;n\u0026#233;ral des imp\u0026#244;ts est compl\u0026#233;t\u0026#233;\u0026#160;par un 8 ainsi r\u0026#233;dig\u0026#233;\u0026#160;:\u003C\/p\u003E\u003Cp\u003E\u0026#171;\u0026#160;8.\u0026#160;Aux titres c\u0026#233;d\u0026#233;s, dont le produit de cession aura \u0026#233;t\u0026#233; int\u0026#233;gralement r\u0026#233;investi dans un plan d\u0026#8217;\u0026#233;pargne en actions destin\u0026#233; au financement des petites et moyennes entreprises et des entreprises de taille interm\u0026#233;diaire tel que d\u0026#233;fini \u0026#224; l\u0026#8217;article L.\u0026#160;221\u0026#8209;32\u0026#8209;1 du code mon\u0026#233;taire et financier, avant le 31 d\u0026#233;cembre 2018, pour le seul imp\u0026#244;t sur le revenu de 2018\u0026#160;\u0026#187;\u0026#160;;\u003C\/p\u003E\u003Cp\u003EII.\u0026#160;\u0026#8211;\u0026#160;La perte de recettes r\u0026#233;sultant pour l\u0026#8217;\u0026#201;tat est compens\u0026#233;e, \u0026#224; due concurrence, par la cr\u0026#233;ation d\u0026#8217;une taxe additionnelle aux droits pr\u0026#233;vus aux articles 575 et 575\u0026#160;A du code g\u0026#233;n\u0026#233;ral des imp\u0026#244;ts.\u003C\/p\u003E","avantAppel":{},"exposeSommaire":"\u003Cp style=\u0022text-align: justify;\u0022\u003EL\u0026#8217;objet du pr\u0026#233;sent amendement est de surmonter le paradoxe du PEA-PME lequel, apr\u0026#232;s un succ\u0026#232;s populaire avec plus de 80\u0026#160;000 plans ouverts, a connu un certain reflux, ce nombre \u0026#233;tant tomb\u0026#233; \u0026#224; 57\u0026#160;728 en d\u0026#233;cembre 2016. De m\u0026#234;me, si l\u0026#8217;encours de ces plans a bien augment\u0026#233; pour atteindre, \u0026#224; la m\u0026#234;me date, 870 millions d\u0026#8217;euros environ, cette collecte reste insuffisante. Elle ne repr\u0026#233;sente, en effet, qu\u0026#8217;une somme moyenne par plan de 15\u0026#160;000\u0026#160;euros - encore tr\u0026#232;s loin du plafond de 75\u0026#160;000\u0026#160;euros\u0026#160;!-. Pourtant, si seulement 5\u0026#160;000 PEA-PME \u0026#233;taient pleinement investis, le montant global de la collecte serait multipli\u0026#233; par deux.\u003C\/p\u003E\u003Cp style=\u0022text-align: justify;\u0022\u003EAfin de faire jouer \u0026#224; plein le dispositif dans le contexte actuel de ma\u0026#238;trise imp\u0026#233;rieuse des finances publiques, le pr\u0026#233;sent amendement propose d\u0026#8217;exon\u0026#233;rer d\u0026#8217;imp\u0026#244;t sur les plus-values, pour une dur\u0026#233;e d\u0026#233;termin\u0026#233;e, \u0026#224; savoir l\u0026#8217;ann\u0026#233;e 2018, les cessions de titres ou parts de FCP ou de SICAV (actuellement conserv\u0026#233;es \u0026#224; dur\u0026#233;e ind\u0026#233;termin\u0026#233;e pour \u0026#233;viter les impacts fiscaux ou donn\u0026#233;es dans le cadre de lib\u0026#233;ralit\u0026#233;s pour \u0026#233;viter ce m\u0026#234;me impact) d\u0026#232;s lors que les produits de cessions ainsi r\u0026#233;alis\u0026#233;es, et dans la limite d\u0026#8217;un plafond de 75\u0026#160;000\u0026#160;euros, seraient int\u0026#233;gralement r\u0026#233;investis dans un PEA PME.\u003C\/p\u003E\u003Cp style=\u0022text-align: justify;\u0022\u003ECette mesure participera activement au choc d\u0026#8217;investissement vers les PME-ETI dans la ligne de la logique fiscale du Gouvernement. Le dispositif propos\u0026#233; ne favoriserait pas l\u0026#8217;optimisation fiscale dans une vision court-termiste mais, au contraire, servirait le financement dynamique des PME\u0026#160;: le risque plut\u0026#244;t que l\u0026#8217;\u0026#233;pargne dormante et la rente. La potentialit\u0026#233; de perte de recettes fiscales pour l\u0026#8217;\u0026#201;tat qu\u0026#8217;il pourrait induire, non seulement est loin d\u0026#8217;\u0026#234;tre av\u0026#233;r\u0026#233;e, puisque hors du cadre propos\u0026#233; aucune plus-value ne sera r\u0026#233;alis\u0026#233;e, mais aussi se trouve totalement contredite par la rentr\u0026#233;e imm\u0026#233;diate de CGG\/CRDS dans les caisses de l\u0026#8217;\u0026#201;tat.\u003C\/p\u003E\u003Cp style=\u0022text-align: justify;\u0022\u003ECette solution pr\u0026#233;sente un quadruple avantage\u0026#160;:\u003C\/p\u003E\u003Cp style=\u0022text-align: justify;\u0022\u003E-\u0026#160;augmenter consid\u0026#233;rablement la collecte du PEA PME (avec toutes les retomb\u0026#233;es inh\u0026#233;rentes) dans un contexte de forte diminution des encours des fonds \u0026#233;ligibles\u0026#160;;\u003C\/p\u003E\u003Cp style=\u0022text-align: justify;\u0022\u003E-\u0026#160;donner une nouvelle visibilit\u0026#233; et un nouvel essor \u0026#224; ce dispositif, en proposant une rotation des actifs financiers (obligations souveraines, actions de grands groupes fran\u0026#231;ais ou internationaux notamment) vers les PME ETI\u0026#160;;\u003C\/p\u003E\u003Cp style=\u0022text-align: justify;\u0022\u003E-\u0026#160;renforcer l\u0026#8217;attractivit\u0026#233; de la place financi\u0026#232;re de Paris dans le contexte du Brexit\u0026#160;;\u003C\/p\u003E\u003Cp style=\u0022text-align: justify;\u0022\u003E-\u0026#160;ne pas aggraver la situation budg\u0026#233;taire.\u003C\/p\u003E","annexeExposeSommaire":{}}},"cycleDeVie":{"dateDepot":"2018-09-19","datePublication":"2018-09-25","soumisArticle40":"true","etatDesTraitements":{"etat":{"code":"DI","libelle":"Discut\u00e9"},"sousEtat":{"code":"DI","libelle":"Rejet\u00e9"}},"dateSort":"2018-09-28T22:45:17+02:00","sort":"Rejet\u00e9"},"representations":{"representation":{"nom":"PDF","typeMime":{"type":"application","subType":"PDF"},"statutRepresentation":{"verbatim":"true","canonique":"true","officielle":"true","transcription":"false","enregistrement":"false"},"repSource":{},"offset":{},"contenu":{"documentURI":"\/base\/AMANR5L15PO717460BTC1237P0D1N000449?format=pdf"},"dateDispoRepresentation":{}}},"seanceDiscussionRef":"RUANR5L15S2018IDS21255","article99":"false","loiReference":{"codeLoi":"CGI","divisionCodeLoi":"150-0 A"},"discussionCommune":{},"discussionIdentique":{"idDiscussion":"10759","typePosition":"Premier"},"accordGouvernementDepotHorsDelai":"Sans objet"}