{"uid":"AMANR5L15PO717460BTC1237P0D1N001019","chronotag":"1601461569884","legislature":"15","identification":{"numeroLong":"1019 (Rect)","numeroOrdreDepot":"1019","prefixeOrganeExamen":"AN","numeroRect":"1"},"examenRef":"EXANR5L15PO717460BTC1237P0D1","texteLegislatifRef":"PRJLANR5L15BTC1237","triAmendement":"maaaaaaaaaaaaaaaaaaaaaaaaaaaaaaaaaaaaaaaaaaaaaaaaabe","cardinaliteAmdtMultiples":"1","amendementParentRef":{},"signataires":{"auteur":{"typeAuteur":"D\u00e9put\u00e9","gouvernementRef":{},"acteurRef":"PA721792","groupePolitiqueRef":"PO730964","auteurRapporteurOrganeRef":{}},"cosignataires":{"acteurRef":["PA720242","PA605963","PA721522","PA720362","PA721352","PA721860","PA719448","PA721218","PA721398","PA719258","PA719162","PA719326","PA718674","PA721784","PA721434","PA720342","PA721946","PA719154","PA721876","PA719592","PA721174","PA606639"]},"suffixe":{},"libelle":" Mme\u0026#160;Guerel,  Mme\u0026#160;Abba, M.\u0026#160;Alauzet, M.\u0026#160;Batut, M.\u0026#160;Belhaddad, Mme\u0026#160;Cazarian, M.\u0026#160;Cesarini, Mme\u0026#160;Chapelier, Mme\u0026#160;Charri\u0026#232;re, Mme\u0026#160;Degois, M.\u0026#160;Delpon, Mme\u0026#160;Jacqueline\u0026#160;Dubois, Mme\u0026#160;Gipson, Mme\u0026#160;Givernet, Mme\u0026#160;Gomez-Bassac, Mme\u0026#160;Lardet, Mme\u0026#160;Le Peih, M.\u0026#160;Marilossian, M.\u0026#160;Martin, M.\u0026#160;Morenas, M.\u0026#160;Simian, M.\u0026#160;Son-Forget et M.\u0026#160;Vignal"},"pointeurFragmentTexte":{"partieAmendableRef":{},"division":{"titre":"Article 61","articleDesignationCourte":"ART. 61","articleDesignation":"ARTICLE 61","type":"ARTICLE","avant_A_Apres":"A","divisionRattachee":{},"articleAdditionnel":"false","chapitreAdditionnel":"false","urlDivisionTexteVise":"\/15\/textes\/1237.asp#D_Article_61"},"amendementStandard":{"alinea":{"avant_A_Apres":{},"numero":"3","alineaDesignation":"Alin\u00e9a 3"}}},"corps":{"cartoucheInformatif":{},"contenuAuteur":{"dispositif":"\u003Cp\u003E\u0026#192; l\u0026#8217;alin\u0026#233;a 3, substituer aux mots\u0026#160;:\u0026#160;\u003C\/p\u003E\u003Cp\u003E\u0026#171; en prenant en consid\u0026#233;ration les enjeux sociaux et environnementaux de son activit\u0026#233; \u0026#187;,\u003C\/p\u003E\u003Cp\u003Eles mots\u0026#160;:\u0026#160;\u003C\/p\u003E\u003Cp\u003E\u0026#171; dans le respect des r\u0026#232;gles d\u0026#8217;ordre public sociales et environnementales \u0026#187;.\u003C\/p\u003E","avantAppel":{},"exposeSommaire":"\u003Cp style=\u0022text-align: justify;\u0022\u003ESi l\u0026#8217;objet du pr\u0026#233;sent article est bien de conserver une certaine souplesse tout en consacrant la notion d\u0026#8217;int\u0026#233;r\u0026#234;t social et environnemental \u0026#224; l\u0026#8217;article\u0026#160;1833 du code civil, les termes propos\u0026#233;s manquent de pr\u0026#233;cision, pourtant n\u0026#233;cessaire au respect du droit des soci\u0026#233;t\u0026#233;s fran\u0026#231;aises.\u003C\/p\u003E\u003Cp style=\u0022text-align: justify;\u0022\u003EEn effet, le champ d\u0026#8217;application est ici ind\u0026#233;termin\u0026#233;\u0026#160;: les termes \u0026#171;\u0026#160;en prenant en consid\u0026#233;ration\u0026#160;\u0026#187; et \u0026#171;\u0026#160;enjeux sociaux et environnementaux\u0026#160;\u0026#187; ne sont pas suffisamment clairs\u0026#160;et ne renvoient \u0026#224; aucun texte en vigueur, laissant ainsi le libre arbitre aux juges saisis, qui peuvent alors s\u0026#8217;approprier cette nouvelle d\u0026#233;finition de mani\u0026#232;re tr\u0026#232;s subjective.\u003C\/p\u003E\u003Cp style=\u0022text-align: justify;\u0022\u003EA titre d\u0026#8217;exemple, une PME important des fraises en France pendant les mois d\u0026#8217;hiver, prend-elle en consid\u0026#233;ration les enjeux environnementaux\u0026#160;? Doit-elle \u0026#234;tre sanctionn\u0026#233;e\u0026#160;en cons\u0026#233;quence\u0026#160;? De m\u0026#234;me, une TPE ne disposant pas de service de cr\u0026#232;che pour ses salari\u0026#233;s, consid\u0026#232;re-t-elle suffisamment les enjeux sociaux\u0026#160;?\u003C\/p\u003E\u003Cp style=\u0022text-align: justify;\u0022\u003EEn l\u0026#8217;\u0026#233;tat, les juges seraient alors susceptibles d\u0026#8217;appliquer des sanctions, selon les sensibilit\u0026#233;s qu\u0026#8217;ils portent personnellement aux sujets sociaux et environnementaux.\u003C\/p\u003E\u003Cp style=\u0022text-align: justify;\u0022\u003ED\u0026#8217;autre part, ce flou juridique av\u0026#233;r\u0026#233; \u0026#8211; et donc cette contrainte plus large pour les soci\u0026#233;t\u0026#233;s\u0026#160;\u0026#8211;\u0026#160;constituerait un mauvais signal envoy\u0026#233; aux entrepreneurs et investisseurs fran\u0026#231;ais et \u0026#233;trangers, et pourrait cr\u0026#233;er en eux une peur de l\u0026#8217;initiative qui freinerait l\u0026#8217;innovation.\u003C\/p\u003E\u003Cp style=\u0022text-align: justify;\u0022\u003EDe nombreux pays\u0026#160;europ\u0026#233;ens s\u0026#8217;en tiennent d\u0026#8217;ailleurs \u0026#224; une conception stricte de l\u0026#8217;int\u0026#233;r\u0026#234;t social - avec un champ d\u0026#8217;application tr\u0026#232;s encadr\u0026#233;.\u003C\/p\u003E\u003Cp style=\u0022text-align: justify;\u0022\u003EDe plus, le pr\u0026#233;sent article pourrait \u0026#234;tre ais\u0026#233;ment d\u0026#233;tourn\u0026#233; de son objet premier par les actionnaires, qui seraient en mesure de s\u0026#8217;attaquer aux dirigeants de leurs entreprises, qui n\u0026#8217;auraient pas fourni les efforts n\u0026#233;cessaires \u0026#224; l\u0026#8217;atteinte de l\u0026#8217;objectif de \u0026#171;\u0026#160;prise en consid\u0026#233;ration\u0026#160;\u0026#187; des \u0026#171;\u0026#160;enjeux sociaux et environnementaux\u0026#160;\u0026#187;. Quelles seraient alors les tentatives jug\u0026#233;es comme suffisantes\u0026#160;?\u0026#160;\u003C\/p\u003E\u003Cp style=\u0022text-align: justify;\u0022\u003EAussi, ce flou juridique relatif \u0026#224; l\u0026#8217;article\u0026#160;1833 du code civil, propos\u0026#233; dans le pr\u0026#233;sent article, ne doit exister. C\u0026#8217;est bien au l\u0026#233;gislateur, et non aux juges, d\u0026#8217;apporter une r\u0026#233;ponse claire et pr\u0026#233;cise \u0026#224; l\u0026#8217;ensemble des probl\u0026#233;matiques cit\u0026#233;es ci-dessus.\u003C\/p\u003E\u003Cp style=\u0022text-align: justify;\u0022\u003EPour toutes ces raisons, il est propos\u0026#233; ici de substituer aux termes \u0026#171;\u0026#160;en prenant en consid\u0026#233;ration les enjeux sociaux et environnementaux de son activit\u0026#233;\u0026#160;\u0026#187;, les termes \u0026#171;\u0026#160;dans le respect des r\u0026#232;gles d\u0026#8217;ordre public sociales et environnementales\u0026#160;\u0026#187;.\u003C\/p\u003E\u003Cp style=\u0022text-align: justify;\u0022\u003EL\u0026#8217;article, ainsi r\u0026#233;dig\u0026#233;, d\u0026#233;finit le champ d\u0026#8217;application des obligations sociales et environnementales, en s\u0026#8217;appuyant sur les textes sp\u0026#233;ciaux en vigueur (code de l\u0026#8217;environnement, code du travail, etc.), et annule le flou juridique pr\u0026#233;judiciable aux entreprises fran\u0026#231;aises.\u003C\/p\u003E\u003Cp style=\u0022text-align: justify;\u0022\u003EEn r\u0026#233;affirmant, aupr\u0026#232;s de toutes les soci\u0026#233;t\u0026#233;s \u0026#233;tablies en France, l\u0026#8217;importance du respect des r\u0026#232;gles sociales et environnementales, cette nouvelle d\u0026#233;finition confirme notre volont\u0026#233; politique de faire de la RSE une priorit\u0026#233; absolue du quinquennat.\u003C\/p\u003E\u003Cp style=\u0022text-align: justify;\u0022\u003EIl sera alors possible, dans un second temps, de modifier les textes sp\u0026#233;ciaux concern\u0026#233;s afin de renforcer les obligations sociales et environnementales applicables aux entreprises. Ceci, toujours dans un cadre pr\u0026#233;cis, clair et r\u0026#233;glement\u0026#233;.\u003C\/p\u003E","annexeExposeSommaire":{}}},"cycleDeVie":{"dateDepot":"2018-09-20","datePublication":"2018-09-26","soumisArticle40":"false","etatDesTraitements":{"etat":{"code":"RT","libelle":"Retir\u00e9"},"sousEtat":{"code":"RT","libelle":"Retir\u00e9 apr\u00e8s publication"}},"dateSort":{},"sort":{}},"representations":{"representation":{"nom":"PDF","typeMime":{"type":"application","subType":"PDF"},"statutRepresentation":{"verbatim":"true","canonique":"true","officielle":"true","transcription":"false","enregistrement":"false"},"repSource":{},"offset":{},"contenu":{"documentURI":"\/base\/AMANR5L15PO717460BTC1237P0D1N001019?format=pdf"},"dateDispoRepresentation":{}}},"seanceDiscussionRef":{},"article99":"false","loiReference":{},"discussionCommune":{},"discussionIdentique":{},"accordGouvernementDepotHorsDelai":"Sans objet"}