{"uid":"AMANR5L15PO717460BTC1974P0D1N000093","chronotag":"1601464738881","legislature":"15","identification":{"numeroLong":"93","numeroOrdreDepot":"93","prefixeOrganeExamen":"AN","numeroRect":"0"},"examenRef":"EXANR5L15PO717460BTC1974P0D1","texteLegislatifRef":"PRJLANR5L15BTC1974","triAmendement":"alaaaaaaaaaaaaaaaaaaaaaaaaaaaaaaaaaaaaaaaaaaaaaaaabai","cardinaliteAmdtMultiples":"1","amendementParentRef":{},"signataires":{"auteur":{"typeAuteur":"D\u00e9put\u00e9","gouvernementRef":{},"acteurRef":"PA267527","groupePolitiqueRef":"PO730934","auteurRapporteurOrganeRef":{}},"cosignataires":{"acteurRef":["PA608416","PA767","PA719318","PA718884","PA267429","PA267204","PA608016","PA606712","PA330008","PA346218","PA334654","PA267735","PA642847","PA605036","PA608826","PA267260","PA1012","PA721410","PA721054","PA709315","PA2155","PA330909","PA336316","PA721046","PA722390","PA643103","PA718780","PA643134","PA266776","PA266793","PA332523","PA609245"]},"suffixe":{},"libelle":" M.\u0026#160;Saddier,  M.\u0026#160;Hetzel, M.\u0026#160;Cattin, Mme\u0026#160;Anthoine, Mme\u0026#160;Bazin-Malgras, M.\u0026#160;Cinieri, M.\u0026#160;Sermier, Mme\u0026#160;Louwagie, M.\u0026#160;Lurton, M.\u0026#160;Breton, M.\u0026#160;Masson, M.\u0026#160;Straumann, M.\u0026#160;de Ganay, M.\u0026#160;Bazin, M.\u0026#160;Abad, Mme\u0026#160;Duby-Muller, Mme\u0026#160;Poletti, M.\u0026#160;de la Verpilli\u0026#232;re, Mme\u0026#160;Bonnivard, M.\u0026#160;Lorion, M.\u0026#160;Viala, M.\u0026#160;Menuel, M.\u0026#160;Descoeur, M.\u0026#160;Jean-Claude\u0026#160;Bouchet, Mme\u0026#160;Bassire, Mme\u0026#160;Corneloup, M.\u0026#160;Ferrara, Mme\u0026#160;Trastour-Isnart, Mme\u0026#160;Valentin, M.\u0026#160;Reiss, M.\u0026#160;Bony, Mme\u0026#160;Dalloz et Mme\u0026#160;Lacroute"},"pointeurFragmentTexte":{"partieAmendableRef":{},"division":{"titre":"Article 4","articleDesignationCourte":"ART. 4","articleDesignation":"ARTICLE 4","type":"ARTICLE","avant_A_Apres":"A","divisionRattachee":{},"articleAdditionnel":"false","chapitreAdditionnel":"false","urlDivisionTexteVise":"\/15\/textes\/1974.asp#D_Article_4"},"amendementStandard":{"alinea":{"avant_A_Apres":"Apres","numero":"12","alineaDesignation":"Apr\u00e8s l\u0027alin\u00e9a 12"}}},"corps":{"cartoucheInformatif":{},"contenuAuteur":{"dispositif":"\u003Cp style=\u0022text-align: justify;\u0022\u003EApr\u0026#232;s l\u0026#8217;alin\u0026#233;a\u0026#160;12, ins\u0026#233;rer l\u0026#8217;alin\u0026#233;a suivant\u0026#160;:\u003C\/p\u003E\u003Cp style=\u0022text-align: justify;\u0022\u003E\u0026#171;\u0026#160;6\u0026#176; La d\u0026#233;finition et l\u0026#8217;actualisation du sch\u0026#233;ma r\u0026#233;gional des v\u0026#233;loroutes ainsi que la contribution \u0026#224; sa r\u0026#233;alisation.\u0026#160;\u0026#187;\u003C\/p\u003E","avantAppel":{},"exposeSommaire":"\u003Cp style=\u0022text-align: justify;\u0022\u003ELa LOM entend faciliter la mobilit\u0026#233; du quotidien et prioriser le report modal sur les modes actifs, dont le v\u0026#233;lo. Circuler \u0026#224; v\u0026#233;lo est une possibilit\u0026#233; ouverte au plus grand nombre d\u0026#232;s lors que des infrastructures et des services adapt\u0026#233;s le permettent.\u003C\/p\u003E\u003Cp style=\u0022text-align: justify;\u0022\u003EPar ailleurs, le sch\u0026#233;ma r\u0026#233;gional des v\u0026#233;loroutes est la colonne vert\u0026#233;brale des am\u0026#233;nagement cyclables au niveau r\u0026#233;gional. Sa notori\u0026#233;t\u0026#233; d\u0026#8217;une part et son r\u0026#244;le d\u0026#8217;itin\u0026#233;raire magistral notamment en entr\u0026#233;e des agglom\u0026#233;rations d\u0026#8217;autre part en font la base des sch\u0026#233;mas locaux qui supportent la mobilit\u0026#233; du quotidien. La porosit\u0026#233; constat\u0026#233;e des pratiques montre que la pratique de loisir entra\u0026#238;ne une pratique de mobilit\u0026#233; quotidienne dans les territoires.\u003C\/p\u003E\u003Cp style=\u0022text-align: justify;\u0022\u003ESi la R\u0026#233;gion intervient rarement en qualit\u0026#233; de ma\u0026#238;tre d\u0026#8217;ouvrage des infrastructures cyclables\u0026#160;il est important de\u0026#160;souligner son r\u0026#244;le en tant qu\u0026#8217;AOM sur\u0026#160;:\u003C\/p\u003E\u003Cp style=\u0022text-align: justify;\u0022\u003E1. La planification d\u0026#8217;un sch\u0026#233;ma cyclable r\u0026#233;gional de r\u0026#233;f\u0026#233;rence, coh\u0026#233;rent avec les sch\u0026#233;mas de niveau supra (europ\u0026#233;en\u0026amp;gt;national)\u0026#160;et de niveau infra (d\u0026#233;partements, m\u0026#233;tropoles, intercommunalit\u0026#233;s et communes)\u0026#160;;\u003C\/p\u003E\u003Cp style=\u0022text-align: justify;\u0022\u003E2. La coordination\u0026#160;pour la mise en \u0026#339;uvre de ce sch\u0026#233;ma, et notamment la n\u0026#233;cessaire coh\u0026#233;rence des itin\u0026#233;raires r\u0026#233;gionaux avec les sch\u0026#233;mas d\u0026#233;partementaux, m\u0026#233;tropolitains, intercommunaux, etc.\u0026#160;; cette coordination int\u0026#232;gre \u0026#233;galement le suivi et l\u0026#8217;\u0026#233;valuation de la mise en \u0026#339;uvre.\u003C\/p\u003E\u003Cp style=\u0022text-align: justify;\u0022\u003E3. Une contribution\u0026#160;\u0026#224; la mise en \u0026#339;uvre de ce sch\u0026#233;ma, par l\u0026#8217;interm\u0026#233;diaire des collectivit\u0026#233;s d\u0026#233;positaires de la comp\u0026#233;tence voirie sur leur domaine public ou en superposition de d\u0026#8217;affectation sur le domaine de tiers.\u003C\/p\u003E\u003Cp style=\u0022text-align: justify;\u0022\u003E4. Les services n\u0026#233;cessaires au d\u0026#233;veloppement des modes actifs pour les d\u0026#233;placements quotidiens en compl\u0026#233;mentarit\u0026#233; ou non avec les transports en commun.\u003C\/p\u003E","annexeExposeSommaire":{}}},"cycleDeVie":{"dateDepot":"2019-05-25","datePublication":"2019-06-27","soumisArticle40":"false","etatDesTraitements":{"etat":{"code":"DI","libelle":"Discut\u00e9"},"sousEtat":{"code":"DI","libelle":"Rejet\u00e9"}},"dateSort":"2019-06-05T18:14:53+02:00","sort":"Rejet\u00e9"},"representations":{"representation":{"nom":"PDF","typeMime":{"type":"application","subType":"PDF"},"statutRepresentation":{"verbatim":"true","canonique":"true","officielle":"true","transcription":"false","enregistrement":"false"},"repSource":{},"offset":{},"contenu":{"documentURI":"\/base\/AMANR5L15PO717460BTC1974P0D1N000093?format=pdf"},"dateDispoRepresentation":{}}},"seanceDiscussionRef":"RUANR5L15S2019IDS21677","article99":"false","loiReference":{},"discussionCommune":{},"discussionIdentique":{},"accordGouvernementDepotHorsDelai":"Sans objet"}