{"uid":"AMANR5L15PO717460BTC1974P0D1N000628","chronotag":"1601464820056","legislature":"15","identification":{"numeroLong":"628","numeroOrdreDepot":"628","prefixeOrganeExamen":"AN","numeroRect":"0"},"examenRef":"EXANR5L15PO717460BTC1974P0D1","texteLegislatifRef":"PRJLANR5L15BTC1974","triAmendement":"adcaaaaaaaaaaaaaaaaaaaaaaaaaaaaaaaaaaaaaaaaaaaaaaaagodddzzs","cardinaliteAmdtMultiples":"1","amendementParentRef":{},"signataires":{"auteur":{"typeAuteur":"D\u00e9put\u00e9","gouvernementRef":{},"acteurRef":"PA266808","groupePolitiqueRef":"PO730934","auteurRapporteurOrganeRef":{}},"cosignataires":{"acteurRef":"PA720644"},"suffixe":{},"libelle":" M.\u0026#160;Rolland et M.\u0026#160;Nury"},"pointeurFragmentTexte":{"partieAmendableRef":{},"division":{"titre":"Article PREMIER","articleDesignationCourte":"ART. PREMIER","articleDesignation":"ARTICLE PREMIER","type":"ARTICLE","avant_A_Apres":"A","divisionRattachee":{},"articleAdditionnel":"false","chapitreAdditionnel":"false","urlDivisionTexteVise":"\/15\/textes\/1974.asp#D_Article_1er"},"amendementStandard":{"alinea":{"avant_A_Apres":{},"numero":"5","alineaDesignation":"Alin\u00e9a 5"}}},"corps":{"cartoucheInformatif":{},"contenuAuteur":{"dispositif":"\u003Cp\u003E\u0026#192; l\u0026#8217;alin\u0026#233;a\u0026#160;5, substituer aux mots\u0026#160;:\u003C\/p\u003E\u003Cp style=\u0022text-align: justify;\u0022\u003E\u0026#171;\u0026#160;des massifs de montagne et des\u0026#160;\u0026#187;\u003C\/p\u003E\u003Cp style=\u0022text-align: justify;\u0022\u003Eles mots\u0026#160;:\u003C\/p\u003E\u003Cp style=\u0022text-align: justify;\u0022\u003E\u0026#171;\u0026#160; en termes de mobilit\u0026#233; quotidienne et de fluidit\u0026#233; du trafic routier en particulier pour les massifs de montagne et les\u0026#160;\u0026#187;.\u003C\/p\u003E","avantAppel":{},"exposeSommaire":"\u003Cp style=\u0022text-align: justify;\u0022\u003ELe sens de cet amendement est de d\u0026#233;senclaver les massifs de montagnes, tant dans leurs lignes de communication avec l\u0026#8217;ensemble du territoire, qu\u0026#8217;\u0026#224; l\u0026#8217;int\u0026#233;rieur des massifs en am\u0026#233;liorant la mobilit\u0026#233; quotidienne et en fluidifiant le trafic routier. Ce besoin d\u0026#8217;investissements est particuli\u0026#232;rement pr\u0026#233;gnant dans les zones transfrontali\u0026#232;res.\u003C\/p\u003E","annexeExposeSommaire":{}}},"cycleDeVie":{"dateDepot":"2019-05-27","datePublication":"2019-06-03","soumisArticle40":"false","etatDesTraitements":{"etat":{"code":"DI","libelle":"Discut\u00e9"},"sousEtat":{"code":"DI","libelle":"Rejet\u00e9"}},"dateSort":"2019-06-03T23:33:14+02:00","sort":"Rejet\u00e9"},"representations":{"representation":{"nom":"PDF","typeMime":{"type":"application","subType":"PDF"},"statutRepresentation":{"verbatim":"true","canonique":"true","officielle":"true","transcription":"false","enregistrement":"false"},"repSource":{},"offset":{},"contenu":{"documentURI":"\/base\/AMANR5L15PO717460BTC1974P0D1N000628?format=pdf"},"dateDispoRepresentation":{}}},"seanceDiscussionRef":"RUANR5L15S2019IDS21674","article99":"false","loiReference":{},"discussionCommune":{"idDiscussion":"7129","typePosition":"Milieu"},"discussionIdentique":{"idDiscussion":"19775","typePosition":"Milieu"},"accordGouvernementDepotHorsDelai":"Sans objet"}