{"uid":"AMANR5L15PO717460BTC1974P0D1N000919","chronotag":"1601464805320","legislature":"15","identification":{"numeroLong":"919","numeroOrdreDepot":"919","prefixeOrganeExamen":"AN","numeroRect":"0"},"examenRef":"EXANR5L15PO717460BTC1974P0D1","texteLegislatifRef":"PRJLANR5L15BTC1974","triAmendement":"bbkaaaaaaaaaaaaaaaaaaaaaaaaaaaaaaaaaaaaaaaaaaaaaaabti","cardinaliteAmdtMultiples":"1","amendementParentRef":{},"signataires":{"auteur":{"typeAuteur":"D\u00e9put\u00e9","gouvernementRef":{},"acteurRef":"PA333421","groupePolitiqueRef":"PO759900","auteurRapporteurOrganeRef":{}},"cosignataires":{"acteurRef":["PA719146","PA755549","PA719138","PA719286","PA608292","PA720996","PA605694","PA267042","PA605518","PA607619","PA336175","PA405480","PA331582"]},"suffixe":{},"libelle":" M.\u0026#160;Pancher,  M.\u0026#160;Acquaviva, M.\u0026#160;Brial, M.\u0026#160;Castellani, M.\u0026#160;Colombani, Mme\u0026#160;Dubi\u0026#233;, M.\u0026#160;El Guerrab, M.\u0026#160;Falorni, M.\u0026#160;Favennec Becot, M.\u0026#160;Fran\u0026#231;ois-Michel\u0026#160;Lambert, M.\u0026#160;Molac, Mme\u0026#160;Pinel, M.\u0026#160;Pupponi et M.\u0026#160;Philippe\u0026#160;Vigier"},"pointeurFragmentTexte":{"partieAmendableRef":{},"division":{"titre":"Article 11","articleDesignationCourte":"ART. 11","articleDesignation":"ARTICLE 11","type":"ARTICLE","avant_A_Apres":"A","divisionRattachee":{},"articleAdditionnel":"false","chapitreAdditionnel":"false","urlDivisionTexteVise":"\/15\/textes\/1974.asp#D_Article_11"},"amendementStandard":{"alinea":{"avant_A_Apres":{},"numero":"5","alineaDesignation":"Alin\u00e9a 5"}}},"corps":{"cartoucheInformatif":{},"contenuAuteur":{"dispositif":"\u003Cp\u003ECompl\u0026#233;ter l\u0026#8217;alin\u0026#233;a\u0026#160;5 par les mots\u0026#160;:\u0026#160;\u003C\/p\u003E\u003Cp\u003E\u0026#171;\u0026#160;lourd national. Un d\u0026#233;cret d\u0026#233;finit les conditions et les modalit\u0026#233;s de mise en \u0026#339;uvre de ce dispositif.\u0026#160;\u0026#187;\u003C\/p\u003E","avantAppel":{},"exposeSommaire":"\u003Cp\u003ECet amendement vise \u0026#224; pr\u0026#233;ciser le champ des transports ferroviaires concern\u0026#233;s par la mise en place d\u0026#8217;un num\u0026#233;ro d\u0026#8217;appel unique. Ainsi, comme le pr\u0026#233;voit l\u0026#8217;actuel r\u0026#232;glement europ\u0026#233;en (UE) 1317\/2007 sur les droits et obligations des voyageurs ferroviaires, seuls les transports lourds, comme les trains nationaux ou internationaux ainsi que les trains assurant des services r\u0026#233;gionaux, rel\u0026#232;vent du champ d\u0026#8217;application de cette obligation. Il est en effet important d\u0026#8217;exclure les transports urbains, comme les m\u0026#233;tros et tramways, ainsi que les trains touristiques de cette disposition. Par ailleurs, pour r\u0026#233;pondre aux attentes des personnes ayant des handicaps, dans le contexte de l\u0026#8217;ouverture \u0026#224; la concurrence mais \u0026#233;galement de refonte du r\u0026#232;glement europ\u0026#233;en, les syst\u0026#232;mes existants (un num\u0026#233;ro national et sept num\u0026#233;ros r\u0026#233;gionaux) devront \u0026#234;tre revus. Pour ce faire, dans un souci de non d\u0026#233;gradation du service, notamment pour des trajets intermodaux, et d\u0026#8217;int\u0026#233;gration de la multiplicit\u0026#233; des acteurs concern\u0026#233;s (entreprises ferroviaires, gestionnaires de gares et autorit\u0026#233;s organisatrices), il est n\u0026#233;cessaire de renvoyer les conditions et les modalit\u0026#233;s de mise en \u0026#339;uvre de ce nouveau dispositif \u0026#224; un d\u0026#233;cret.\u003C\/p\u003E","annexeExposeSommaire":{}}},"cycleDeVie":{"dateDepot":"2019-05-28","datePublication":"2019-06-06","soumisArticle40":"false","etatDesTraitements":{"etat":{"code":"DI","libelle":"Discut\u00e9"},"sousEtat":{"code":"DI","libelle":"Tomb\u00e9"}},"dateSort":"2019-06-06T15:57:18+02:00","sort":"Tomb\u00e9"},"representations":{"representation":{"nom":"PDF","typeMime":{"type":"application","subType":"PDF"},"statutRepresentation":{"verbatim":"true","canonique":"true","officielle":"true","transcription":"false","enregistrement":"false"},"repSource":{},"offset":{},"contenu":{"documentURI":"\/base\/AMANR5L15PO717460BTC1974P0D1N000919?format=pdf"},"dateDispoRepresentation":{}}},"seanceDiscussionRef":"RUANR5L15S2019IDS21680","article99":"false","loiReference":{},"discussionCommune":{"idDiscussion":"7172","typePosition":"Premier"},"discussionIdentique":{},"accordGouvernementDepotHorsDelai":"Sans objet"}