{"uid":"AMANR5L15PO717460BTC1974P0D1N003373","chronotag":"1601464904913","legislature":"15","identification":{"numeroLong":"3373","numeroOrdreDepot":"3373","prefixeOrganeExamen":"AN","numeroRect":"0"},"examenRef":"EXANR5L15PO717460BTC1974P0D1","texteLegislatifRef":"PRJLANR5L15BTC1974","triAmendement":"baoaaaaaaaaaaaaaaaaaaaaaaaaaaaaaaaaaaaaaaaaaaaaaaabxi","cardinaliteAmdtMultiples":"1","amendementParentRef":{},"signataires":{"auteur":{"typeAuteur":"D\u00e9put\u00e9","gouvernementRef":{},"acteurRef":"PA609245","groupePolitiqueRef":{},"auteurRapporteurOrganeRef":{}},"cosignataires":{"acteurRef":["PA718884","PA719318","PA643089","PA267735","PA267527","PA709315","PA1012","PA607090","PA720210","PA332523","PA721678","PA643134","PA2155","PA340853","PA267289"]},"suffixe":{},"libelle":" Mme\u0026#160;Lacroute,  Mme\u0026#160;Bazin-Malgras, Mme\u0026#160;Anthoine, M.\u0026#160;Thi\u0026#233;riot, M.\u0026#160;de Ganay, M.\u0026#160;Saddier, M.\u0026#160;Viala, M.\u0026#160;de la Verpilli\u0026#232;re, M.\u0026#160;Jean-Pierre\u0026#160;Vigier, Mme\u0026#160;Beauvais, Mme\u0026#160;Dalloz, M.\u0026#160;Reda, Mme\u0026#160;Valentin, M.\u0026#160;Menuel, M.\u0026#160;Leclerc et M.\u0026#160;Door"},"pointeurFragmentTexte":{"partieAmendableRef":{},"division":{"titre":"Article 9","articleDesignationCourte":"ART. 9","articleDesignation":"ARTICLE 9","type":"ARTICLE","avant_A_Apres":"A","divisionRattachee":{},"articleAdditionnel":"false","chapitreAdditionnel":"false","urlDivisionTexteVise":"\/15\/textes\/1974.asp#D_Article_9"},"amendementStandard":{"alinea":{"avant_A_Apres":{},"numero":"15","alineaDesignation":"Alin\u00e9a 15"}}},"corps":{"cartoucheInformatif":{},"contenuAuteur":{"dispositif":"\u003Cp style=\u0022text-align: justify;\u0022\u003ECompl\u0026#233;ter l\u0026#8217;alin\u0026#233;a\u0026#160;15 par la phrase suivante\u0026#160;:\u003C\/p\u003E\u003Cp style=\u0022text-align: justify;\u0022\u003E\u0026#171;\u0026#160;Le point d\u0026#8217;acc\u0026#232;s national fournit r\u0026#233;guli\u0026#232;rement des \u0026#233;l\u0026#233;ments d\u0026#8217;informations aux entit\u0026#233;s fournissant des donn\u0026#233;es quant \u0026#224; l\u0026#8217;utilisation de celles-ci et en particulier l\u0026#8217;identit\u0026#233; des entit\u0026#233;s utilisatrices de ces donn\u0026#233;es.\u0026#160;\u0026#187;\u003C\/p\u003E","avantAppel":{},"exposeSommaire":"\u003Cp style=\u0022text-align: justify;\u0022\u003ESi une autorit\u0026#233; organisatrice de mobilit\u0026#233;s doit ouvrir ses donn\u0026#233;es, il est toutefois n\u0026#233;cessaire qu\u0026#8217;elle puisse \u0026#234;tre inform\u0026#233;e de l\u0026#8217;usage qu\u0026#8217;il en est fait, et ce afin d\u0026#8217;organiser au mieux et pour le plus grand nombre les politiques de transports sur le territoire relevant de sa comp\u0026#233;tence.\u003C\/p\u003E","annexeExposeSommaire":{}}},"cycleDeVie":{"dateDepot":"2019-05-29","datePublication":"2019-06-06","soumisArticle40":"true","etatDesTraitements":{"etat":{"code":"DI","libelle":"Discut\u00e9"},"sousEtat":{"code":"DI","libelle":"Rejet\u00e9"}},"dateSort":"2019-06-06T15:02:21+02:00","sort":"Rejet\u00e9"},"representations":{"representation":{"nom":"PDF","typeMime":{"type":"application","subType":"PDF"},"statutRepresentation":{"verbatim":"true","canonique":"true","officielle":"true","transcription":"false","enregistrement":"false"},"repSource":{},"offset":{},"contenu":{"documentURI":"\/base\/AMANR5L15PO717460BTC1974P0D1N003373?format=pdf"},"dateDispoRepresentation":{}}},"seanceDiscussionRef":"RUANR5L15S2019IDS21680","article99":"false","loiReference":{},"discussionCommune":{},"discussionIdentique":{"idDiscussion":"20407","typePosition":"Premier"},"accordGouvernementDepotHorsDelai":"Sans objet"}