{"uid":"AMANR5L16PO59046B1680P2D1N000003","chronotag":"1698256536672","legislature":"16","identification":{"numeroLong":"II-DN3","numeroOrdreDepot":"3","prefixeOrganeExamen":"CION_DEF","numeroRect":"0"},"examenRef":"EXANR5L16PO59046B1680P2D1","texteLegislatifRef":"PRJLANR5L16B1680","triAmendement":"abiaaaaaaaaaaaaaaaaaaaaaaaaaaaaaaaaaaaaaaaaaaaaaaae","cardinaliteAmdtMultiples":"1","amendementParentRef":{},"signataires":{"auteur":{"typeAuteur":"D\u00e9put\u00e9","gouvernementRef":{},"acteurRef":"PA774960","groupePolitiqueRef":"PO830170","auteurRapporteurOrganeRef":{}},"cosignataires":{"acteurRef":["PA609590","PA793816","PA794270"]},"suffixe":{},"libelle":" Mme\u0026#160;Santiago,  Mme\u0026#160;Rabault, Mme\u0026#160;Thomin et Mme\u0026#160;Pic"},"pointeurFragmentTexte":{"partieAmendableRef":{},"division":{"titre":"Article 50","articleDesignationCourte":"AVANT ART. 50","articleDesignation":"AVANT L\u0027ARTICLE 50, ins\u00e9rer l\u0027article suivant:","type":"ARTICLE","avant_A_Apres":"Avant","divisionRattachee":{},"articleAdditionnel":"true","chapitreAdditionnel":"false","urlDivisionTexteVise":"\/16\/textes\/1680C.asp#D_Article_50"},"missionVisee":{"codeEtat":"B","codeMissionMinefi":"DA","libelleMission":"D\u00e9fense","missionRef":"2659"},"amendementStandard":{"alinea":{}}},"corps":{"cartoucheInformatif":{},"contenuAuteur":{"dispositif":"\u003Cp style=\u0022text-align: justify;\u0022\u003E\u0026#x00AB;\u0026nbsp;Le Gouvernement remet au Parlement, dans un d\u0026#x00E9;lai de vingt-quatre\u0026nbsp;mois \u0026#x00E0; compter de la promulgation de la pr\u0026#x00E9;sente loi puis tous les quatre ans, un rapport d\u0026#x2019;information relatant\u0026nbsp;les actions entreprises par le Gouvernement pour atteindre les objectifs qu\u0026#x2019;il s\u0026#x2019;est fix\u0026#x00E9; en mati\u0026#x00E8;re de politique environnementale et de transition \u0026#x00E9;cologique dans le domaine des arm\u0026#x00E9;es. Ce rapport examine la possibilit\u0026#x00E9; de la cr\u0026#x00E9;ation d\u0026#x2019;une ligne budg\u0026#x00E9;taire d\u0026#x00E9;di\u0026#x00E9;e \u0026#x00E0; la \u0026#x00AB;\u0026nbsp;transition \u0026#x00E9;cologique\u0026nbsp;\u0026#x00BB; dans le cadre de la mission D\u0026#x00E9;fense.\u0026nbsp;\u0026#x00BB;\u003C\/p\u003E","avantAppel":{},"exposeSommaire":"\u003Cp style=\u0022text-align: justify;\u0022\u003ELe pr\u0026#x00E9;sent amendement d\u0026#x00E9;pos\u0026#x00E9; par le groupe Socialistes et apparent\u0026#x00E9;s vise \u0026#x00E0; int\u0026#x00E9;grer la dimension environnementale dans les actions du minist\u0026#x00E8;re des Arm\u0026#x00E9;es. Il propose\u0026nbsp;notamment la cr\u0026#x00E9;ation d\u0026#x2019;une ligne budg\u0026#x00E9;taire d\u0026#x00E9;di\u0026#x00E9;e \u0026#x00E0; la \u0026#x00AB;\u0026nbsp;transition \u0026#x00E9;cologique\u0026nbsp;\u0026#x00BB;. Le rapport \u0026#x00E9;tabli suite \u0026#x00E0; la mission d\u0026#x2019;information sur les enjeux de la transition \u0026#x00E9;cologique pour le minist\u0026#x00E8;re des Arm\u0026#x00E9;es \u0026#x00E9;tabli pour la Commission de la d\u0026#x00E9;fense nationale et des forces arm\u0026#x00E9;es dont Isabelle Santiago et Jean-Marie Fi\u0026#x00E9;vet \u0026#x00E9;taient rapporteurs a mis en lumi\u0026#x00E8;re les actions men\u0026#x00E9;es en mati\u0026#x00E8;re environnementale par le Gouvernement, et plus pr\u0026#x00E9;cis\u0026#x00E9;ment le minist\u0026#x00E8;re des Arm\u0026#x00E9;es, depuis 2007, dans une volont\u0026#x00E9; de prise en compte de la pr\u0026#x00E9;servation de l\u0026#x2019;environnement et de la pr\u0026#x00E9;paration de la transition \u0026#x00E9;cologique et \u0026#x00E9;nerg\u0026#x00E9;tique. En effet, de par sa forte consommation \u0026#x00E9;nerg\u0026#x00E9;tique et le fort impact environnemental de ses actions, le secteur militaire dispose de responsabilit\u0026#x00E9;s importantes dans la prise en compte des enjeux environnementaux qui se dessinent pour l\u0026#x2019;avenir de notre plan\u0026#x00E8;te. N\u0026#x00E9;anmoins, la multiplication des strat\u0026#x00E9;gies et objectifs du minist\u0026#x00E8;re des Arm\u0026#x00E9;es dans ce domaine au fil des ann\u0026#x00E9;es rend complexe la lecture des r\u0026#x00E9;sultats obtenus.\u0026nbsp;Dans ce cadre, il serait opportun de pr\u0026#x00E9;senter un rapport faisant le bilan de la mise en oeuvre de la \u0022strat\u0026#x00E9;gie climat et d\u0026#x00E9;fense\u0022.\u0026nbsp;\u003C\/p\u003E\u003Cp style=\u0022text-align: justify;\u0022\u003EDans cette perspective, comme l\u0027indique le PAP de la mission \u0022d\u0026#x00E9;fense\u0022 du PLF 2024, \u0022le minist\u0026#x00E8;re s\u0026#x2019;est dot\u0026#x00E9; d\u0026#x2019;une strat\u0026#x00E9;gie \u0026#x00AB; climat et d\u0026#x00E9;fense \u0026#x00BB; qui vient compl\u0026#x00E9;ter par une vision prospective un ensemble de strat\u0026#x00E9;gies minist\u0026#x00E9;rielles th\u0026#x00E9;matiques port\u0026#x00E9;es par le P212 (performance \u0026#x00E9;nerg\u0026#x00E9;tique pour les infrastructures non op\u0026#x00E9;rationnelles, pr\u0026#x00E9;servation de la biodiversit\u0026#x00E9;, gestion des d\u0026#x00E9;chets et eau depuis mi-2023).\u003C\/p\u003E\u003Cp style=\u0022text-align: justify;\u0022\u003EAfin d\u0026#x2019;assurer la coh\u0026#x00E9;rence et le suivi de ces politiques, le rapport que propose d\u0027instaurer cet amendement aura pour but d\u0026#x2019;\u0026#x00E9;valuer la politique environnementale du minist\u0026#x00E8;re des Arm\u0026#x00E9;es, dans la vari\u0026#x00E9;t\u0026#x00E9; des domaines concern\u0026#x00E9;s\u0026nbsp;: pr\u0026#x00E9;servation de la biodiversit\u0026#x00E9; des terrains militaires, recyclage des d\u0026#x00E9;chets, transition \u0026#x00E9;nerg\u0026#x00E9;tique des infrastructures et des syst\u0026#x00E8;mes d\u0026#x2019;armes.\u0026nbsp;\u0026nbsp;\u003C\/p\u003E","annexeExposeSommaire":{}}},"cycleDeVie":{"dateDepot":"2023-10-19","datePublication":"2023-10-25","soumisArticle40":"false","etatDesTraitements":{"etat":{"code":"DI","libelle":"Discut\u00e9"},"sousEtat":{"code":"DI","libelle":"Rejet\u00e9"}},"dateSort":"2023-10-25T19:55:22+02:00","sort":"Rejet\u00e9"},"representations":{"representation":{"nom":"PDF","typeMime":{"type":"application","subType":"PDF"},"statutRepresentation":{"verbatim":"true","canonique":"true","officielle":"true","transcription":"false","enregistrement":"false"},"repSource":{},"offset":{},"contenu":{"documentURI":"\/base\/AMANR5L16PO59046B1680P2D1N000003?format=pdf"},"dateDispoRepresentation":{}}},"seanceDiscussionRef":{},"article99":"false","loiReference":{"codeLoi":"xrapport","divisionCodeLoi":{}},"discussionCommune":{},"discussionIdentique":{},"accordGouvernementDepotHorsDelai":"Sans objet"}