{"uid":"AMANR5L16PO59048B1680P1D1N000301","chronotag":"1697058222404","legislature":"16","identification":{"numeroLong":"I-CF301","numeroOrdreDepot":"301","prefixeOrganeExamen":"CION_FIN","numeroRect":"0"},"examenRef":"EXANR5L16PO59048B1680P1D1","texteLegislatifRef":"PRJLANR5L16B1680","triAmendement":"bcaaaaaaaaaaaaaaaaaaaaaaaaaaaaaaaaaaaaaaaaaaaaaaaaazsc","cardinaliteAmdtMultiples":"1","amendementParentRef":{},"signataires":{"auteur":{"typeAuteur":"D\u00e9put\u00e9","gouvernementRef":{},"acteurRef":"PA794802","groupePolitiqueRef":"PO800538","auteurRapporteurOrganeRef":{}},"cosignataires":{},"suffixe":{},"libelle":" M.\u0026#160;Sitzenstuhl"},"pointeurFragmentTexte":{"partieAmendableRef":{},"division":{"titre":"Article 5","articleDesignationCourte":"ART. 5","articleDesignation":"ARTICLE 5","type":"ARTICLE","avant_A_Apres":"A","divisionRattachee":{},"articleAdditionnel":"false","chapitreAdditionnel":"false","urlDivisionTexteVise":"\/16\/textes\/1680A.asp#D_Article_5"},"amendementStandard":{"alinea":{"avant_A_Apres":{},"numero":"6","alineaDesignation":"Alin\u00e9a 6"}}},"corps":{"cartoucheInformatif":{},"contenuAuteur":{"dispositif":"\u003Cp style=\u0022text-align: justify;\u0022\u003EI. \u0026#x00C0; l\u0026#x2019;alin\u0026#x00E9;a\u0026nbsp;6, apr\u0026#x00E8;s le mot\u0026nbsp;:\u0026nbsp;\u003C\/p\u003E\u003Cp style=\u0022text-align: justify;\u0022\u003E\u0026#x00AB;\u0026nbsp;\u0026#x00E9;oliennes\u0026nbsp;\u0026#x00BB;,\u0026nbsp;\u003C\/p\u003E\u003Cp style=\u0022text-align: justify;\u0022\u003Eins\u0026#x00E9;rer les mots\u0026nbsp;:\u003C\/p\u003E\u003Cp style=\u0022text-align: justify;\u0022\u003E\u0026#x00AB;\u0026nbsp;, des \u0026#x00E9;lectrolyseurs et des \u0026#x00E9;quipements pour le pi\u0026#x00E9;geage, l\u0026#x2019;utilisation et le stockage du dioxyde de carbone\u0026nbsp;\u0026#x00BB;.\u0026nbsp;\u003C\/p\u003E\u003Cp\u003EII.\u0026nbsp;\u0026#x2013;\u0026nbsp;Compl\u0026#x00E9;ter cet article par les deux alin\u0026#x00E9;as suivants\u0026nbsp;:\u003C\/p\u003E\u003Cp\u003E\u0026#x00AB;\u0026nbsp;II.\u0026nbsp;\u0026#x2013;\u0026nbsp;La perte de recettes pour l\u0026#x2019;\u0026#x00C9;tat est compens\u0026#x00E9;e \u0026#x00E0; due concurrence par la cr\u0026#x00E9;ation d\u0026#x2019;une taxe additionnelle \u0026#x00E0; l\u0026#x2019;accise sur les tabacs pr\u0026#x00E9;vue au chapitre\u0026nbsp;IV du titre\u0026nbsp;Ier du livre\u0026nbsp;III du code des impositions sur les biens et services.\u0026nbsp;\u0026#x00BB;\u003C\/p\u003E\u003Cp\u003E\u0026#x00AB;\u0026nbsp;III.\u0026nbsp;\u0026#x2013;\u0026nbsp;Le I n\u0026#x2019;est applicable qu\u0026#x2019;aux sommes venant en d\u0026#x00E9;duction de l\u0026#x2019;imp\u0026#x00F4;t d\u0026#x00FB;.\u0026nbsp;\u0026#x00BB;\u003C\/p\u003E","avantAppel":{},"exposeSommaire":"\u003Cp style=\u0022text-align: justify;\u0022\u003EAmendement d\u0026#x2019;appel. Le soutien aux \u0026#x00E9;lectrolyseurs et \u0026#x00E9;quipements pour le pi\u0026#x00E9;geage, l\u0026#x2019;utilisation et le stockage du dioxyde de carbone est permis par la Commission europ\u0026#x00E9;enne, or n\u0026#x2019;a pas \u0026#x00E9;t\u0026#x00E9; permis par le PLF.\u0026nbsp;\u003C\/p\u003E","annexeExposeSommaire":{}}},"cycleDeVie":{"dateDepot":"2023-10-03","datePublication":"2023-10-11","soumisArticle40":"false","etatDesTraitements":{"etat":{"code":"DI","libelle":"Discut\u00e9"},"sousEtat":{"code":"DI","libelle":"Rejet\u00e9"}},"dateSort":"2023-10-11T23:03:32+02:00","sort":"Rejet\u00e9"},"representations":{"representation":{"nom":"PDF","typeMime":{"type":"application","subType":"PDF"},"statutRepresentation":{"verbatim":"true","canonique":"true","officielle":"true","transcription":"false","enregistrement":"false"},"repSource":{},"offset":{},"contenu":{"documentURI":"\/base\/AMANR5L16PO59048B1680P1D1N000301?format=pdf"},"dateDispoRepresentation":{}}},"seanceDiscussionRef":{},"article99":"false","loiReference":{},"discussionCommune":{"idDiscussion":"22709","typePosition":"Premier"},"discussionIdentique":{},"accordGouvernementDepotHorsDelai":"Sans objet"}