{"uid":"AMANR5L16PO59048B1680P1D1N000359","chronotag":"1697117368045","legislature":"16","identification":{"numeroLong":"I-CF359","numeroOrdreDepot":"359","prefixeOrganeExamen":"CION_FIN","numeroRect":"0"},"examenRef":"EXANR5L16PO59048B1680P1D1","texteLegislatifRef":"PRJLANR5L16B1680","triAmendement":"bdaaaaaaaaaaaaaaaaaaaaaaaaaaaaaaaaaaaaaaaaaaaaaaaaals","cardinaliteAmdtMultiples":"1","amendementParentRef":{},"signataires":{"auteur":{"typeAuteur":"D\u00e9put\u00e9","gouvernementRef":{},"acteurRef":"PA795778","groupePolitiqueRef":"PO800520","auteurRapporteurOrganeRef":{}},"cosignataires":{},"suffixe":"et les membres du groupe Rassemblement National","libelle":" M.\u0026#160;Jean-Philippe\u0026#160;Tanguy et les membres du groupe Rassemblement National"},"pointeurFragmentTexte":{"partieAmendableRef":{},"division":{"titre":"Article 5","articleDesignationCourte":"APR\u00c8S ART. 5","articleDesignation":"APR\u00c8S L\u0027ARTICLE 5, ins\u00e9rer l\u0027article suivant:","type":"ARTICLE","avant_A_Apres":"Apr\u00e8s","divisionRattachee":{},"articleAdditionnel":"true","chapitreAdditionnel":"false","urlDivisionTexteVise":"\/16\/textes\/1680A.asp#D_Article_5"},"amendementStandard":{"alinea":{}}},"corps":{"cartoucheInformatif":{},"contenuAuteur":{"dispositif":"\u003Cp style=\u0022text-align: justify;\u0022\u003EI. \u0026#x2013; Il est institu\u0026#x00E9; en 2024 une contribution exceptionnelle sur les b\u0026#x00E9;n\u0026#x00E9;fices exceptionnels des soci\u0026#x00E9;t\u0026#x00E9;s p\u0026#x00E9;troli\u0026#x00E8;res et gazi\u0026#x00E8;res et des soci\u0026#x00E9;t\u0026#x00E9;s de transport maritime de marchandises redevables de l\u0026#x2019;imp\u0026#x00F4;t sur les soci\u0026#x00E9;t\u0026#x00E9;s pr\u0026#x00E9;vu \u0026#x00E0; l\u0026#x2019;article\u0026nbsp;205 du code g\u0026#x00E9;n\u0026#x00E9;ral des imp\u0026#x00F4;ts qui r\u0026#x00E9;alisent un chiffre d\u0026#x2019;affaires sup\u0026#x00E9;rieur \u0026#x00E0;\u0026nbsp;100 millions d\u0026#x2019;euros et dont le chiffre d\u0026#x2019;affaires enregistr\u0026#x00E9; en 2023 est sup\u0026#x00E9;rieur\u0026nbsp;de 20\u0026nbsp;% \u0026#x00E0; la moyenne constat\u0026#x00E9;e sur les cinq exercices pr\u0026#x00E9;c\u0026#x00E9;dents.\u003C\/p\u003E\u003Cp style=\u0022text-align: justify;\u0022\u003ECette contribution exceptionnelle est \u0026#x00E9;gale \u0026#x00E0;\u0026nbsp;25\u0026nbsp;% du b\u0026#x00E9;n\u0026#x00E9;fice exceptionnel.\u003C\/p\u003E\u003Cp style=\u0022text-align: justify;\u0022\u003EII.\u0026nbsp;\u0026#x2013;\u0026nbsp;La contribution pr\u0026#x00E9;vue au I est assise sur la fraction du r\u0026#x00E9;sultat net r\u0026#x00E9;alis\u0026#x00E9; au titre de l\u0026#x2019;exercice 2023 qui exc\u0026#x00E8;de la moyenne des r\u0026#x00E9;sultats nets r\u0026#x00E9;alis\u0026#x00E9;s au titre des exercices 2020, 2021 et 2022.\u003C\/p\u003E\u003Cp style=\u0022text-align: justify;\u0022\u003EIII. \u0026#x2013; A. \u0026#x2013; Pour les redevables qui sont plac\u0026#x00E9;s sous le r\u0026#x00E9;gime pr\u0026#x00E9;vu aux articles 223 A ou 223 A\u0026nbsp;\u003Ci\u003Ebis\u003C\/i\u003E\u0026nbsp;du code g\u0026#x00E9;n\u0026#x00E9;ral des imp\u0026#x00F4;ts, la contribution exceptionnelle est due par la soci\u0026#x00E9;t\u0026#x00E9; m\u0026#x00E8;re.\u003C\/p\u003E\u003Cp style=\u0022text-align: justify;\u0022\u003EB. \u0026#x2013; Le chiffre d\u0026#x2019;affaires mentionn\u0026#x00E9; au I du pr\u0026#x00E9;sent article s\u0026#x2019;entend du chiffre d\u0026#x2019;affaires r\u0026#x00E9;alis\u0026#x00E9; par le redevable au cours de l\u0026#x2019;exercice ou de la p\u0026#x00E9;riode d\u0026#x2019;imposition, ramen\u0026#x00E9; \u0026#x00E0; douze mois le cas \u0026#x00E9;ch\u0026#x00E9;ant et, pour la soci\u0026#x00E9;t\u0026#x00E9; m\u0026#x00E8;re d\u0026#x2019;un groupe mentionn\u0026#x00E9; aux articles 223 A ou 223 A\u0026nbsp;\u003Ci\u003Ebis\u003C\/i\u003E\u0026nbsp;du code g\u0026#x00E9;n\u0026#x00E9;ral des imp\u0026#x00F4;ts, de la somme des chiffres d\u0026#x2019;affaires de chacune des soci\u0026#x00E9;t\u0026#x00E9;s membres de ce groupe.\u003C\/p\u003E\u003Cp style=\u0022text-align: justify;\u0022\u003EC. \u0026#x2013; Les r\u0026#x00E9;ductions et cr\u0026#x00E9;dits d\u0026#x2019;imp\u0026#x00F4;t et les cr\u0026#x00E9;ances fiscales de toute nature ne sont pas imputables sur la contribution exceptionnelle.\u003C\/p\u003E\u003Cp style=\u0022text-align: justify;\u0022\u003ED. \u0026#x2013; La contribution exceptionnelle est \u0026#x00E9;tablie, contr\u0026#x00F4;l\u0026#x00E9;e et recouvr\u0026#x00E9;e comme l\u0026#x2019;imp\u0026#x00F4;t sur les soci\u0026#x00E9;t\u0026#x00E9;s et sous les m\u0026#x00EA;mes garanties et sanctions. Les r\u0026#x00E9;clamations sont pr\u0026#x00E9;sent\u0026#x00E9;es, instruites et jug\u0026#x00E9;es selon les r\u0026#x00E8;gles applicables \u0026#x00E0; ce m\u0026#x00EA;me imp\u0026#x00F4;t.\u003C\/p\u003E\u003Cp style=\u0022text-align: justify;\u0022\u003EE. \u0026#x2013; La contribution exceptionnelle est pay\u0026#x00E9;e spontan\u0026#x00E9;ment au comptable public comp\u0026#x00E9;tent, au plus tard \u0026#x00E0; la date pr\u0026#x00E9;vue au 2 de l\u0026#x2019;article\u0026nbsp;1668 du\u0026nbsp;code g\u0026#x00E9;n\u0026#x00E9;ral des imp\u0026#x00F4;ts pour le versement du solde de liquidation de l\u0026#x2019;imp\u0026#x00F4;t sur les soci\u0026#x00E9;t\u0026#x00E9;s.\u003C\/p\u003E\u003Cp style=\u0022text-align: justify;\u0022\u003EF. \u0026#x2013; L\u0026#x2019;int\u0026#x00E9;r\u0026#x00EA;t de retard pr\u0026#x00E9;vu \u0026#x00E0; l\u0026#x2019;article\u0026nbsp;1727 du\u0026nbsp;code g\u0026#x00E9;n\u0026#x00E9;ral des imp\u0026#x00F4;ts et la majoration pr\u0026#x00E9;vue \u0026#x00E0; l\u0026#x2019;article\u0026nbsp;1731 du m\u0026#x00EA;me code est fix\u0026#x00E9; \u0026#x00E0; 1\u0026nbsp;% du chiffre d\u0026#x2019;affaires mondial de la soci\u0026#x00E9;t\u0026#x00E9; ou de la soci\u0026#x00E9;t\u0026#x00E9; m\u0026#x00E8;re tel que constat\u0026#x00E9; lors de l\u0026#x2019;exercice comptable ant\u0026#x00E9;rieur.\u003C\/p\u003E\u003Cp style=\u0022text-align: justify;\u0022\u003EIV. \u0026#x2013; La contribution exceptionnelle n\u0026#x2019;est pas admise dans les charges d\u0026#x00E9;ductibles pour l\u0026#x2019;\u0026#x00E9;tablissement de l\u0026#x2019;imp\u0026#x00F4;t sur les soci\u0026#x00E9;t\u0026#x00E9;s.\u003C\/p\u003E\u003Cp style=\u0022text-align: justify;\u0022\u003EV.\u0026nbsp;\u0026#x2013;\u0026nbsp;Pour les soci\u0026#x00E9;t\u0026#x00E9;s membres d\u0026#x2019;un groupe mentionn\u0026#x00E9; au VI du pr\u0026#x00E9;sent article, domicili\u0026#x00E9; hors de France, et dont l\u0026#x2019;activit\u0026#x00E9; est mentionn\u0026#x00E9;e au I du pr\u0026#x00E9;sent article, les b\u0026#x00E9;n\u0026#x00E9;fices 2022 imposables au titre du I du pr\u0026#x00E9;sent article sont d\u0026#x00E9;termin\u0026#x00E9;s par la part du chiffre d\u0026#x2019;affaires du groupe r\u0026#x00E9;alis\u0026#x00E9;e en France dans le total du chiffre d\u0026#x2019;affaires r\u0026#x00E9;alis\u0026#x00E9; en France et hors de France, rapport\u0026#x00E9;e aux b\u0026#x00E9;n\u0026#x00E9;fices d\u0026#x2019;ensemble du groupe.\u003C\/p\u003E\u003Cp style=\u0022text-align: justify;\u0022\u003EVI.\u0026nbsp;\u0026#x2013;\u0026nbsp;Le groupe au sens du V. comprend les entit\u0026#x00E9;s juridiques et personnes morales \u0026#x00E9;tablies ou constitu\u0026#x00E9;es en France ou hors de France.\u003C\/p\u003E\u003Cp style=\u0022text-align: justify;\u0022\u003EVII.\u0026nbsp;\u0026#x2013;\u0026nbsp;Pour les soci\u0026#x00E9;t\u0026#x00E9;s \u0026#x00E9;trang\u0026#x00E8;res ayant une activit\u0026#x00E9; en France et dont la soci\u0026#x00E9;t\u0026#x00E9;-m\u0026#x00E8;re est domicili\u0026#x00E9;e \u0026#x00E0; l\u0026#x2019;\u0026#x00E9;tranger, les b\u0026#x00E9;n\u0026#x00E9;fices imposables au titre du I sont d\u0026#x00E9;termin\u0026#x00E9;s selon les m\u0026#x00EA;mes modalit\u0026#x00E9;s.\u003C\/p\u003E\u003Cp style=\u0022text-align: justify;\u0022\u003EVIII.\u0026nbsp;\u0026#x2013;\u0026nbsp;Dans un d\u0026#x00E9;lai de trois mois \u0026#x00E0; compter de la promulgation de la loi, le Gouvernement remet au Parlement un rapport identifiant les conventions fiscales bilat\u0026#x00E9;rales qu\u0026#x2019;il convient de ren\u0026#x00E9;gocier en vue d\u0026#x2019;\u0026#x00E9;viter la double imposition.\u003C\/p\u003E","avantAppel":{},"exposeSommaire":"\u003Cp style=\u0022text-align: justify;\u0022\u003ELe pr\u0026#x00E9;sent amendement institue une contribution exceptionnelle, pour 2023, sur les surprofits d\u0026#x00E9;gag\u0026#x00E9;s par les secteurs p\u0026#x00E9;troliers, gaziers, et de transport maritime.\u0026nbsp;\u003C\/p\u003E\u003Cp style=\u0022text-align: justify;\u0022\u003ESont concern\u0026#x00E9;es les soci\u0026#x00E9;t\u0026#x00E9;s de ces secteurs ayant r\u0026#x00E9;alis\u0026#x00E9; un chiffre d\u0026#x2019;affaires sup\u0026#x00E9;rieur \u0026#x00E0;\u0026nbsp;cent millions d\u0026#x2019;euros et dont le chiffre d\u0026#x2019;affaires en 2023 est sup\u0026#x00E9;rieur de 20\u0026nbsp;% \u0026#x00E0; la moyenne constat\u0026#x00E9;e lors des cinq exercices pr\u0026#x00E9;c\u0026#x00E9;dents.\u0026nbsp;\u003C\/p\u003E\u003Cp style=\u0022text-align: justify;\u0022\u003ELa notion de surprofit est d\u0026#x00E9;finie par la diff\u0026#x00E9;rence entre, d\u0026#x2019;une part, les b\u0026#x00E9;n\u0026#x00E9;fices observ\u0026#x00E9;s pour 2023, et, d\u0026#x2019;autre part, les b\u0026#x00E9;n\u0026#x00E9;fices observ\u0026#x00E9;s pour les trois exercices pr\u0026#x00E9;c\u0026#x00E9;dents. Le taux appliqu\u0026#x00E9; sur le b\u0026#x00E9;n\u0026#x00E9;fice exceptionnel est de 25\u0026nbsp;%, en sus du taux d\u0026#x2019;IS par ailleurs applicable.\u003C\/p\u003E\u003Cp style=\u0022text-align: justify;\u0022\u003E\u003Cbr\u003E L\u0026#x2019;amendement red\u0026#x00E9;finit, pour ces secteurs et pour l\u0026#x2019;application de cette contribution exceptionnelle, la mani\u0026#x00E8;re dont \u0026#x00EA;tre calcul\u0026#x00E9; le b\u0026#x00E9;n\u0026#x00E9;fice \u0026#x00E0; raison des groupes fran\u0026#x00E7;ais ayant des filiales \u0026#x00E9;trang\u0026#x00E8;res.\u0026nbsp;\u003C\/p\u003E\u003Cp style=\u0022text-align: justify;\u0022\u003ELes b\u0026#x00E9;n\u0026#x00E9;fices 2023 imposables au titre de la contribution exceptionnelle sont d\u0026#x00E9;termin\u0026#x00E9;s par la part du chiffre d\u0026#x2019;affaires du groupe r\u0026#x00E9;alis\u0026#x00E9;e en France dans le total du chiffre d\u0026#x2019;affaires r\u0026#x00E9;alis\u0026#x00E9; en France et hors de France, rapport\u0026#x00E9;e aux b\u0026#x00E9;n\u0026#x00E9;fices d\u0026#x2019;ensemble du groupe. Cette derni\u0026#x00E8;re pr\u0026#x00E9;cision permet d\u0026#x2019;\u0026#x00E9;viter que le dispositif ne se heurte \u0026#x00E0; la question de l\u0026#x2019;\u0026#x00E9;vasion fiscale, tout en demandant au Gouvernement - pour ce faire - d\u0026#x2019;\u0026#x00E9;tablir un rapport sur les conventions fiscales bilat\u0026#x00E9;rales \u0026#x00E0; ren\u0026#x00E9;gocier afin d\u0026#x2019;\u0026#x00E9;viter, pour l\u0026#x2019;application de ce dispositif, la double imposition.\u003C\/p\u003E","annexeExposeSommaire":{}}},"cycleDeVie":{"dateDepot":"2023-10-04","datePublication":"2023-10-11","soumisArticle40":"false","etatDesTraitements":{"etat":{"code":"DI","libelle":"Discut\u00e9"},"sousEtat":{"code":"DI","libelle":"Rejet\u00e9"}},"dateSort":"2023-10-12T15:29:14+02:00","sort":"Rejet\u00e9"},"representations":{"representation":{"nom":"PDF","typeMime":{"type":"application","subType":"PDF"},"statutRepresentation":{"verbatim":"true","canonique":"true","officielle":"true","transcription":"false","enregistrement":"false"},"repSource":{},"offset":{},"contenu":{"documentURI":"\/base\/AMANR5L16PO59048B1680P1D1N000359?format=pdf"},"dateDispoRepresentation":{}}},"seanceDiscussionRef":{},"article99":"false","loiReference":{"codeLoi":"yy contribution","divisionCodeLoi":{}},"discussionCommune":{"idDiscussion":"22807","typePosition":"Milieu"},"discussionIdentique":{},"accordGouvernementDepotHorsDelai":"Sans objet"}