{"uid":"AMANR5L16PO59048B1680P1D1N000709","chronotag":"1697100387873","legislature":"16","identification":{"numeroLong":"I-CF709","numeroOrdreDepot":"709","prefixeOrganeExamen":"CION_FIN","numeroRect":"0"},"examenRef":"EXANR5L16PO59048B1680P1D1","texteLegislatifRef":"PRJLANR5L16B1680","triAmendement":"bdaaaaaaaaaaaaaaaaaaaaaaaaaaaaaaaaaaaaaaaaaaaaaaaaaakzvzxi","cardinaliteAmdtMultiples":"1","amendementParentRef":{},"signataires":{"auteur":{"typeAuteur":"D\u00e9put\u00e9","gouvernementRef":{},"acteurRef":"PA795974","groupePolitiqueRef":"PO800520","auteurRapporteurOrganeRef":{}},"cosignataires":{"acteurRef":["PA793432","PA796118","PA794562","PA793238","PA793374","PA793158","PA794434","PA794522","PA720822","PA720668","PA794886","PA796042","PA793844","PA793182","PA793134","PA795836","PA794638","PA720468","PA794198","PA793548","PA794222","PA795644","PA793964","PA642988","PA793166","PA793928","PA794762","PA793146","PA794718","PA793246","PA794538","PA794678","PA793892","PA796034","PA793832","PA793102","PA793362","PA794418","PA793592","PA795540","PA794734","PA793218","PA795900","PA793632","PA794598","PA796114","PA794030","PA794354","PA795912","PA720614","PA796026","PA793290","PA793608","PA793672","PA793904","PA721932","PA794590","PA794530","PA794770","PA793314","PA793330","PA793616","PA719436","PA795786","PA793852","PA793696","PA793354","PA794322","PA795552","PA794314","PA794670","PA794582","PA793656","PA795966","PA793230","PA793254","PA794442","PA795410","PA794894","PA794570","PA794954","PA796050","PA793382","PA795778","PA794502","PA793298","PA794946"]},"suffixe":{},"libelle":" M.\u0026#160;Lottiaux,  M.\u0026#160;Allisio, Mme\u0026#160;Auzanot, M.\u0026#160;Ballard, M.\u0026#160;Barth\u0026#232;s, M.\u0026#160;Baubry, M.\u0026#160;Beaurain, M.\u0026#160;Bentz, M.\u0026#160;Berteloot, M.\u0026#160;Bilde, M.\u0026#160;Blairy, Mme\u0026#160;Blanc, M.\u0026#160;Boccaletti, Mme\u0026#160;Bordes, M.\u0026#160;Bovet, M.\u0026#160;Buisson, M.\u0026#160;Cabrolier, M.\u0026#160;Catteau, M.\u0026#160;Chenu, M.\u0026#160;Chudeau, Mme\u0026#160;Colombier, Mme\u0026#160;Cousin, Mme\u0026#160;Da\u0026#160;Conceicao\u0026#160;Carvalho, M.\u0026#160;de\u0026#160;Fournas, M.\u0026#160;de\u0026#160;L\u0026#233;pinau, M.\u0026#160;Dessigny, Mme\u0026#160;Diaz, Mme\u0026#160;Dogor-Such, M.\u0026#160;Dragon, Mme\u0026#160;Engrand, M.\u0026#160;Falcon, M.\u0026#160;Fran\u0026#231;ois, M.\u0026#160;Frapp\u0026#233;, Mme\u0026#160;Galzy, M.\u0026#160;Giletti, M.\u0026#160;Gillet, M.\u0026#160;Girard, M.\u0026#160;Gonzalez, Mme\u0026#160;Florence\u0026#160;Goulet, Mme\u0026#160;Grangier, M.\u0026#160;Grenon, M.\u0026#160;Guiniot, M.\u0026#160;Guitton, Mme\u0026#160;Hamelet, M.\u0026#160;Houssin, M.\u0026#160;Jacobelli, Mme\u0026#160;Jaouen, M.\u0026#160;Jolly, Mme\u0026#160;Laporte, Mme\u0026#160;Lavalette, Mme\u0026#160;Le\u0026#160;Pen, Mme\u0026#160;Lechanteux, Mme\u0026#160;Lelouis, Mme\u0026#160;Levavasseur, Mme\u0026#160;Loir, M.\u0026#160;Lopez-Liguori, Mme\u0026#160;Lorho, M.\u0026#160;Loubet, M.\u0026#160;Marchio, Mme\u0026#160;Martinez, Mme\u0026#160;Alexandra\u0026#160;Masson, M.\u0026#160;Bryan\u0026#160;Masson, M.\u0026#160;Mauvieux, M.\u0026#160;Meizonnet, Mme\u0026#160;Menache, M.\u0026#160;Meurin, M.\u0026#160;Muller, Mme\u0026#160;M\u0026#233;lin, M.\u0026#160;M\u0026#233;nag\u0026#233;, M.\u0026#160;Odoul, Mme\u0026#160;Mathilde\u0026#160;Paris, Mme\u0026#160;Parmentier, M.\u0026#160;Pfeffer, Mme\u0026#160;Pollet, M.\u0026#160;Rambaud, Mme\u0026#160;Ranc, M.\u0026#160;Rancoule, Mme\u0026#160;Robert-Dehault, Mme\u0026#160;Roullaud, Mme\u0026#160;Sabatini, M.\u0026#160;Sabatou, M.\u0026#160;Salmon, M.\u0026#160;Schreck, M.\u0026#160;Tach\u0026#233;\u0026#160;de\u0026#160;la\u0026#160;Pagerie, M.\u0026#160;Jean-Philippe\u0026#160;Tanguy, M.\u0026#160;Taverne, M.\u0026#160;Tivoli et M.\u0026#160;Villedieu"},"pointeurFragmentTexte":{"partieAmendableRef":{},"division":{"titre":"Article 5","articleDesignationCourte":"APR\u00c8S ART. 5","articleDesignation":"APR\u00c8S L\u0027ARTICLE 5, ins\u00e9rer l\u0027article suivant:","type":"ARTICLE","avant_A_Apres":"Apr\u00e8s","divisionRattachee":{},"articleAdditionnel":"true","chapitreAdditionnel":"false","urlDivisionTexteVise":"\/16\/textes\/1680A.asp#D_Article_5"},"amendementStandard":{"alinea":{}}},"corps":{"cartoucheInformatif":{},"contenuAuteur":{"dispositif":"\u003Cp style=\u0022text-align: justify;\u0022\u003E\u0026#x00C0; la premi\u0026#x00E8;re phrase du troisi\u0026#x00E8;me alin\u0026#x00E9;a du 2\u0026#x00B0;\u0026nbsp;du 1 de l\u0026#x2019;article\u0026nbsp;50\u0026#x2011;0 du code g\u0026#x00E9;n\u0026#x00E9;ral des imp\u0026#x00F4;ts, le taux\u0026nbsp;: \u0026#x00AB;\u0026nbsp;71\u0026nbsp;%\u0026nbsp;\u0026#x00BB; est remplac\u0026#x00E9; par le taux\u0026nbsp;: \u0026#x00AB;\u0026nbsp;50\u0026nbsp;%\u0026nbsp;\u0026#x00BB;.\u003C\/p\u003E","avantAppel":{},"exposeSommaire":"\u003Cp style=\u0022text-align: justify;\u0022\u003ELa France conna\u0026#x00EE;t une importante crise immobili\u0026#x00E8;re qui se manifeste, notamment, par une p\u0026#x00E9;nurie de logements dans les zones tendues. Dans les r\u0026#x00E9;gions touristiques, qui sont bien souvent des zones tendues, l\u0026#x2019;offre de location \u0026#x00E0; l\u0026#x2019;ann\u0026#x00E9;e est insuffisante.\u003C\/p\u003E\u003Cp style=\u0022text-align: justify;\u0022\u003EPour les propri\u0026#x00E9;taires, le r\u0026#x00E9;gime fiscal des revenus d\u0026#x2019;une location saisonni\u0026#x00E8;re en meubl\u0026#x00E9; est plus incitatif que celui d\u0026#x2019;une location non meubl\u0026#x00E9;e \u0026#x00E0; l\u0026#x2019;ann\u0026#x00E9;e, ce qui peut contribuer \u0026#x00E0; cette p\u0026#x00E9;nurie.\u003C\/p\u003E\u003Cp style=\u0022text-align: justify;\u0022\u003EPour la location meubl\u0026#x00E9;e classique, la fiscalit\u0026#x00E9; applicable d\u0026#x00E9;pend du r\u0026#x00E9;gime fiscal choisi par le propri\u0026#x00E9;taire. Il existe deux r\u0026#x00E9;gimes fiscaux possibles\u0026nbsp;: le r\u0026#x00E9;gime forfaitaire du micro-BIC pour des recettes annuelles inf\u0026#x00E9;rieures \u0026#x00E0; 72 600\u0026nbsp;euros ou le r\u0026#x00E9;gime r\u0026#x00E9;el d\u0026#x00E8;s lors que les recettes sont sup\u0026#x00E9;rieures.\u003C\/p\u003E\u003Cp style=\u0022text-align: justify;\u0022\u003EPar principe, la fiscalit\u0026#x00E9; de la location meubl\u0026#x00E9;e saisonni\u0026#x00E8;re rel\u0026#x00E8;ve cette fois du r\u0026#x00E9;gime micro-BIC d\u0026#x00E8;s lors que les revenus locatifs annuels ne d\u0026#x00E9;passent pas 77 700\u0026nbsp;euros et 188 700\u0026nbsp;euros d\u0026#x00E8;s lors que la location est class\u0026#x00E9;e.\u003C\/p\u003E\u003Cp style=\u0022text-align: justify;\u0022\u003EIl existe deux r\u0026#x00E9;gimes d\u0026#x2019;imposition dont les seuils diff\u0026#x00E8;rent selon la nature de la location\u0026nbsp;: le r\u0026#x00E9;gime forfaitaire et le r\u0026#x00E9;gime r\u0026#x00E9;el. Avec le r\u0026#x00E9;gime forfaitaire, le plus fr\u0026#x00E9;quent compte tenu du plafond de recettes, les locations saisonni\u0026#x00E8;res en meubl\u0026#x00E9; b\u0026#x00E9;n\u0026#x00E9;ficient d\u0026#x2019;un abattement de 71\u0026nbsp;% pour un bien class\u0026#x00E9; \u0026#x00AB;\u0026nbsp;meubl\u0026#x00E9; de tourisme\u0026nbsp;\u0026#x00BB; et de 50\u0026nbsp;% pour un bien meubl\u0026#x00E9; classique.\u003C\/p\u003E\u003Cp style=\u0022text-align: justify;\u0022\u003ECet abattement de 71\u0026nbsp;%, tr\u0026#x00E8;s avantageux, encourage les propri\u0026#x00E9;taires de biens immobiliers \u0026#x00E0; louer en meubl\u0026#x00E9; saisonnier plut\u0026#x00F4;t qu\u0026#x2019;\u0026#x00E0; l\u0026#x2019;ann\u0026#x00E9;e.\u003C\/p\u003E\u003Cp style=\u0022text-align: justify;\u0022\u003ECet amendement vise donc \u0026#x00E0; \u0026#x00E9;galiser les abattements forfaitaires respectifs en alignant celui concernant les locations saisonni\u0026#x00E8;res sur celui des meubl\u0026#x00E9;s classiques, soit 50\u0026nbsp;%.\u0026nbsp;\u003C\/p\u003E","annexeExposeSommaire":{}}},"cycleDeVie":{"dateDepot":"2023-10-04","datePublication":"2023-10-11","soumisArticle40":"false","etatDesTraitements":{"etat":{"code":"DI","libelle":"Discut\u00e9"},"sousEtat":{"code":"DI","libelle":"Rejet\u00e9"}},"dateSort":"2023-10-12T10:46:24+02:00","sort":"Rejet\u00e9"},"representations":{"representation":{"nom":"PDF","typeMime":{"type":"application","subType":"PDF"},"statutRepresentation":{"verbatim":"true","canonique":"true","officielle":"true","transcription":"false","enregistrement":"false"},"repSource":{},"offset":{},"contenu":{"documentURI":"\/base\/AMANR5L16PO59048B1680P1D1N000709?format=pdf"},"dateDispoRepresentation":{}}},"seanceDiscussionRef":{},"article99":"false","loiReference":{"codeLoi":"CGI","divisionCodeLoi":"50-0"},"discussionCommune":{"idDiscussion":"22736","typePosition":"Milieu"},"discussionIdentique":{},"accordGouvernementDepotHorsDelai":"Sans objet"}