{"uid":"AMANR5L16PO59048B1680P1D1N001982","chronotag":"1697052801778","legislature":"16","identification":{"numeroLong":"I-CF1982","numeroOrdreDepot":"1982","prefixeOrganeExamen":"CION_FIN","numeroRect":"0"},"examenRef":"EXANR5L16PO59048B1680P1D1","texteLegislatifRef":"PRJLANR5L16B1680","triAmendement":"awaaaaaaaaaaaaaaaaaaaaaaaaaaaaaaaaaaaaaaaaaaaaaaaahtwji","cardinaliteAmdtMultiples":"1","amendementParentRef":{},"signataires":{"auteur":{"typeAuteur":"D\u00e9put\u00e9","gouvernementRef":{},"acteurRef":"PA719778","groupePolitiqueRef":"PO800514","auteurRapporteurOrganeRef":{}},"cosignataires":{},"suffixe":{},"libelle":" M.\u0026#160;Jolivet"},"pointeurFragmentTexte":{"partieAmendableRef":{},"division":{"titre":"Article 3","articleDesignationCourte":"APR\u00c8S ART. 3","articleDesignation":"APR\u00c8S L\u0027ARTICLE 3, ins\u00e9rer l\u0027article suivant:","type":"ARTICLE","avant_A_Apres":"Apr\u00e8s","divisionRattachee":{},"articleAdditionnel":"true","chapitreAdditionnel":"false","urlDivisionTexteVise":"\/16\/textes\/1680A.asp#D_Article_3"},"amendementStandard":{"alinea":{}}},"corps":{"cartoucheInformatif":{},"contenuAuteur":{"dispositif":"\u003Cp style=\u0022text-align: justify;\u0022\u003EI. \u0026#x2013; Le 1\u0026#x00B0;\u0026nbsp;de l\u0026#x2019;article\u0026nbsp;965 du code g\u0026#x00E9;n\u0026#x00E9;ral des imp\u0026#x00F4;ts est compl\u0026#x00E9;t\u0026#x00E9; par la phrase suivante\u0026nbsp;:\u003C\/p\u003E\u003Cp style=\u0022text-align: justify;\u0022\u003E\u0026#x00AB;\u0026nbsp;Pour l\u0026#x2019;ann\u0026#x00E9;e 2025, sont exclus de l\u0026#x2019;assiette les logements et droits immobiliers relatifs \u0026#x00E0; ces logements, lou\u0026#x00E9;s au titre de la r\u0026#x00E9;sidence principale par des personnes physiques dont les ressources, appr\u0026#x00E9;ci\u0026#x00E9;es \u0026#x00E0; la date de conclusion du bail, n\u0026#x2019;exc\u0026#x00E8;dent pas les plafonds mentionn\u0026#x00E9;s au premier alin\u0026#x00E9;a du III de l\u0026#x2019;article \u003Ci\u003E199 novovicies\u003C\/i\u003E et dont le loyer mensuel n\u0026#x2019;exc\u0026#x00E8;de pas les plafonds mentionn\u0026#x00E9;s au m\u0026#x00EA;me III. Le logement doit avoir \u0026#x00E9;t\u0026#x00E9; lou\u0026#x00E9; au cours d\u0026#x2019;une p\u0026#x00E9;riode au moins \u0026#x00E9;gale \u0026#x00E0; huit mois entre le 1\u003Csup\u003Eer\u003C\/sup\u003E octobre 2023 et le 31 d\u0026#x00E9;cembre 2024.\u0026nbsp;\u0026#x00BB;\u003C\/p\u003E\u003Cp style=\u0022text-align: justify;\u0022\u003EII.\u0026nbsp;\u0026#x2013;\u0026nbsp;La perte de recettes pour l\u0026#x2019;\u0026#x00C9;tat est compens\u0026#x00E9;e \u0026#x00E0; due concurrence par la cr\u0026#x00E9;ation d\u0026#x2019;une taxe additionnelle \u0026#x00E0; l\u0026#x2019;accise sur les tabacs pr\u0026#x00E9;vue au chapitre\u0026nbsp;IV du titre\u0026nbsp;I\u003Csup\u003Eer\u003C\/sup\u003E du livre\u0026nbsp;III du code des impositions sur les biens et services.\u003C\/p\u003E","avantAppel":{},"exposeSommaire":"\u003Cp style=\u0022text-align: justify;\u0022\u003EPar cet amendement, le rapporteur sp\u0026#x00E9;cial de la mission Coh\u0026#x00E9;sion des territoires propose d\u0026#x2019;encourager les m\u0026#x00E9;nages ais\u0026#x00E9;s de mettre en location en 2024 des biens en sortant de l\u0026#x2019;assiette de l\u0026#x2019;IFI les logements qui seraient lou\u0026#x00E9;s sous conditions de loyer et de ressources. Il pourrait \u0026#x00EA;tre pertinent de renforcer la conditionnalit\u0026#x00E9; du dispositif en imposant un conventionnement de l\u0026#x2019;ANAH.\u003C\/p\u003E\u003Cp\u003EUne telle mesure est compl\u0026#x00E9;mentaire et coh\u0026#x00E9;rente avec l\u0026#x2019;alourdissement de la fiscalit\u0026#x00E9; sur les logements vacants et la politique de baisse des loyers. Elle permettrait, \u0026#x00E0; court terme, de remettre sur le march\u0026#x00E9; de la location plusieurs dizaines de milliers de logement \u0026#x00E0; court terme alors que les tensions sur le march\u0026#x00E9; locatif n\u0026#x2019;ont jamais \u0026#x00E9;t\u0026#x00E9; aussi fortes\u0026nbsp;: les biens disponibles \u0026#x00E0; la location auraient baiss\u0026#x00E9; de pr\u0026#x00E8;s du tiers entre 2022 et 2023 selon une \u0026#x00E9;tude de la FNAIM.\u003C\/p\u003E","annexeExposeSommaire":{}}},"cycleDeVie":{"dateDepot":"2023-10-05","datePublication":"2023-10-10","soumisArticle40":"false","etatDesTraitements":{"etat":{"code":"DI","libelle":"Discut\u00e9"},"sousEtat":{"code":"DI","libelle":"Rejet\u00e9"}},"dateSort":"2023-10-11T21:33:19+02:00","sort":"Rejet\u00e9"},"representations":{"representation":{"nom":"PDF","typeMime":{"type":"application","subType":"PDF"},"statutRepresentation":{"verbatim":"true","canonique":"true","officielle":"true","transcription":"false","enregistrement":"false"},"repSource":{},"offset":{},"contenu":{"documentURI":"\/base\/AMANR5L16PO59048B1680P1D1N001982?format=pdf"},"dateDispoRepresentation":{}}},"seanceDiscussionRef":{},"article99":"false","loiReference":{"codeLoi":"CGI","divisionCodeLoi":"965"},"discussionCommune":{"idDiscussion":"22769","typePosition":"Premier"},"discussionIdentique":{},"accordGouvernementDepotHorsDelai":"Sans objet"}