{"uid":"AMANR5L16PO59048B1680P1D1N002694","chronotag":"1697037468296","legislature":"16","identification":{"numeroLong":"I-CF2694","numeroOrdreDepot":"2694","prefixeOrganeExamen":"CION_FIN","numeroRect":"0"},"examenRef":"EXANR5L16PO59048B1680P1D1","texteLegislatifRef":"PRJLANR5L16B1680","triAmendement":"awaaaaaaaaaaaaaaaaaaaaaaaaaaaaaaaaaaaaaaaaaaaaaaaaerqzzzzyzxu","cardinaliteAmdtMultiples":"1","amendementParentRef":{},"signataires":{"auteur":{"typeAuteur":"D\u00e9put\u00e9","gouvernementRef":{},"acteurRef":"PA793780","groupePolitiqueRef":"PO800526","auteurRapporteurOrganeRef":{}},"cosignataires":{"acteurRef":["PA795058","PA795362","PA795454","PA794008","PA793980","PA795010","PA794022","PA722344","PA794146","PA795636","PA795794","PA793708","PA793664","PA794154","PA794778","PA795076","PA610002","PA795808","PA720952","PA736201","PA793948"]},"suffixe":{},"libelle":" Mme\u0026#160;Arrighi,  M.\u0026#160;Bayou, Mme\u0026#160;Belluco, M.\u0026#160;Ben\u0026#160;Cheikh, Mme\u0026#160;Chatelain, M.\u0026#160;Fournier, Mme\u0026#160;Garin, M.\u0026#160;Iordanoff, M.\u0026#160;Julien-Laferri\u0026#232;re, Mme\u0026#160;Laernoes, M.\u0026#160;Lucas, Mme\u0026#160;Pasquini, M.\u0026#160;Peytavie, Mme\u0026#160;Pochon, M.\u0026#160;Raux, Mme\u0026#160;Regol, Mme\u0026#160;Rousseau, Mme\u0026#160;Sas, Mme\u0026#160;Sebaihi, M.\u0026#160;Tach\u0026#233;, Mme\u0026#160;Taill\u0026#233;-Polian et M.\u0026#160;Thierry"},"pointeurFragmentTexte":{"partieAmendableRef":{},"division":{"titre":"Article 3","articleDesignationCourte":"APR\u00c8S ART. 3","articleDesignation":"APR\u00c8S L\u0027ARTICLE 3, ins\u00e9rer l\u0027article suivant:","type":"ARTICLE","avant_A_Apres":"Apr\u00e8s","divisionRattachee":{},"articleAdditionnel":"true","chapitreAdditionnel":"false","urlDivisionTexteVise":"\/16\/textes\/1680A.asp#D_Article_3"},"amendementStandard":{"alinea":{}}},"corps":{"cartoucheInformatif":{},"contenuAuteur":{"dispositif":"\u003Cp style=\u0022text-align: justify;\u0022\u003EI.\u0026nbsp;\u0026#x2013;\u0026nbsp;Le 1 du I de l\u0026#x2019;article\u0026nbsp;223\u0026nbsp;\u003Ci\u003Esexies\u003C\/i\u003E du code g\u0026#x00E9;n\u0026#x00E9;ral des imp\u0026#x00F4;ts est ainsi modifi\u0026#x00E9;\u0026nbsp;:\u003C\/p\u003E\u003Cp style=\u0022text-align: justify;\u0022\u003E1\u0026#x00B0;\u0026nbsp;Le deuxi\u0026#x00E8;me alin\u0026#x00E9;a est ainsi modifi\u0026#x00E9;\u0026nbsp;:\u003C\/p\u003E\u003Cp style=\u0022text-align: justify;\u0022\u003E\u003Ci\u003Ea)\u003C\/i\u003E\u0026nbsp;Le taux\u0026nbsp;: \u0026#x00AB;\u0026nbsp;3\u0026nbsp;%\u0026nbsp;\u0026#x00BB; est remplac\u0026#x00E9; par le taux\u0026nbsp;: \u0026#x00AB;4,25\u0026nbsp;%\u0026nbsp;\u0026#x00BB;.\u003C\/p\u003E\u003Cp style=\u0022text-align: justify;\u0022\u003E\u003Ci\u003Eb)\u003C\/i\u003E\u0026nbsp;Apr\u0026#x00E8;s les mots\u0026nbsp;: \u0026#x00AB;\u0026nbsp;veufs, s\u0026#x00E9;par\u0026#x00E9;s,\u0026nbsp;\u0026#x00BB;, la fin de la phrase est ainsi r\u0026#x00E9;dig\u0026#x00E9;e\u0026nbsp;:\u0026nbsp;\u003C\/p\u003E\u003Cp style=\u0022text-align: justify;\u0022\u003E\u0026#x00AB;\u0026nbsp;divorc\u0026#x00E9;s ou les contribuables soumis \u0026#x00E0; imposition commune\u0026nbsp;;\u0026nbsp;\u0026#x00BB;\u003C\/p\u003E\u003Cp style=\u0022text-align: justify;\u0022\u003E2\u0026#x00B0;\u0026nbsp;Le dernier alin\u0026#x00E9;a est ainsi modifi\u0026#x00E9;\u0026nbsp;:\u003C\/p\u003E\u003Cp style=\u0022text-align: justify;\u0022\u003E\u003Ci\u003Ea)\u003C\/i\u003E\u0026nbsp;Le taux\u0026nbsp;: \u0026#x00AB;\u0026nbsp;4\u0026nbsp;%\u0026nbsp;\u0026#x00BB; est remplac\u0026#x00E9; par le taux\u0026nbsp;: \u0026#x00AB;6,5\u0026nbsp;%\u0026nbsp;\u0026#x00BB;.\u0026nbsp;\u003C\/p\u003E\u003Cp style=\u0022text-align: justify;\u0022\u003E\u003Ci\u003Eb)\u003C\/i\u003E Apr\u0026#x00E8;s les mots\u0026nbsp;: \u0026#x00AB;\u0026nbsp;veufs, s\u0026#x00E9;par\u0026#x00E9;s,\u0026nbsp;\u0026#x00BB;, la fin de la phrase est ainsi r\u0026#x00E9;dig\u0026#x00E9;e\u0026nbsp;: \u0026#x00AB;\u0026nbsp;divorc\u0026#x00E9;s ou les contribuables soumis \u0026#x00E0; imposition commune.\u0026nbsp;\u0026#x00BB;\u003C\/p\u003E\u003Cp style=\u0022text-align: justify;\u0022\u003EII.\u0026nbsp;\u0026#x2013;\u0026nbsp;Le I du pr\u0026#x00E9;sent article\u0026nbsp;s\u0026#x2019;applique \u0026#x00E0; compter de l\u0026#x2019;imposition des revenus de l\u0026#x2019;ann\u0026#x00E9;e 2024.\u003C\/p\u003E","avantAppel":{},"exposeSommaire":"\u003Cp style=\u0022text-align: justify;\u0022\u003ECet amendement propose une augmentation de la CEHR. En France,\u0026nbsp;les plus\u0026nbsp;ais\u0026#x00E9;s contribuent proportionnellement moins au pot commun que les classes moyennes, allant ainsi \u0026#x00E0; l\u0026#x2019;encontre du principe de progressivit\u0026#x00E9; de l\u0026#x2019;imp\u0026#x00F4;t. Il est proposer de rattraper cette injustice en r\u0026#x00E9;haussant dans le contexte actuel les taux de la contribution exceptionnelle sur les hauts revenus.\u0026nbsp;\u003C\/p\u003E\u003Cp style=\u0022text-align: justify;\u0022\u003ECette imposition sur le revenu n\u0026#x2019;est pas affect\u0026#x00E9;e par le plafonnement des pr\u0026#x00E9;l\u0026#x00E8;vements obligatoires organis\u0026#x00E9; dans le cadre du pr\u0026#x00E9;l\u0026#x00E8;vement forfaitaire unique. Cela permet une plus juste imposition des revenus du capital des plus ais\u0026#x00E9;s, davantage justifi\u0026#x00E9;e par souci de solidarit\u0026#x00E9; en temps de crise.\u003C\/p\u003E\u003Cp style=\u0022text-align: justify;\u0022\u003ECette contribution\u0026nbsp;permettrait de renforcer le pacte r\u0026#x00E9;publicain et de se donner un peu de moyens pour financer\u0026nbsp;la transition \u0026#x00E9;cologique.\u0026nbsp;\u003C\/p\u003E","annexeExposeSommaire":{}}},"cycleDeVie":{"dateDepot":"2023-10-05","datePublication":"2023-10-11","soumisArticle40":"false","etatDesTraitements":{"etat":{"code":"DI","libelle":"Discut\u00e9"},"sousEtat":{"code":"DI","libelle":"Rejet\u00e9"}},"dateSort":"2023-10-11T17:16:39+02:00","sort":"Rejet\u00e9"},"representations":{"representation":{"nom":"PDF","typeMime":{"type":"application","subType":"PDF"},"statutRepresentation":{"verbatim":"true","canonique":"true","officielle":"true","transcription":"false","enregistrement":"false"},"repSource":{},"offset":{},"contenu":{"documentURI":"\/base\/AMANR5L16PO59048B1680P1D1N002694?format=pdf"},"dateDispoRepresentation":{}}},"seanceDiscussionRef":{},"article99":"false","loiReference":{"codeLoi":"CGI","divisionCodeLoi":"233 sexies"},"discussionCommune":{"idDiscussion":"22666","typePosition":"Milieu"},"discussionIdentique":{},"accordGouvernementDepotHorsDelai":"Sans objet"}