{"uid":"AMANR5L16PO59048B1680P2D1N001885","chronotag":"1698349986442","legislature":"16","identification":{"numeroLong":"II-CF1885","numeroOrdreDepot":"1885","prefixeOrganeExamen":"CION_FIN","numeroRect":"0"},"examenRef":"EXANR5L16PO59048B1680P2D1","texteLegislatifRef":"PRJLANR5L16B1680","triAmendement":"balaaaaaaaaaaaaaaaaaaaaaaaaaaaaaaaaaaaaaaaaaaaaaaac","cardinaliteAmdtMultiples":"1","amendementParentRef":{},"signataires":{"auteur":{"typeAuteur":"D\u00e9put\u00e9","gouvernementRef":{},"acteurRef":"PA333421","groupePolitiqueRef":"PO800532","auteurRapporteurOrganeRef":{}},"cosignataires":{},"suffixe":{},"libelle":" M.\u0026#160;Pancher"},"pointeurFragmentTexte":{"partieAmendableRef":{},"division":{"titre":"Article 52","articleDesignationCourte":"ART. 52","articleDesignation":"ARTICLE 52","type":"ARTICLE","avant_A_Apres":"A","divisionRattachee":{},"articleAdditionnel":"false","chapitreAdditionnel":"false","urlDivisionTexteVise":"\/16\/textes\/1680C.asp#D_Article_52"},"missionVisee":{"codeEtat":"B","codeMissionMinefi":"TA","libelleMission":"\u00c9cologie, d\u00e9veloppement et mobilit\u00e9 durables","missionRef":"2661"},"amendementStandard":{"alinea":{"avant_A_Apres":"A","numero":"1","alineaDesignation":"Alin\u00e9a 1"}}},"corps":{"cartoucheInformatif":{},"contenuAuteur":{"dispositif":"\u003Cp style=\u0022text-align: justify;\u0022\u003E\u0026#x00C0; la fin de l\u0026#x2019;alin\u0026#x00E9;a\u0026nbsp;1, apr\u0026#x00E8;s le mot\u0026nbsp;:\u0026nbsp;\u003C\/p\u003E\u003Cp style=\u0022text-align: justify;\u0022\u003E\u0026#x00AB;\u0026nbsp;clients\u0026nbsp;\u0026#x00BB;,\u003C\/p\u003E\u003Cp style=\u0022text-align: justify;\u0022\u003Eins\u0026#x00E9;rer les mots\u0026nbsp;:\u0026nbsp;\u003C\/p\u003E\u003Cp style=\u0022text-align: justify;\u0022\u003E\u0026#x00AB;\u0026nbsp;, \u0026#x00E0; l\u0026#x2019;exception des m\u0026#x00E9;nages dont les revenus sont sup\u0026#x00E9;rieurs \u0026#x00E0;\u0026nbsp;82\u0026nbsp;341\u0026nbsp;\u0026#x20AC;,\u0026nbsp;\u0026#x00BB;.\u003C\/p\u003E","avantAppel":{},"exposeSommaire":"\u003Cp style=\u0022text-align: justify;\u0022\u003ESelon une analyse men\u0026#x00E9;e par le Conseil d\u0026#x2019;analyse \u0026#x00E9;conomique, le bouclier tarifaire a contribu\u0026#x00E9; \u0026#x00E0; la r\u0026#x00E9;duction des factures et a eu un \u0026#x00AB;\u0026nbsp;impact h\u0026#x00E9;t\u0026#x00E9;rog\u0026#x00E8;ne sur les m\u0026#x00E9;nages en fonction de leur niveau de vie\u0026nbsp;\u0026#x00BB;. Concr\u0026#x00E8;tement, \u0026#x00AB;\u0026nbsp;le dispositif\u0026nbsp;a donn\u0026#x00E9; davantage en euros aux Fran\u0026#x00E7;ais les plus ais\u0026#x00E9;s, alors que ces m\u0026#x00E9;nages pouvaient potentiellement mieux absorber le choc de la hausse des prix\u0026nbsp;\u0026#x00BB;, a indiqu\u0026#x00E9; l\u0026#x2019;\u0026#x00E9;conomiste Xavier Jaravel, coauteur de l\u0026#x2019;\u0026#x00E9;tude.\u0026nbsp;\u003C\/p\u003E\u003Cp style=\u0022text-align: justify;\u0022\u003ELes \u0026#x00E9;conomistes Isabelle M\u0026#x00E9;jean, Xavier Jaravel et Xavier Ragot ont estim\u0026#x00E9; qu\u0026#x2019;\u0026#x00AB;\u0026nbsp;\u0026#x00E9;tant donn\u0026#x00E9; son poids pour les finances publiques, un retour au tarif r\u0026#x00E9;glement\u0026#x00E9; (de l\u0026#x2019;\u0026#x00E9;lectricit\u0026#x00E9;) devrait \u0026#x00EA;tre envisag\u0026#x00E9;, avec une sortie du bouclier plus rapide pour les m\u0026#x00E9;nages les plus ais\u0026#x00E9;s, tandis que\u0026nbsp;les plus modestes continueraient de b\u0026#x00E9;n\u0026#x00E9;ficier d\u0026#x2019;un accompagnement\u0026nbsp;\u0026#x00BB;. Cela permettrait de r\u0026#x00E9;aliser \u0026#x00AB;\u0026nbsp;des\u0026nbsp;\u0026#x00E9;conomies budg\u0026#x00E9;taires substantielles\u0026nbsp;\u0026#x00BB; et \u0026#x00AB;\u0026nbsp;d\u0026#x2019;inciter \u0026#x00E0; r\u0026#x00E9;duire la consommation d\u0026#x2019;\u0026#x00E9;lectricit\u0026#x00E9;\u0026nbsp;\u0026#x00BB;, ont affirm\u0026#x00E9; les chercheurs.\u0026nbsp;\u003C\/p\u003E\u003Cp style=\u0022text-align: justify;\u0022\u003EEn excluant, 20\u0026nbsp;% des m\u0026#x00E9;nages les plus ais\u0026#x00E9;s,\u0026nbsp;des \u0026#x00E9;conomies budg\u0026#x00E9;taires de l\u0026#x2019;ordre de 5 \u0026#x00E0; 6\u0026nbsp;milliards d\u0026#x2019;euros pourraient \u0026#x00EA;tre r\u0026#x00E9;alis\u0026#x00E9;es. Ces \u0026#x00E9;conomies pourraient \u0026#x00EA;tre utilis\u0026#x00E9;es pour mieux accompagner les m\u0026#x00E9;nages les plus pr\u0026#x00E9;caires face \u0026#x00E0; la hausse des prix de l\u0026#x2019;\u0026#x00E9;nergie.\u003C\/p\u003E\u003Cp style=\u0022text-align: justify;\u0022\u003ECet amendement invite le Gouvernement \u0026#x00E0; exclure les m\u0026#x00E9;nages gagnant plus de\u0026nbsp;82 341\u0026nbsp;\u0026#x20AC; par an (deux plus haute tranches d\u0026#x2019;imp\u0026#x00F4;ts sur les revenus) du b\u0026#x00E9;n\u0026#x00E9;fice du bouclier tarifaire.\u0026nbsp;\u003C\/p\u003E","annexeExposeSommaire":{}}},"cycleDeVie":{"dateDepot":"2023-10-20","datePublication":"2023-10-26","soumisArticle40":"false","etatDesTraitements":{"etat":{"code":"DI","libelle":"Discut\u00e9"},"sousEtat":{"code":"DI","libelle":"Non soutenu"}},"dateSort":"2023-10-26T21:53:04+02:00","sort":"Non soutenu"},"representations":{"representation":{"nom":"PDF","typeMime":{"type":"application","subType":"PDF"},"statutRepresentation":{"verbatim":"true","canonique":"true","officielle":"true","transcription":"false","enregistrement":"false"},"repSource":{},"offset":{},"contenu":{"documentURI":"\/base\/AMANR5L16PO59048B1680P2D1N001885?format=pdf"},"dateDispoRepresentation":{}}},"seanceDiscussionRef":{},"article99":"false","loiReference":{},"discussionCommune":{},"discussionIdentique":{},"accordGouvernementDepotHorsDelai":"Sans objet"}