{"uid":"AMANR5L16PO59051B0952P0D1N000006","chronotag":"1686133656034","legislature":"16","identification":{"numeroLong":"CL6","numeroOrdreDepot":"6","prefixeOrganeExamen":"CION_LOIS","numeroRect":"0"},"examenRef":"EXANR5L16PO59051B0952P0D1","texteLegislatifRef":"PIONANR5L16B0952","triAmendement":"iaaaaaaaaaaaaaaaaaaaaaaaaaaaaaaaaaaaaaaaaaaaaaaaaac","cardinaliteAmdtMultiples":"1","amendementParentRef":{},"signataires":{"auteur":{"typeAuteur":"D\u00e9put\u00e9","gouvernementRef":{},"acteurRef":"PA794322","groupePolitiqueRef":"PO800520","auteurRapporteurOrganeRef":{}},"cosignataires":{"acteurRef":["PA793432","PA796118","PA794562","PA793238","PA793374","PA793158","PA794434","PA794522","PA720822","PA720668","PA794886","PA796042","PA793844","PA793182","PA793134","PA795836","PA794638","PA720468","PA794198","PA793548","PA794222","PA795644","PA793964","PA642988","PA793166","PA793928","PA794762","PA793146","PA794718","PA793246","PA794538","PA794678","PA793892","PA796034","PA793832","PA793102","PA793362","PA794418","PA793592","PA795540","PA794734","PA793218","PA795900","PA793632","PA794598","PA794030","PA794354","PA795912","PA720614","PA796026","PA793290","PA793608","PA793672","PA793904","PA721932","PA795974","PA794590","PA794530","PA794770","PA793314","PA793330","PA793616","PA719436","PA795786","PA793852","PA793696","PA793354","PA795552","PA794314","PA794670","PA794582","PA793656","PA795966","PA793230","PA793254","PA794442","PA795410","PA794894","PA794570","PA794954","PA796050","PA793382","PA795778","PA794502","PA793298","PA794946"]},"suffixe":{},"libelle":" M.\u0026#160;M\u0026#233;nag\u0026#233;,  M.\u0026#160;Allisio, Mme\u0026#160;Auzanot, M.\u0026#160;Ballard, M.\u0026#160;Barth\u0026#232;s, M.\u0026#160;Baubry, M.\u0026#160;Beaurain, M.\u0026#160;Bentz, M.\u0026#160;Berteloot, M.\u0026#160;Bilde, M.\u0026#160;Blairy, Mme\u0026#160;Blanc, M.\u0026#160;Boccaletti, Mme\u0026#160;Bordes, M.\u0026#160;Bovet, M.\u0026#160;Buisson, M.\u0026#160;Cabrolier, M.\u0026#160;Catteau, M.\u0026#160;Chenu, M.\u0026#160;Chudeau, Mme\u0026#160;Colombier, Mme\u0026#160;Cousin, Mme\u0026#160;Da\u0026#160;Conceicao\u0026#160;Carvalho, M.\u0026#160;de\u0026#160;Fournas, M.\u0026#160;de\u0026#160;L\u0026#233;pinau, M.\u0026#160;Dessigny, Mme\u0026#160;Diaz, Mme\u0026#160;Dogor-Such, M.\u0026#160;Dragon, Mme\u0026#160;Engrand, M.\u0026#160;Falcon, M.\u0026#160;Fran\u0026#231;ois, M.\u0026#160;Frapp\u0026#233;, Mme\u0026#160;Galzy, M.\u0026#160;Giletti, M.\u0026#160;Gillet, M.\u0026#160;Girard, M.\u0026#160;Gonzalez, Mme\u0026#160;Florence\u0026#160;Goulet, Mme\u0026#160;Grangier, M.\u0026#160;Grenon, M.\u0026#160;Guiniot, M.\u0026#160;Guitton, Mme\u0026#160;Hamelet, M.\u0026#160;Houssin, M.\u0026#160;Jacobelli, M.\u0026#160;Jolly, Mme\u0026#160;Laporte, Mme\u0026#160;Lavalette, Mme\u0026#160;Le\u0026#160;Pen, Mme\u0026#160;Lechanteux, Mme\u0026#160;Lelouis, Mme\u0026#160;Levavasseur, Mme\u0026#160;Loir, M.\u0026#160;Lopez-Liguori, Mme\u0026#160;Lorho, M.\u0026#160;Lottiaux, M.\u0026#160;Loubet, M.\u0026#160;Marchio, Mme\u0026#160;Martinez, Mme\u0026#160;Alexandra\u0026#160;Masson, M.\u0026#160;Bryan\u0026#160;Masson, M.\u0026#160;Mauvieux, M.\u0026#160;Meizonnet, Mme\u0026#160;Menache, M.\u0026#160;Meurin, M.\u0026#160;Muller, Mme\u0026#160;M\u0026#233;lin, M.\u0026#160;Odoul, Mme\u0026#160;Mathilde\u0026#160;Paris, Mme\u0026#160;Parmentier, M.\u0026#160;Pfeffer, Mme\u0026#160;Pollet, M.\u0026#160;Rambaud, Mme\u0026#160;Ranc, M.\u0026#160;Rancoule, Mme\u0026#160;Robert-Dehault, Mme\u0026#160;Roullaud, Mme\u0026#160;Sabatini, M.\u0026#160;Sabatou, M.\u0026#160;Salmon, M.\u0026#160;Schreck, M.\u0026#160;Tach\u0026#233;\u0026#160;de\u0026#160;la\u0026#160;Pagerie, M.\u0026#160;Jean-Philippe\u0026#160;Tanguy, M.\u0026#160;Taverne, M.\u0026#160;Tivoli et M.\u0026#160;Villedieu"},"pointeurFragmentTexte":{"partieAmendableRef":{},"division":{"titre":"Article unique","articleDesignationCourte":"APR\u00c8S ART. UNIQUE","articleDesignation":"APR\u00c8S L\u0027ARTICLE UNIQUE, ins\u00e9rer l\u0027article suivant:","type":"ARTICLE","avant_A_Apres":"Apr\u00e8s","divisionRattachee":{},"articleAdditionnel":"true","chapitreAdditionnel":"false","urlDivisionTexteVise":"\/16\/textes\/0952.asp#D_Article_unique"},"amendementStandard":{"alinea":{}}},"corps":{"cartoucheInformatif":{},"contenuAuteur":{"dispositif":"\u003Cp style=\u0022text-align: justify;\u0022\u003ELe chapitre III du titre V du livre I\u003Csup\u003Eer\u003C\/sup\u003E\u0026nbsp;du code \u0026#x00E9;lectoral est ainsi modifi\u0026#x00E9;\u0026nbsp;:\u003C\/p\u003E\u003Cp style=\u0022text-align: justify;\u0022\u003E1\u0026#x00B0;\u0026nbsp;L\u0026#x2019;article L.\u0026nbsp;273\u0026#x2011;11 est compl\u0026#x00E9;t\u0026#x00E9; par un alin\u0026#x00E9;a ainsi r\u0026#x00E9;dig\u0026#x00E9;\u0026nbsp;:\u003C\/p\u003E\u003Cp style=\u0022text-align: justify;\u0022\u003E\u0026#x00AB;\u0026nbsp;Le conseil municipal peut \u0026#x00E0; tout moment proc\u0026#x00E9;der au remplacement d\u0026#x2019;un conseiller communautaire par le premier de ses membres le suivant dans l\u0026#x2019;ordre du tableau et n\u0026#x2019;y si\u0026#x00E9;geant pas.\u0026nbsp;\u0026#x00BB;\u003C\/p\u003E\u003Cp style=\u0022text-align: justify;\u0022\u003E2\u0026#x00B0;\u0026nbsp;Au I de l\u0026#x2019;article L.\u0026nbsp;273\u0026#x2011;12, les mots\u0026nbsp;: \u0026#x00AB;\u0026nbsp;celle mentionn\u0026#x00E9;e au second alin\u0026#x00E9;a\u0026nbsp;\u0026#x00BB; sont remplac\u0026#x00E9;s par les mots\u0026nbsp;: \u0026#x00AB;\u0026nbsp;celles mentionn\u0026#x00E9;es aux\u0026nbsp;deuxi\u0026#x00E8;me\u0026nbsp;et troisi\u0026#x00E8;me alin\u0026#x00E9;as\u0026nbsp;\u0026#x00BB;.\u003C\/p\u003E","avantAppel":{},"exposeSommaire":"\u003Cp style=\u0022text-align: justify;\u0022\u003E\u003Ci\u003EAmendement de repli\u003C\/i\u003E\u003C\/p\u003E\u003Cp style=\u0022text-align: justify;\u0022\u003EAvant la r\u0026#x00E9;forme de 2013, qui a ent\u0026#x00E9;rin\u0026#x00E9; la r\u0026#x00E8;gle selon laquelle les membres du conseil communautaire sont les membres du conseil municipal d\u0026#x00E9;sign\u0026#x00E9;s dans l\u0027ordre du tableau, il \u0026#x00E9;tait loisible \u0026#x00E0; toute commune de moins de 1 000 habitants de remplacer un conseiller communautaire avant l\u0027expiration de son mandat. Cette facult\u0026#x00E9; permettait d\u0027assurer la bonne coordination entre, d\u0027une part, la position du conseil municipal et, d\u0027autre part, la position du ou des d\u0026#x00E9;l\u0026#x00E9;gu\u0026#x00E9;(s) communautaire(s) qui si\u0026#x00E9;geaient au sein de l\u0027\u0026#x00E9;tablissement intercommunal.\u0026nbsp;\u003C\/p\u003E\u003Cp style=\u0022text-align: justify;\u0022\u003EAujourd\u0027hui, les\u0026nbsp;d\u0026#x00E9;lib\u0026#x00E9;rations du conseil municipal ne sont parfois pas honor\u0026#x00E9;es au d\u0026#x00E9;triment de l\u0027int\u0026#x00E9;r\u0026#x00EA;t g\u0026#x00E9;n\u0026#x00E9;ral et de la position de la majorit\u0026#x00E9; des \u0026#x00E9;lus. Le non-respect du vote exprim\u0026#x00E9; par celui-ci de la part d\u0027un d\u0026#x00E9;l\u0026#x00E9;gu\u0026#x00E9; communautaire peut nuire aux int\u0026#x00E9;r\u0026#x00EA;ts de la commune concern\u0026#x00E9;e par cette dissidence, \u0026#x00E0; l\u0027image des documents urbanistiques tels qu\u0027un PLUi qui engage les territoires sur une perspective pluriannuelle dans toute l\u0027\u0026#x00E9;laboration de leur politique d\u0027urbanisme. Ces circonstances peuvent \u0026#x00EA;tre \u0026#x00E0; l\u0027origine de blocages locaux, \u0026#x00E9;lectoraux et surtout de tensions au sein des municipalit\u0026#x00E9;s, \u0026#x00E0; plus forte raison lorsque l\u0027\u0026#x00E9;lu communautaire refuse de d\u0026#x00E9;missionner de son poste de conseiller municipal.\u0026nbsp;\u003C\/p\u003E\u003Cp style=\u0022text-align: justify;\u0022\u003ECette situation peut \u0026#x00EA;tre constat\u0026#x00E9;e dans un certain nombre de communes et semble de nature \u0026#x00E0; justifier une r\u0026#x00E9;forme au vu de la situation particuli\u0026#x00E8;re de celles qui comptent moins de 1 000 habitants. Cet amendement de repli vise donc \u0026#x00E0; permettre au conseil municipal de ces collectivit\u0026#x00E9;s de r\u0026#x00E9;voquer librement le ou les conseillers communautaires qui en sont issus et proc\u0026#x00E9;der au remplacement par la d\u0026#x00E9;signation du premier de ses membres qui suit dans l\u0027ordre du tableau.\u003C\/p\u003E","annexeExposeSommaire":{}}},"cycleDeVie":{"dateDepot":"2023-06-02","datePublication":"2023-06-07","soumisArticle40":"false","etatDesTraitements":{"etat":{"code":"DI","libelle":"Discut\u00e9"},"sousEtat":{"code":"DI","libelle":"Retir\u00e9"}},"dateSort":"2023-06-07T12:27:15+02:00","sort":"Retir\u00e9"},"representations":{"representation":{"nom":"PDF","typeMime":{"type":"application","subType":"PDF"},"statutRepresentation":{"verbatim":"true","canonique":"true","officielle":"true","transcription":"false","enregistrement":"false"},"repSource":{},"offset":{},"contenu":{"documentURI":"\/base\/AMANR5L16PO59051B0952P0D1N000006?format=pdf"},"dateDispoRepresentation":{}}},"seanceDiscussionRef":{},"article99":"false","loiReference":{"codeLoi":"c \u00e9lectoral","divisionCodeLoi":"L273-11"},"discussionCommune":{},"discussionIdentique":{},"accordGouvernementDepotHorsDelai":"Sans objet"}