{"uid":"AMANR5L17PO419604B1641P0D1N000102","chronotag":"1765361842279","legislature":"17","identification":{"numeroLong":"AC102","numeroOrdreDepot":"102","prefixeOrganeExamen":"CION-CEDU","numeroRect":"0"},"examenRef":"EXANR5L17PO419604B1641P0D1","texteLegislatifRef":"PRJLANR5L17B1641","triAmendement":"asaaaaaaaaaaaaaaaaaaaaaaaaaaaaaaaaaaaaaaaaaaaaaaaai","cardinaliteAmdtMultiples":"1","amendementParentRef":{},"signataires":{"auteur":{"typeAuteur":"D\u00e9put\u00e9","gouvernementRef":{},"acteurRef":"PA795136","groupePolitiqueRef":"PO845413","auteurRapporteurOrganeRef":{}},"cosignataires":{"acteurRef":["PA795228","PA793262","PA794906","PA794138","PA795588","PA795084","PA842105","PA841657","PA720430","PA793772","PA795616","PA793444","PA794938","PA795318","PA841023","PA796090","PA793912","PA842187","PA842037","PA791812","PA793736","PA721202","PA793464","PA842155","PA795200","PA795844","PA841251","PA794786","PA794870","PA796070","PA795310","PA794478","PA841947","PA794082","PA794130","PA720846","PA841729","PA795516","PA841515","PA795672","PA795108","PA795298","PA791824","PA842029","PA793532","PA795746","PA342384","PA795422","PA794686","PA841215","PA795482","PA610654","PA841191","PA721960","PA793872","PA720892","PA817211","PA793756","PA796062","PA719578","PA721062","PA841845","PA795982","PA795466","PA793744","PA720952","PA794106","PA794166","PA795164","PA795596"]},"suffixe":{},"libelle":" M.\u0026#160;Coulomme,  Mme\u0026#160;Abomangoli, M.\u0026#160;Alexandre, M.\u0026#160;Amard, Mme\u0026#160;Amiot, Mme\u0026#160;Amrani, M.\u0026#160;Arenas, M.\u0026#160;Arnault, Mme\u0026#160;Belouassa-Cherifi, M.\u0026#160;Bernalicis, M.\u0026#160;Bex, M.\u0026#160;Bilongo, M.\u0026#160;Bompard, M.\u0026#160;Boumertit, M.\u0026#160;Boyard, M.\u0026#160;Cadalen, M.\u0026#160;Caron, M.\u0026#160;Carri\u0026#232;re, Mme\u0026#160;Cathala, M.\u0026#160;Cernon, Mme\u0026#160;Chikirou, M.\u0026#160;Clouet, M.\u0026#160;Coquerel, M.\u0026#160;Delogu, M.\u0026#160;Diouara, Mme\u0026#160;Dufour, Mme\u0026#160;Erodi, Mme\u0026#160;Feld, M.\u0026#160;Fernandes, Mme\u0026#160;Ferrer, M.\u0026#160;Gaillard, Mme\u0026#160;Guett\u0026#233;, M.\u0026#160;Guiraud, Mme\u0026#160;Hamdane, Mme\u0026#160;Hignet, M.\u0026#160;Kerbrat, M.\u0026#160;Lachaud, M.\u0026#160;Lahmar, M.\u0026#160;Laisney, M.\u0026#160;Le\u0026#160;Coq, M.\u0026#160;Le\u0026#160;Gall, Mme\u0026#160;Leboucher, M.\u0026#160;Legavre, Mme\u0026#160;Legrain, Mme\u0026#160;Lejeune, Mme\u0026#160;Lepvraud, M.\u0026#160;L\u0026#233;aument, Mme\u0026#160;\u0026#201;lisa\u0026#160;Martin, M.\u0026#160;Maudet, Mme\u0026#160;Maximi, Mme\u0026#160;Mesmeur, Mme\u0026#160;Manon\u0026#160;Meunier, M.\u0026#160;Nilor, Mme\u0026#160;Nosb\u0026#233;, Mme\u0026#160;Obono, Mme\u0026#160;Oziol, Mme\u0026#160;Panot, M.\u0026#160;Pilato, M.\u0026#160;Piquemal, M.\u0026#160;Portes, M.\u0026#160;Prud\u0026apos;homme, M.\u0026#160;Ratenon, M.\u0026#160;Saint-Martin, M.\u0026#160;Saintoul, Mme\u0026#160;Soudais, Mme\u0026#160;Stambach-Terrenoir, M.\u0026#160;Aur\u0026#233;lien\u0026#160;Tach\u0026#233;, Mme\u0026#160;Taurinya, M.\u0026#160;Tavel, Mme\u0026#160;Trouv\u0026#233; et M.\u0026#160;Vannier"},"pointeurFragmentTexte":{"partieAmendableRef":{},"division":{"titre":"Article 4","articleDesignationCourte":"ART. 4","articleDesignation":"ARTICLE 4","type":"ARTICLE","avant_A_Apres":"A","divisionRattachee":{},"articleAdditionnel":"false","chapitreAdditionnel":"false","urlDivisionTexteVise":"\/17\/textes\/1641.asp#D_Article_4"},"amendementStandard":{"alinea":{}}},"corps":{"cartoucheInformatif":{},"contenuAuteur":{"dispositif":"\u003Cp style=\u0022text-align: justify;\u0022\u003ESupprimer cet article.\u003C\/p\u003E","avantAppel":{},"exposeSommaire":"\u003Cp style=\u0022text-align: justify;\u0022\u003EPar cet amendement, les d\u0026#x00E9;put\u0026#x00E9;.es de la France insoumise proposent de supprimer cet article.\u003C\/p\u003E\u003Cp style=\u0022text-align: justify;\u0022\u003ECet article permet que le contrat \u0026#x00AB; h\u0026#x00F4;te \u0026#x00BB; des jeux Olympiques et Paralympiques de 2030 sign\u0026#x00E9; entre le CIO et d\u0026#x2019;autre part, le CNOSF et les r\u0026#x00E9;gions AURA et PACA comportent des clauses compromissoires. Cette autorisation vaut \u0026#x00E9;galement pour les conventions d\u0026#x2019;ex\u0026#x00E9;cution du contrat conclues entre les personnes publiques et le CIO ou le CIP en vue de la planification, de l\u0026#x2019;organisation, du financement et de la tenue des Jeux.\u003C\/p\u003E\u003Cp style=\u0022text-align: justify;\u0022\u003ECes derni\u0026#x00E8;res excluent la comp\u0026#x00E9;tence des juridictions \u0026#x00E9;tatiques en cas de litige, pr\u0026#x00E9;voyant \u0026#x00E0; la place le recours \u0026#x00E0; l\u0026#x2019;arbitrage. Concr\u0026#x00E8;tement les \u0026#x00E9;ventuels arbitrages sur des litiges relatifs \u0026#x00E0; l\u0026#x2019;interpr\u0026#x00E9;tation, \u0026#x00E0; la validit\u0026#x00E9; et \u0026#x00E0; l\u0026#x2019;ex\u0026#x00E9;cution du contrat h\u0026#x00F4;te et des futurs contrats conclus pour l\u0026#x2019;ex\u0026#x00E9;cution de ce dernier, seront de la pr\u0026#x00E9;rogative du Tribunal Arbitral du sport (TAS), comme pr\u0026#x00E9;vu dans le contrat de ville h\u0026#x00F4;te. A titre de comparaison, le TAS a \u0026#x00E9;t\u0026#x00E9; saisi de 28 litiges pour les jeux olympiques de Rio.\u003C\/p\u003E\u003Cp style=\u0022text-align: justify;\u0022\u003EIl s\u0026#x2019;agit d\u0026#x2019;une d\u0026#x00E9;rogation \u0026#x00E0; l\u0026#x2019;article 2060 du code civil qui interdit aux personnes publiques de recourir \u0026#x00E0; l\u0026#x2019;arbitrage. Il est interdit de compromettre certains litiges, tels que \u0026#x201C;les contestations int\u0026#x00E9;ressant les collectivit\u0026#x00E9;s publiques et les \u0026#x00E9;tablissements publics et plus g\u0026#x00E9;n\u0026#x00E9;ralement dans toutes les mati\u0026#x00E8;res qui int\u0026#x00E9;ressent l\u0027ordre public\u0026#x201D;.\u003C\/p\u003E\u003Cp style=\u0022text-align: justify;\u0022\u003EDans son avis sur le projet de loi, le Conseil d\u0027Etat a pourtant consid\u0026#x00E9;r\u0026#x00E9; que \u0022l\u0027int\u0026#x00E9;r\u0026#x00EA;t national\u0022 li\u0026#x00E9; \u0026#x00E0; l\u0027organisation des JOP justifie cette d\u0026#x00E9;rogation.\u003C\/p\u003E\u003Cp style=\u0022text-align: justify;\u0022\u003ENotre groupe est oppos\u0026#x00E9; aux clauses compromissoires, a fortiori lorsqu\u0026#x2019;elles font sortir du champ judiciaire des pans entiers du droit commercial. Ces clauses typiques du droit des affaires ont \u0026#x00E9;t\u0026#x00E9; cr\u0026#x00E9;\u0026#x00E9;es initialement pour simplifier les \u0026#x201C;affaires\u0026#x201D;, et imposent la confidentialit\u0026#x00E9; des d\u0026#x00E9;cisions rendues suite aux \u0026#x00E9;ventuels litiges.\u003C\/p\u003E\u003Cp style=\u0022text-align: justify;\u0022\u003EElles sont donc peu compatibles avec l\u0026#x2019;int\u0026#x00E9;r\u0026#x00EA;t g\u0026#x00E9;n\u0026#x00E9;ral, et d\u0026#x2019;autant moins dans le cadre d\u0026#x2019;un \u0026#x00E9;v\u0026#x00E9;nement public national de telle ampleur, pour lequel il existe pr\u0026#x00E9;cis\u0026#x00E9;ment un contrat h\u0026#x00F4;te particuli\u0026#x00E8;rement opaque.\u003C\/p\u003E\u003Cp style=\u0022text-align: justify;\u0022\u003EEn outre nous refusons de reconna\u0026#x00EE;tre un quelconque int\u0026#x00E9;r\u0026#x00EA;t national aux JOP, v\u0026#x00E9;ritable machine \u0026#x00E0; engraisser des acteurs priv\u0026#x00E9;s d\u0026#x00E9;j\u0026#x00E0; richissimes et aux co\u0026#x00FB;ts d\u0026#x00E9;vastateurs sur les plans \u0026#x00E9;conomiques, sociaux, et environnementaux.\u003C\/p\u003E","annexeExposeSommaire":{}}},"cycleDeVie":{"dateDepot":"2025-12-05","datePublication":"2025-12-09","soumisArticle40":"false","etatDesTraitements":{"etat":{"code":"DI","libelle":"Discut\u00e9"},"sousEtat":{"code":"DI","libelle":"Rejet\u00e9"}},"dateSort":"2025-12-10T11:16:51+01:00","sort":"Rejet\u00e9"},"representations":{"representation":{"nom":"PDF","typeMime":{"type":"application","subType":"PDF"},"statutRepresentation":{"verbatim":"true","canonique":"true","officielle":"true","transcription":"false","enregistrement":"false"},"repSource":{},"offset":{},"contenu":{"documentURI":"\/base\/AMANR5L17PO419604B1641P0D1N000102?format=pdf"},"dateDispoRepresentation":{}}},"seanceDiscussionRef":{},"article99":"false","loiReference":{},"discussionCommune":{},"discussionIdentique":{},"accordGouvernementDepotHorsDelai":"Sans objet"}