{"uid":"AMANR5L17PO419610B2492P0D1N000006","chronotag":"1775033610938","legislature":"17","identification":{"numeroLong":"CE6","numeroOrdreDepot":"6","prefixeOrganeExamen":"CION-ECO","numeroRect":"0"},"examenRef":"EXANR5L17PO419610B2492P0D1","texteLegislatifRef":"PIONANR5L17B2492","triAmendement":"eaaaaaaaaaaaaaaaaaaaaaaaaaaaaaaaaaaaaaaaaaaaaaaaaabeo","cardinaliteAmdtMultiples":"1","amendementParentRef":{},"signataires":{"auteur":{"typeAuteur":"D\u00e9put\u00e9","gouvernementRef":{},"acteurRef":"PA793246","groupePolitiqueRef":"PO845401","auteurRapporteurOrganeRef":{}},"cosignataires":{"acteurRef":["PA841495","PA793238","PA642988","PA841139","PA793592","PA794354","PA841837","PA793904","PA794590","PA841825","PA719436","PA840915","PA842227","PA793298","PA841575","PA841479"]},"suffixe":{},"libelle":" M.\u0026#160;Falcon,  M.\u0026#160;Amblard, M.\u0026#160;Barth\u0026#232;s, M.\u0026#160;de\u0026#160;L\u0026#233;pinau, M.\u0026#160;Gabarron, Mme\u0026#160;Grangier, Mme\u0026#160;Laporte, M.\u0026#160;Le\u0026#160;Bourgeois, M.\u0026#160;Lopez-Liguori, M.\u0026#160;Loubet, M.\u0026#160;Patrice\u0026#160;Martin, M.\u0026#160;Meizonnet, M.\u0026#160;Monnier, M.\u0026#160;Rivi\u0026#232;re, M.\u0026#160;Tivoli, M.\u0026#160;Vos et M.\u0026#160;Weber"},"pointeurFragmentTexte":{"partieAmendableRef":{},"division":{"titre":"Article PREMIER","articleDesignationCourte":"APR\u00c8S ART. PREMIER","articleDesignation":"APR\u00c8S L\u0027ARTICLE PREMIER, ins\u00e9rer l\u0027article suivant:","type":"ARTICLE","avant_A_Apres":"Apr\u00e8s","divisionRattachee":{},"articleAdditionnel":"true","chapitreAdditionnel":"false","urlDivisionTexteVise":"\/17\/textes\/2492.asp#D_Article_1er"},"amendementStandard":{"alinea":{}}},"corps":{"cartoucheInformatif":{},"contenuAuteur":{"dispositif":"\u003Cp style=\u0022text-align: justify;\u0022\u003ELa sous\u0026#x2011;section\u0026nbsp;2 de la section\u0026nbsp;3 du chapitre\u0026nbsp;IV du titre\u0026nbsp;II du livre\u0026nbsp;II de la deuxi\u0026#x00E8;me partie du code de la consommation est compl\u0026#x00E9;t\u0026#x00E9;e par un article\u0026nbsp;L.\u0026nbsp;224\u0026#x2011;27\u0026#x2011;4 ainsi r\u0026#x00E9;dig\u0026#x00E9;\u0026nbsp;:\u003C\/p\u003E\u003Cp style=\u0022text-align: justify;\u0022\u003E\u0026#x00AB;\u0026nbsp;\u003Ci\u003EArt.\u0026nbsp;224\u0026#x2011;27\u0026#x2011;4\u003C\/i\u003E.\u0026nbsp;\u0026#x2013;\u0026nbsp;Pour la fourniture d\u0026#x2019;un service rattach\u0026#x00E9; \u0026#x00E0; un immeuble \u0026#x00E0; usage d\u0026#x2019;habitation d\u0026#x00E9;termin\u0026#x00E9;, un fournisseur de services d\u0026#x2019;acc\u0026#x00E8;s \u0026#x00E0; internet ne peut conclure un contrat de services de communications \u0026#x00E9;lectroniques avec un consommateur que si celui\u0026#x2011;ci justifie d\u0026#x2019;un titre d\u0026#x2019;occupation l\u0026#x00E9;gitime du logement concern\u0026#x00E9;.\u003C\/p\u003E\u003Cp style=\u0022text-align: justify;\u0022\u003EUn d\u0026#x00E9;cret en Conseil d\u0026#x2019;\u0026#x00C9;tat pr\u0026#x00E9;cise les modalit\u0026#x00E9;s d\u0026#x2019;application du pr\u0026#x00E9;sent article.\u0026nbsp;\u0026#x00BB;\u003C\/p\u003E","avantAppel":{},"exposeSommaire":"\u003Cp\u003EPar le pr\u0026#x00E9;sent amendement, il est propos\u0026#x00E9; d\u0026#x2019;imposer aux fournisseurs de services d\u0026#x2019;acc\u0026#x00E8;s \u0026#x00E0; internet et de t\u0026#x00E9;l\u0026#x00E9;phonie fixe de v\u0026#x00E9;rifier la r\u0026#x00E9;gularit\u0026#x00E9; de l\u0026#x2019;occupation du logement par le demandeur pr\u0026#x00E9;alablement \u0026#x00E0; la souscription d\u0026#x2019;un contrat pour une adresse fixe.\u003C\/p\u003E\u003Cp\u003E\u0026#x00C0; cette fin, le demandeur devra justifier de son droit \u0026#x00E0; occuper le logement au moyen d\u0026#x2019;un document probant, tel qu\u0026#x2019;un titre de propri\u0026#x00E9;t\u0026#x00E9;, un bail locatif ou tout autre titre d\u0026#x2019;occupation r\u0026#x00E9;gulier.\u003C\/p\u003E\u003Cp\u003ECette mesure vise \u0026#x00E0; pr\u0026#x00E9;venir les d\u0026#x00E9;tournements de la proc\u0026#x00E9;dure de souscription, en particulier lorsque de tels contrats sont utilis\u0026#x00E9;s comme justificatifs de domicile de complaisance. Si ces documents sont, en pratique, moins fr\u0026#x00E9;quemment admis par les juridictions que ceux relatifs \u0026#x00E0; la fourniture d\u0026#x2019;eau, de gaz ou d\u0026#x2019;\u0026#x00E9;lectricit\u0026#x00E9;, ils n\u0026#x2019;en demeurent pas moins susceptibles d\u0026#x2019;\u0026#x00EA;tre produits dans diverses d\u0026#x00E9;marches administratives.\u003C\/p\u003E\u003Cp\u003ESurtout, le pr\u0026#x00E9;sent amendement a pour finalit\u0026#x00E9; de lutter contre l\u0026#x2019;occupation illicite de logements, en \u0026#x00E9;vitant que la souscription de services \u0026#x00E0; une adresse donn\u0026#x00E9;e ne puisse \u0026#x00EA;tre utilis\u0026#x00E9;e pour accr\u0026#x00E9;diter, de mani\u0026#x00E8;re frauduleuse, une situation d\u0026#x2019;occupation d\u0026#x00E9;pourvue de tout droit ou titre.\u003C\/p\u003E\u003Cp\u003EEn renfor\u0026#x00E7;ant les obligations de v\u0026#x00E9;rification \u0026#x00E0; la charge des op\u0026#x00E9;rateurs, il contribue ainsi \u0026#x00E0; s\u0026#x00E9;curiser la valeur probante des justificatifs de domicile et \u0026#x00E0; pr\u0026#x00E9;venir les situations d\u0026#x2019;occupation irr\u0026#x00E9;guli\u0026#x00E8;re.\u003C\/p\u003E","annexeExposeSommaire":{}}},"cycleDeVie":{"dateDepot":"2026-03-27","datePublication":"2026-04-01","soumisArticle40":"true","etatDesTraitements":{"etat":{"code":"DI","libelle":"Discut\u00e9"},"sousEtat":{"code":"DI","libelle":"Tomb\u00e9"}},"dateSort":"2026-04-01T10:53:20+02:00","sort":"Tomb\u00e9"},"representations":{"representation":{"nom":"PDF","typeMime":{"type":"application","subType":"PDF"},"statutRepresentation":{"verbatim":"true","canonique":"true","officielle":"true","transcription":"false","enregistrement":"false"},"repSource":{},"offset":{},"contenu":{"documentURI":"\/base\/AMANR5L17PO419610B2492P0D1N000006?format=pdf"},"dateDispoRepresentation":{}}},"seanceDiscussionRef":{},"article99":"false","loiReference":{"codeLoi":"c consommation","divisionCodeLoi":"L224-27-4"},"discussionCommune":{"idDiscussion":"37589","typePosition":"Dernier"},"discussionIdentique":{},"accordGouvernementDepotHorsDelai":"Sans objet"}