{"uid":"AMANR5L17PO419865B2037P0D1N000047","chronotag":"1764758522904","legislature":"17","identification":{"numeroLong":"CD47","numeroOrdreDepot":"47","prefixeOrganeExamen":"CION-DVP","numeroRect":"0"},"examenRef":"EXANR5L17PO419865B2037P0D1","texteLegislatifRef":"PIONANR5L17B2037","triAmendement":"iaaaaaaaaaaaaaaaaaaaaaaaaaaaaaaaaaaaaaaaaaaaaaaaaak","cardinaliteAmdtMultiples":"1","amendementParentRef":{},"signataires":{"auteur":{"typeAuteur":"Rapporteur","gouvernementRef":{},"acteurRef":"PA840829","groupePolitiqueRef":"PO845419","auteurRapporteurOrganeRef":{}},"cosignataires":{},"suffixe":{},"libelle":" M.\u0026#160;Barusseau, rapporteur"},"pointeurFragmentTexte":{"partieAmendableRef":{},"division":{"titre":"Article 3","articleDesignationCourte":"ART. 3","articleDesignation":"ARTICLE 3","type":"ARTICLE","avant_A_Apres":"A","divisionRattachee":{},"articleAdditionnel":"false","chapitreAdditionnel":"false","urlDivisionTexteVise":"\/17\/textes\/2037.asp#D_Article_3"},"amendementStandard":{"alinea":{"avant_A_Apres":{},"numero":"2","alineaDesignation":"Alin\u00e9a 2"}}},"corps":{"cartoucheInformatif":{},"contenuAuteur":{"dispositif":"\u003Cp style=\u0022text-align: justify;\u0022\u003EI.\u0026nbsp;\u0026#x2013;\u0026nbsp;\u0026#x00C0;\u0026nbsp;l\u0026#x2019;alin\u0026#x00E9;a\u0026nbsp;2, apr\u0026#x00E8;s les mots\u0026nbsp;:\u003C\/p\u003E\u003Cp style=\u0022text-align: justify;\u0022\u003E\u0026#x00AB;\u0026nbsp;cotisation additionnelle,\u0026nbsp;\u0026#x00BB;,\u003C\/p\u003E\u003Cp style=\u0022text-align: justify;\u0022\u003Eins\u0026#x00E9;rer les mots\u0026nbsp;:\u0026nbsp;\u003C\/p\u003E\u003Cp style=\u0022text-align: justify;\u0022\u003E\u0026#x00AB;\u0026nbsp;au-dessus du taux mentionn\u0026#x00E9; \u0026#x00E0; l\u0026#x2019;alin\u0026#x00E9;a pr\u0026#x00E9;c\u0026#x00E9;dent, sous un plafond et\u0026nbsp;\u0026#x00BB;.\u003C\/p\u003E\u003Cp style=\u0022text-align: justify;\u0022\u003EII.\u0026nbsp;\u0026#x2013;\u0026nbsp;En cons\u0026#x00E9;quence, au m\u0026#x00EA;me alin\u0026#x00E9;a, substituer au mot\u0026nbsp;:\u003C\/p\u003E\u003Cp style=\u0022text-align: justify;\u0022\u003E\u0026#x00AB;\u0026nbsp;d\u0026#x00E9;finies\u0026nbsp;\u0026#x00BB;\u003C\/p\u003E\u003Cp style=\u0022text-align: justify;\u0022\u003Ele mot\u0026nbsp;:\u003C\/p\u003E\u003Cp style=\u0022text-align: justify;\u0022\u003E\u0026#x00AB;\u0026nbsp;d\u0026#x00E9;finis\u0026nbsp;\u0026#x00BB;.\u003C\/p\u003E","avantAppel":{},"exposeSommaire":"\u003Cp\u003ELe pr\u0026#x00E9;sent amendement permet de fixer un plafond, \u0026#x00E0; d\u0026#x00E9;finir par d\u0026#x00E9;cret en CE, \u0026#x00E0; la possibilit\u0026#x00E9;\u0026nbsp;laiss\u0026#x00E9;e aux assureurs de moduler la surprime pour certains types de biens.\u003C\/p\u003E\u003Cp\u003EIl pr\u0026#x00E9;cise \u0026#x00E9;galement que cette modulation ne peut \u0026#x00EA;tre op\u0026#x00E9;r\u0026#x00E9;e qu\u0027\u0026#x00E0; la hausse.\u003C\/p\u003E","annexeExposeSommaire":{}}},"cycleDeVie":{"dateDepot":"2025-12-02","datePublication":"2025-12-02","soumisArticle40":"false","etatDesTraitements":{"etat":{"code":"DI","libelle":"Discut\u00e9"},"sousEtat":{"code":"DI","libelle":"Adopt\u00e9"}},"dateSort":"2025-12-03T11:41:39+01:00","sort":"Adopt\u00e9"},"representations":{"representation":{"nom":"PDF","typeMime":{"type":"application","subType":"PDF"},"statutRepresentation":{"verbatim":"true","canonique":"true","officielle":"true","transcription":"false","enregistrement":"false"},"repSource":{},"offset":{},"contenu":{"documentURI":"\/base\/AMANR5L17PO419865B2037P0D1N000047?format=pdf"},"dateDispoRepresentation":{}}},"seanceDiscussionRef":{},"article99":"false","loiReference":{"codeLoi":"2.1","divisionCodeLoi":{}},"discussionCommune":{},"discussionIdentique":{},"accordGouvernementDepotHorsDelai":"Sans objet"}