{"uid":"AMANR5L17PO419865B2308P0D1N000022","chronotag":"1770201183288","legislature":"17","identification":{"numeroLong":"CD22","numeroOrdreDepot":"22","prefixeOrganeExamen":"CION-DVP","numeroRect":"0"},"examenRef":"EXANR5L17PO419865B2308P0D1","texteLegislatifRef":"PIONANR5L17B2308","triAmendement":"caaaaaaaaaaaaaaaaaaaaaaaaaaaaaaaaaaaaaaaaaaaaaaaaauj","cardinaliteAmdtMultiples":"1","amendementParentRef":{},"signataires":{"auteur":{"typeAuteur":"D\u00e9put\u00e9","gouvernementRef":{},"acteurRef":"PA842085","groupePolitiqueRef":"PO845401","auteurRapporteurOrganeRef":{}},"cosignataires":{},"suffixe":{},"libelle":" M.\u0026#160;Humbert"},"pointeurFragmentTexte":{"partieAmendableRef":{},"division":{"titre":"Article PREMIER","articleDesignationCourte":"ART. PREMIER","articleDesignation":"ARTICLE PREMIER","type":"ARTICLE","avant_A_Apres":"A","divisionRattachee":{},"articleAdditionnel":"false","chapitreAdditionnel":"false","urlDivisionTexteVise":"\/17\/textes\/2308.asp#D_Article_1er"},"amendementStandard":{"alinea":{"avant_A_Apres":{},"numero":"18","alineaDesignation":"Alin\u00e9a 18"}}},"corps":{"cartoucheInformatif":{},"contenuAuteur":{"dispositif":"\u003Cp\u003ESupprimer\u0026nbsp;l\u0027alin\u0026#x00E9;a 18.\u003C\/p\u003E","avantAppel":{},"exposeSommaire":"\u003Cp\u003ELe pr\u0026#x00E9;sent amendement vise \u0026#x00E0; supprimer l\u0027alin\u0026#x00E9;a 18 du pr\u0026#x00E9;sent texte qui introduirait une obligation ferme de d\u0026#x00E9;limitation des aires d\u0027alimentation des captages.\u003C\/p\u003E\u003Cp\u003EIl est pr\u0026#x00E9;f\u0026#x00E9;rable de laisser \u0026#x00E0; l\u0026#x2019;autorit\u0026#x00E9; administrative la facult\u0026#x00E9; de d\u0026#x00E9;limiter les aires d\u0026#x2019;alimentation des captages plut\u0026#x00F4;t que de l\u0026#x2019;y obliger syst\u0026#x00E9;matiquement, afin de garantir une action proportionn\u0026#x00E9;e, adapt\u0026#x00E9;e aux sp\u0026#x00E9;cificit\u0026#x00E9;s locales et fond\u0026#x00E9;e sur un pouvoir d\u0026#x2019;appr\u0026#x00E9;ciation technique, tout en \u0026#x00E9;vitant une rigidit\u0026#x00E9; excessive et des contraintes injustifi\u0026#x00E9;es sur les usages des sols.\u003C\/p\u003E","annexeExposeSommaire":{}}},"cycleDeVie":{"dateDepot":"2026-01-30","datePublication":"2026-02-03","soumisArticle40":"false","etatDesTraitements":{"etat":{"code":"DI","libelle":"Discut\u00e9"},"sousEtat":{"code":"DI","libelle":"Rejet\u00e9"}},"dateSort":"2026-02-04T11:32:38+01:00","sort":"Rejet\u00e9"},"representations":{"representation":{"nom":"PDF","typeMime":{"type":"application","subType":"PDF"},"statutRepresentation":{"verbatim":"true","canonique":"true","officielle":"true","transcription":"false","enregistrement":"false"},"repSource":{},"offset":{},"contenu":{"documentURI":"\/base\/AMANR5L17PO419865B2308P0D1N000022?format=pdf"},"dateDispoRepresentation":{}}},"seanceDiscussionRef":{},"article99":"false","loiReference":{"codeLoi":"0","divisionCodeLoi":{}},"discussionCommune":{},"discussionIdentique":{},"accordGouvernementDepotHorsDelai":"Sans objet"}