{"uid":"AMANR5L17PO420120B1907P0D1N000687","chronotag":"1761772453256","legislature":"17","identification":{"numeroLong":"AS687","numeroOrdreDepot":"687","prefixeOrganeExamen":"CION-SOC","numeroRect":"0"},"examenRef":"EXANR5L17PO420120B1907P0D1","texteLegislatifRef":"PRJLANR5L17B1907","triAmendement":"elaaaaaaaaaaaaaaaaaaaaaaaaaaaaaaaaaaaaaaaaaaaaaaaadi","cardinaliteAmdtMultiples":"1","amendementParentRef":{},"signataires":{"auteur":{"typeAuteur":"D\u00e9put\u00e9","gouvernementRef":{},"acteurRef":"PA840143","groupePolitiqueRef":"PO845401","auteurRapporteurOrganeRef":{}},"cosignataires":{},"suffixe":{},"libelle":" M.\u0026#160;Florquin"},"pointeurFragmentTexte":{"partieAmendableRef":{},"division":{"titre":"Article 24","articleDesignationCourte":"ART. 24","articleDesignation":"ARTICLE 24","type":"ARTICLE","avant_A_Apres":"A","divisionRattachee":{},"articleAdditionnel":"false","chapitreAdditionnel":"false","urlDivisionTexteVise":"\/17\/textes\/1907.asp#D_Article_24"},"amendementStandard":{"alinea":{"avant_A_Apres":{},"numero":"8","alineaDesignation":"Alin\u00e9a 8"}}},"corps":{"cartoucheInformatif":{},"contenuAuteur":{"dispositif":"\u003Cp style=\u0022text-align: justify;\u0022\u003E\u0026#x00C0;\u0026nbsp;l\u0026#x2019;alin\u0026#x00E9;a\u0026nbsp;8, apr\u0026#x00E8;s le mot\u0026nbsp;:\u003C\/p\u003E\u003Cp style=\u0022text-align: justify;\u0022\u003E\u0026#x00AB;\u0026nbsp;n\u0026#x00E9;gociations\u0026nbsp;\u0026#x00BB;,\u003C\/p\u003E\u003Cp style=\u0022text-align: justify;\u0022\u003Eins\u0026#x00E9;rer les mots\u0026nbsp;:\u003C\/p\u003E\u003Cp style=\u0022text-align: justify;\u0022\u003E\u0026#x00AB;\u0026nbsp;imm\u0026#x00E9;diates et obligatoire\u0026nbsp;\u0026#x00BB;.\u003C\/p\u003E","avantAppel":{},"exposeSommaire":"\u003Cp style=\u0022text-align: justify;\u0022\u003ELe pr\u0026#x00E9;sent amendement vise \u0026#x00E0; renforcer la r\u0026#x00E9;activit\u0026#x00E9; et le caract\u0026#x00E8;re imp\u0026#x00E9;ratif des n\u0026#x00E9;gociations tarifaires men\u0026#x00E9;es par l\u0026#x2019;Union nationale des caisses d\u0026#x2019;assurance maladie (UNCAM) lorsque le niveau de rentabilit\u0026#x00E9; d\u0026#x2019;un secteur, d\u0026#x2019;un acte, d\u0026#x2019;une prestation ou d\u0026#x2019;un produit de sant\u0026#x00E9; appara\u0026#x00EE;t manifestement disproportionn\u0026#x00E9; par rapport au reste de l\u0026#x2019;offre de soins.\u003C\/p\u003E\u003Cp style=\u0022text-align: justify;\u0022\u003EDans sa r\u0026#x00E9;daction actuelle, l\u0026#x2019;article\u0026nbsp;L.\u0026nbsp;162\u0026#x2011;14\u0026#x2011;6 du code de la s\u0026#x00E9;curit\u0026#x00E9; sociale pr\u0026#x00E9;voit que les ministres charg\u0026#x00E9;s de la sant\u0026#x00E9; et de la s\u0026#x00E9;curit\u0026#x00E9; sociale peuvent demander \u0026#x00E0; l\u0026#x2019;UNCAM d\u0026#x2019;engager des n\u0026#x00E9;gociations, mais sans fixer de d\u0026#x00E9;lai ni conf\u0026#x00E9;rer \u0026#x00E0; cette d\u0026#x00E9;marche un caract\u0026#x00E8;re obligatoire. En pratique, cette souplesse se traduit par des d\u0026#x00E9;lais importants avant que les discussions tarifaires ne soient effectivement ouvertes, alors m\u0026#x00EA;me que les d\u0026#x00E9;s\u0026#x00E9;quilibres \u0026#x00E9;conomiques sont identifi\u0026#x00E9;s et document\u0026#x00E9;s.\u003C\/p\u003E\u003Cp style=\u0022text-align: justify;\u0022\u003EL\u0026#x2019;ajout des termes \u0026#x00AB;\u0026nbsp;imm\u0026#x00E9;diates et obligatoires\u0026nbsp;\u0026#x00BB; permet d\u0026#x2019;instaurer une proc\u0026#x00E9;dure plus ferme et plus r\u0026#x00E9;active, en obligeant l\u0026#x2019;UNCAM \u0026#x00E0; ouvrir sans d\u0026#x00E9;lai les n\u0026#x00E9;gociations d\u0026#x00E8;s le constat d\u0026#x2019;un exc\u0026#x00E8;s manifeste de rentabilit\u0026#x00E9;. Il s\u0026#x2019;agit de garantir que les baisses de tarifs, lorsqu\u0026#x2019;elles sont justifi\u0026#x00E9;es, puissent intervenir rapidement, dans un objectif de bonne gestion des deniers publics et de pr\u0026#x00E9;servation de l\u0026#x2019;\u0026#x00E9;quilibre financier de l\u0026#x2019;assurance maladie.\u003C\/p\u003E","annexeExposeSommaire":{}}},"cycleDeVie":{"dateDepot":"2025-10-20","datePublication":"2025-10-29","soumisArticle40":"false","etatDesTraitements":{"etat":{"code":"DI","libelle":"Discut\u00e9"},"sousEtat":{"code":"DI","libelle":"Rejet\u00e9"}},"dateSort":"2025-10-29T22:14:01+01:00","sort":"Rejet\u00e9"},"representations":{"representation":{"nom":"PDF","typeMime":{"type":"application","subType":"PDF"},"statutRepresentation":{"verbatim":"true","canonique":"true","officielle":"true","transcription":"false","enregistrement":"false"},"repSource":{},"offset":{},"contenu":{"documentURI":"\/base\/AMANR5L17PO420120B1907P0D1N000687?format=pdf"},"dateDispoRepresentation":{}}},"seanceDiscussionRef":{},"article99":"false","loiReference":{},"discussionCommune":{},"discussionIdentique":{},"accordGouvernementDepotHorsDelai":"Sans objet"}