{"uid":"AMANR5L17PO420120B1907P0D1N001216","chronotag":"1761903223510","legislature":"17","identification":{"numeroLong":"AS1216","numeroOrdreDepot":"1216","prefixeOrganeExamen":"CION-SOC","numeroRect":"0"},"examenRef":"EXANR5L17PO420120B1907P0D1","texteLegislatifRef":"PRJLANR5L17B1907","triAmendement":"haaaaaaaaaaaaaaaaaaaaaaaaaaaaaaaaaaaaaaaaaaaaaaaaabb","cardinaliteAmdtMultiples":"1","amendementParentRef":{},"signataires":{"auteur":{"typeAuteur":"D\u00e9put\u00e9","gouvernementRef":{},"acteurRef":"PA720386","groupePolitiqueRef":"PO845425","auteurRapporteurOrganeRef":{}},"cosignataires":{"acteurRef":["PA722390","PA642725","PA721442","PA793094"]},"suffixe":{},"libelle":" M.\u0026#160;Di\u0026#160;Filippo,  Mme\u0026#160;Corneloup, M.\u0026#160;Li\u0026#233;geon, Mme\u0026#160;Petex et M.\u0026#160;Ray"},"pointeurFragmentTexte":{"partieAmendableRef":{},"division":{"titre":"Article 28","articleDesignationCourte":"APR\u00c8S ART. 28","articleDesignation":"APR\u00c8S L\u0027ARTICLE 28, ins\u00e9rer l\u0027article suivant:","type":"ARTICLE","avant_A_Apres":"Apr\u00e8s","divisionRattachee":{},"articleAdditionnel":"true","chapitreAdditionnel":"false","urlDivisionTexteVise":"\/17\/textes\/1907.asp#D_Article_28"},"amendementStandard":{"alinea":{}}},"corps":{"cartoucheInformatif":{},"contenuAuteur":{"dispositif":"\u003Cp style=\u0022text-align: justify;\u0022\u003EApr\u0026#x00E8;s la premi\u0026#x00E8;re phrase de l\u0026#x2019;alin\u0026#x00E9;a\u0026nbsp;premier\u0026nbsp;de l\u0026#x2019;article\u0026nbsp;L.\u0026nbsp;323\u0026#x2011;1, est ins\u0026#x00E9;r\u0026#x00E9;e une phrase ainsi r\u0026#x00E9;dig\u0026#x00E9;e\u0026nbsp;: \u0026#x00AB;\u0026nbsp;Ce d\u0026#x00E9;lai augmente d\u0026#x2019;un jour pour chaque arr\u0026#x00EA;t de travail survenant moins d\u0026#x2019;un an apr\u0026#x00E8;s un autre arr\u0026#x00EA;t, \u0026#x00E0; l\u0026#x2019;exception des arr\u0026#x00EA;ts de travail li\u0026#x00E9;s \u0026#x00E0; une affection longue dur\u0026#x00E9;e ou \u0026#x00E0; une maladie lourde ou chronique.\u0026nbsp;\u0026#x00BB;\u003C\/p\u003E","avantAppel":{},"exposeSommaire":"\u003Cp style=\u0022text-align: justify;\u0022\u003ECet amendement vise \u0026#x00E0; limiter le recours abusif et r\u0026#x00E9;p\u0026#x00E9;t\u0026#x00E9; aux arr\u0026#x00EA;ts de travail, tout en ne portant pas atteinte aux personnes confront\u0026#x00E9;es \u0026#x00E0; de r\u0026#x00E9;elles difficult\u0026#x00E9;s de sant\u0026#x00E9;, ponctuelles ou non, via l\u0026#x2019;instauration d\u0026#x2019;un nombre de jours de carence modul\u0026#x00E9; en fonction de la fr\u0026#x00E9;quence des arr\u0026#x00EA;ts.\u003C\/p\u003E","annexeExposeSommaire":{}}},"cycleDeVie":{"dateDepot":"2025-10-20","datePublication":"2025-10-29","soumisArticle40":"false","etatDesTraitements":{"etat":{"code":"DI","libelle":"Discut\u00e9"},"sousEtat":{"code":"DI","libelle":"Rejet\u00e9"}},"dateSort":"2025-10-31T10:33:31+01:00","sort":"Rejet\u00e9"},"representations":{"representation":{"nom":"PDF","typeMime":{"type":"application","subType":"PDF"},"statutRepresentation":{"verbatim":"true","canonique":"true","officielle":"true","transcription":"false","enregistrement":"false"},"repSource":{},"offset":{},"contenu":{"documentURI":"\/base\/AMANR5L17PO420120B1907P0D1N001216?format=pdf"},"dateDispoRepresentation":{}}},"seanceDiscussionRef":{},"article99":"false","loiReference":{"codeLoi":"c s\u00e9curit\u00e9 sociale","divisionCodeLoi":"L323-1"},"discussionCommune":{},"discussionIdentique":{},"accordGouvernementDepotHorsDelai":"Sans objet"}