{"uid":"AMANR5L17PO420120B1907P0D1N001686","chronotag":"1761650323245","legislature":"17","identification":{"numeroLong":"AS1686","numeroOrdreDepot":"1686","prefixeOrganeExamen":"CION-SOC","numeroRect":"0"},"examenRef":"EXANR5L17PO420120B1907P0D1","texteLegislatifRef":"PRJLANR5L17B1907","triAmendement":"bcaaaaaaaaaaaaaaaaaaaaaaaaaaaaaaaaaaaaaaaaaaaaaaaatzf","cardinaliteAmdtMultiples":"1","amendementParentRef":{},"signataires":{"auteur":{"typeAuteur":"D\u00e9put\u00e9","gouvernementRef":{},"acteurRef":"PA720976","groupePolitiqueRef":"PO845485","auteurRapporteurOrganeRef":{}},"cosignataires":{"acteurRef":["PA719286","PA795244","PA720960","PA793796","PA721110","PA721474","PA796078"]},"suffixe":{},"libelle":" M.\u0026#160;Mathiasin,  M.\u0026#160;Colombani, M.\u0026#160;Lenormand, M.\u0026#160;Serva, M.\u0026#160;Taupiac, Mme\u0026#160;Sanquer, M.\u0026#160;Viry et Mme\u0026#160;Youssouffa"},"pointeurFragmentTexte":{"partieAmendableRef":{},"division":{"titre":"Article 8","articleDesignationCourte":"APR\u00c8S ART. 8","articleDesignation":"APR\u00c8S L\u0027ARTICLE 8, ins\u00e9rer l\u0027article suivant:","type":"ARTICLE","avant_A_Apres":"Apr\u00e8s","divisionRattachee":{},"articleAdditionnel":"true","chapitreAdditionnel":"false","urlDivisionTexteVise":"\/17\/textes\/1907.asp#D_Article_8"},"amendementStandard":{"alinea":{}}},"corps":{"cartoucheInformatif":{},"contenuAuteur":{"dispositif":"\u003Cp style=\u0022text-align: justify;\u0022\u003EAvant le 1\u003Csup\u003Eer\u003C\/sup\u003E\u0026nbsp;avril\u0026nbsp;2026, le Gouvernement remet au Parlement un rapport d\u0026#x2019;\u0026#x00E9;valuation de l\u0026#x2019;article\u0026nbsp;15 de la loi n\u0026#x00B0; 2017\u0026#x2011;1836 du\u0026nbsp;30\u0026nbsp;d\u0026#x00E9;cembre\u0026nbsp;2017 de financement de la s\u0026#x00E9;curit\u0026#x00E9; sociale pour 2018. Ce rapport \u0026#x00E9;value notamment la fiabilit\u0026#x00E9; du syst\u0026#x00E8;me national version 2 sur lequel repose le recouvrement des cotisations sociales des travailleurs ind\u0026#x00E9;pendants au titre de l\u0026#x2019;ancien r\u0026#x00E9;gime social des ind\u0026#x00E9;pendants\u0026nbsp;et du r\u0026#x00E9;gime actuel, ainsi que les difficult\u0026#x00E9;s persistantes rencontr\u0026#x00E9;es par les travailleurs ind\u0026#x00E9;pendants, en particulier en Outre-mer, qui se voient r\u0026#x00E9;clamer des sommes indues\u0026nbsp;; il analyse les \u0026#x00E9;l\u0026#x00E9;ments li\u0026#x00E9;s \u0026#x00E0; l\u0026#x2019;acquisition de la personnalit\u0026#x00E9; morale par le\u0026nbsp;r\u0026#x00E9;gime social des ind\u0026#x00E9;pendants et les entit\u0026#x00E9;s se pr\u0026#x00E9;sentant comme venant \u0026#x00E0; ses droits\u0026nbsp;; il\u0026nbsp;propose des solutions permettant un r\u0026#x00E8;glement amiable de cette situation.\u003C\/p\u003E","avantAppel":{},"exposeSommaire":"\u003Cp style=\u0022text-align: justify;\u0022\u003ECet amendement vise \u0026#x00E0; demander un rapport pour connaitre enfin toute la v\u0026#x00E9;rit\u0026#x00E9; sur les dysfonctionnements du RSI et de son syst\u0026#x00E8;me\u0026nbsp;\u0026#x00AB;\u0026nbsp;SNV2\u0026nbsp;\u0026#x00BB; qui perdurent m\u0026#x00EA;me apr\u0026#x00E8;s la suppression du RSI et son transfert au r\u0026#x00E9;gime g\u0026#x00E9;n\u0026#x00E9;ral par l\u0026#x2019;article\u0026nbsp;15 de la loi de financement de la s\u0026#x00E9;curit\u0026#x00E9; sociale pour 2018.\u003C\/p\u003E\u003Cp style=\u0022text-align: justify;\u0022\u003EL\u0026#x2019;article\u0026nbsp;27 de la loi n\u0026#x00B0; 2023\u0026#x2011;1250 du\u0026nbsp;26\u0026nbsp;d\u0026#x00E9;cembre\u0026nbsp;2023 de financement de la s\u0026#x00E9;curit\u0026#x00E9; sociale pour 2024 pr\u0026#x00E9;voyait d\u0026#x00E9;j\u0026#x00E0; un tel rapport mais le Gouvernement ne l\u0026#x2019;a jamais r\u0026#x00E9;alis\u0026#x00E9; et n\u0026#x2019;a jamais r\u0026#x00E9;pondu aux sollicitations parlementaires \u0026#x00E0; ce sujet.\u003C\/p\u003E\u003Cp style=\u0022text-align: justify;\u0022\u003EIl s\u0026#x2019;agit pourtant d\u0026#x2019;un sujet dramatique qui empoisonne la vie des ind\u0026#x00E9;pendants, notamment dans les territoires d\u0026#x2019;Outre-mer, puisque des montants continuent encore aujourd\u0026#x2019;hui de leur \u0026#x00EA;tre\u0026nbsp;r\u0026#x00E9;clam\u0026#x00E9;s en dehors de toute justification, au titre du RSI\u0026nbsp;mais \u0026#x00E9;galement au titre\u0026nbsp;du r\u0026#x00E9;gime actuellement en vigueur.\u0026nbsp;\u003C\/p\u003E\u003Cp style=\u0022text-align: justify;\u0022\u003EIl apparait \u0026#x00E9;galement n\u0026#x00E9;cessaire,\u0026nbsp;dans un souci de respect de la\u0026nbsp;l\u0026#x00E9;galit\u0026#x00E9;, d\u0026#x2019;analyser\u0026nbsp;la solidit\u0026#x00E9;\u0026nbsp;juridique de la personnalit\u0026#x00E9; morale du RSI et des\u0026nbsp;diff\u0026#x00E9;rentes caisses\u0026nbsp;URSSAF.\u003C\/p\u003E\u003Cp style=\u0022text-align: justify;\u0022\u003EEnfin, il convient d\u0026#x2019;apporter des solutions aux ind\u0026#x00E9;pendants qui, depuis pr\u0026#x00E8;s de 20 ans, subissent dysfonctionnements et demandes de remboursement de cr\u0026#x00E9;ances insinc\u0026#x00E8;res, et se retrouvent dans une situation financi\u0026#x00E8;re critique voire d\u0026#x00E9;sesp\u0026#x00E9;r\u0026#x00E9;e.\u0026nbsp;\u003C\/p\u003E\u003Cp style=\u0022text-align: justify;\u0022\u003ETel est l\u0026#x2019;objet du pr\u0026#x00E9;sent amendement.\u003C\/p\u003E","annexeExposeSommaire":{}}},"cycleDeVie":{"dateDepot":"2025-10-24","datePublication":"2025-10-27","soumisArticle40":"false","etatDesTraitements":{"etat":{"code":"DI","libelle":"Discut\u00e9"},"sousEtat":{"code":"DI","libelle":"Retir\u00e9"}},"dateSort":"2025-10-28T12:18:40+01:00","sort":"Retir\u00e9"},"representations":{"representation":{"nom":"PDF","typeMime":{"type":"application","subType":"PDF"},"statutRepresentation":{"verbatim":"true","canonique":"true","officielle":"true","transcription":"false","enregistrement":"false"},"repSource":{},"offset":{},"contenu":{"documentURI":"\/base\/AMANR5L17PO420120B1907P0D1N001686?format=pdf"},"dateDispoRepresentation":{}}},"seanceDiscussionRef":{},"article99":"false","loiReference":{"codeLoi":"Z","divisionCodeLoi":{}},"discussionCommune":{},"discussionIdentique":{},"accordGouvernementDepotHorsDelai":"Sans objet"}