{"uid":"AMANR5L17PO420120B2115P0D1N000339","chronotag":"1765363462229","legislature":"17","identification":{"numeroLong":"AS339","numeroOrdreDepot":"339","prefixeOrganeExamen":"CION-SOC","numeroRect":"0"},"examenRef":"EXANR5L17PO420120B2115P0D1","texteLegislatifRef":"PRJLANR5L17B2115","triAmendement":"bciaaaaaaaaaaaaaaaaaaaaaaaaaaaaaaaaaaaaaaaaaaaaaaaaw","cardinaliteAmdtMultiples":"1","amendementParentRef":{},"signataires":{"auteur":{"typeAuteur":"D\u00e9put\u00e9","gouvernementRef":{},"acteurRef":"PA719286","groupePolitiqueRef":"PO845485","auteurRapporteurOrganeRef":{}},"cosignataires":{"acteurRef":["PA793214","PA721474"]},"suffixe":{},"libelle":" M.\u0026#160;Colombani,  Mme\u0026#160;Abadie-Amiel et M.\u0026#160;Viry"},"pointeurFragmentTexte":{"partieAmendableRef":{},"division":{"titre":"Article 5","articleDesignationCourte":"ART. 5","articleDesignation":"ARTICLE 5","type":"ARTICLE","avant_A_Apres":"A","divisionRattachee":{},"articleAdditionnel":"false","chapitreAdditionnel":"false","urlDivisionTexteVise":"\/17\/textes\/2115.asp#D_Article_5"},"amendementStandard":{"alinea":{"avant_A_Apres":{},"numero":"10","alineaDesignation":"Alin\u00e9a 10"}}},"corps":{"cartoucheInformatif":{},"contenuAuteur":{"dispositif":"\u003Cp style=\u0022text-align: justify;\u0022\u003EI.\u0026nbsp;\u0026#x2013;\u0026nbsp;\u0026#x00C0; la seconde phrase de l\u0026#x2019;alin\u0026#x00E9;a\u0026nbsp;10, apr\u0026#x00E8;s la r\u0026#x00E9;f\u0026#x00E9;rence\u0026nbsp;:\u003C\/p\u003E\u003Cp style=\u0022text-align: justify;\u0022\u003E\u0026#x00AB;\u0026nbsp;L.\u0026nbsp;135\u0026#x2011;2\u0026nbsp;\u0026#x00BB;,\u003C\/p\u003E\u003Cp style=\u0022text-align: justify;\u0022\u003Eins\u0026#x00E9;rer les mots\u0026nbsp;:\u003C\/p\u003E\u003Cp style=\u0022text-align: justify;\u0022\u003E\u0026#x00AB;\u0026nbsp;,\u0026nbsp;qui ne peut exc\u0026#x00E9;der six mois,\u0026nbsp;\u0026#x00BB;.\u003C\/p\u003E\u003Cp style=\u0022text-align: justify;\u0022\u003EII.\u0026nbsp;\u0026#x2013;\u0026nbsp;En cons\u0026#x00E9;quence, \u0026#x00E0; la seconde phrase de l\u0026#x2019;alin\u0026#x00E9;a\u0026nbsp;33, apr\u0026#x00E8;s la r\u0026#x00E9;f\u0026#x00E9;rence\u0026nbsp;:\u0026nbsp;\u003C\/p\u003E\u003Cp style=\u0022text-align: justify;\u0022\u003E\u0026#x00AB;\u0026nbsp;L.\u0026nbsp;211\u0026#x2011;17\u0026nbsp;\u0026#x00BB;,\u003C\/p\u003E\u003Cp style=\u0022text-align: justify;\u0022\u003Eproc\u0026#x00E9;der \u0026#x00E0; la m\u0026#x00EA;me insertion.\u003C\/p\u003E\u003Cp style=\u0022text-align: justify;\u0022\u003EIII.\u0026nbsp;\u0026#x2013;\u0026nbsp;En cons\u0026#x00E9;quence, \u0026#x00E0; la seconde phrase de l\u0026#x2019;alin\u0026#x00E9;a\u0026nbsp;63, apr\u0026#x00E8;s la r\u0026#x00E9;f\u0026#x00E9;rence\u0026nbsp;:\u0026nbsp;\u003C\/p\u003E\u003Cp style=\u0022text-align: justify;\u0022\u003E\u0026#x00AB;\u0026nbsp;L.\u0026nbsp;931\u0026#x2011;3\u0026#x2011;10\u0026nbsp;\u0026#x00BB;,\u003C\/p\u003E\u003Cp style=\u0022text-align: justify;\u0022\u003Eproc\u0026#x00E9;der \u0026#x00E0; la m\u0026#x00EA;me insertion.\u003C\/p\u003E","avantAppel":{},"exposeSommaire":"\u003Cp style=\u0022text-align: justify;\u0022\u003EL\u0026#x2019;article\u0026nbsp;5 fixe une dur\u0026#x00E9;e de conservation des donn\u0026#x00E9;es limit\u0026#x00E9;e \u0026#x00E0; ce qui est strictement n\u0026#x00E9;cessaire aux finalit\u0026#x00E9;s pr\u0026#x00E9;vues \u0026#x00E0; l\u0026#x2019;article\u0026nbsp;L.\u0026nbsp;135\u0026#x2011;2 du code des assurances, sans toutefois d\u0026#x00E9;finir de plafond maximal. Le pr\u0026#x00E9;sent amendement introduit une limite claire de six mois, afin d\u0026#x2019;\u0026#x00E9;viter que des donn\u0026#x00E9;es de sant\u0026#x00E9; sensibles ne soient conserv\u0026#x00E9;es au-del\u0026#x00E0; de ce qui est proportionn\u0026#x00E9; et justifi\u0026#x00E9;.\u003C\/p\u003E\u003Cp style=\u0022text-align: justify;\u0022\u003ECette pr\u0026#x00E9;cision renforce le principe de minimisation pr\u0026#x00E9;vu par le RGPD et garantit une meilleure protection des donn\u0026#x00E9;es de sant\u0026#x00E9;, en encadrant strictement leur conservation par les organismes compl\u0026#x00E9;mentaires dans le cadre du tiers payant.\u003C\/p\u003E","annexeExposeSommaire":{}}},"cycleDeVie":{"dateDepot":"2025-12-05","datePublication":"2025-12-09","soumisArticle40":"false","etatDesTraitements":{"etat":{"code":"DI","libelle":"Discut\u00e9"},"sousEtat":{"code":"DI","libelle":"Rejet\u00e9"}},"dateSort":"2025-12-10T11:44:05+01:00","sort":"Rejet\u00e9"},"representations":{"representation":{"nom":"PDF","typeMime":{"type":"application","subType":"PDF"},"statutRepresentation":{"verbatim":"true","canonique":"true","officielle":"true","transcription":"false","enregistrement":"false"},"repSource":{},"offset":{},"contenu":{"documentURI":"\/base\/AMANR5L17PO420120B2115P0D1N000339?format=pdf"},"dateDispoRepresentation":{}}},"seanceDiscussionRef":{},"article99":"false","loiReference":{},"discussionCommune":{},"discussionIdentique":{},"accordGouvernementDepotHorsDelai":"Sans objet"}