{"uid":"AMANR5L17PO59046B2630P0D1N000137","chronotag":"1776854221653","legislature":"17","identification":{"numeroLong":"DN137","numeroOrdreDepot":"137","prefixeOrganeExamen":"CION_DEF","numeroRect":"0"},"examenRef":"EXANR5L17PO59046B2630P0D1","texteLegislatifRef":"PRJLANR5L17B2630","triAmendement":"cuaaaaaaaaaaaaaaaaaaaaaaaaaaaaaaaaaaaaaaaaaaaaaaaahai","cardinaliteAmdtMultiples":"1","amendementParentRef":{},"signataires":{"auteur":{"typeAuteur":"D\u00e9put\u00e9","gouvernementRef":{},"acteurRef":"PA774960","groupePolitiqueRef":"PO845419","auteurRapporteurOrganeRef":{}},"cosignataires":{"acteurRef":["PA794270","PA333285","PA841243","PA841681","PA341981","PA826635","PA719930"]},"suffixe":"et les membres du groupe Socialistes et apparent\u00e9s","libelle":" Mme\u0026#160;Santiago,  Mme\u0026#160;Pic, M.\u0026#160;Garot, M.\u0026#160;Saint-Pasteur, M.\u0026#160;Sother, Mme\u0026#160;R\u0026#233;calde, M.\u0026#160;Aur\u0026#233;lien\u0026#160;Rousseau, M.\u0026#160;Vallaud et les membres du groupe Socialistes et apparent\u0026#233;s"},"pointeurFragmentTexte":{"partieAmendableRef":{},"division":{"titre":"Article 14","articleDesignationCourte":"ART. 14","articleDesignation":"ARTICLE 14","type":"ARTICLE","avant_A_Apres":"A","divisionRattachee":{},"articleAdditionnel":"false","chapitreAdditionnel":"false","urlDivisionTexteVise":"\/17\/textes\/2630.asp#D_Article_14"},"amendementStandard":{"alinea":{"avant_A_Apres":{},"numero":"10","alineaDesignation":"Alin\u00e9a 10"}}},"corps":{"cartoucheInformatif":{},"contenuAuteur":{"dispositif":"\u003Cp style=\u0022text-align: justify;\u0022\u003EI.\u0026nbsp;\u0026#x2013;\u0026nbsp;\u0026#x00C0; l\u0026#x2019;alin\u0026#x00E9;a\u0026nbsp;10, apr\u0026#x00E8;s le mot\u0026nbsp;:\u003C\/p\u003E\u003Cp style=\u0022text-align: justify;\u0022\u003E\u0026#x00AB;\u0026nbsp;notamment\u0026nbsp;\u0026#x00BB;,\u003C\/p\u003E\u003Cp style=\u0022text-align: justify;\u0022\u003Eins\u0026#x00E9;rer les mots\u0026nbsp;:\u003C\/p\u003E\u003Cp style=\u0022text-align: justify;\u0022\u003E\u0026#x00AB;\u0026nbsp;la doctrine d\u0026#x2019;emploi des dispositifs mentionn\u0026#x00E9;s au\u0026nbsp;I du pr\u0026#x00E9;sent article et appliqu\u0026#x00E9;s dans le cadre du pr\u0026#x00E9;sent II,\u0026nbsp;\u0026#x00BB;.\u003C\/p\u003E\u003Cp style=\u0022text-align: justify;\u0022\u003EII.\u0026nbsp;\u0026#x2013;\u0026nbsp;En cons\u0026#x00E9;quence, au m\u0026#x00EA;me alin\u0026#x00E9;a, substituer au mot\u0026nbsp;:\u003C\/p\u003E\u003Cp style=\u0022text-align: justify;\u0022\u003E\u0026#x00AB;\u0026nbsp;celles\u0026nbsp;\u0026#x00BB;\u003C\/p\u003E\u003Cp style=\u0022text-align: justify;\u0022\u003Eles mots\u0026nbsp;:\u003C\/p\u003E\u003Cp style=\u0022text-align: justify;\u0022\u003E\u0026#x00AB;\u0026nbsp;les modalit\u0026#x00E9;s d\u0026#x2019;application\u0026nbsp;\u0026#x00BB;.\u003C\/p\u003E","avantAppel":{},"exposeSommaire":"\u003Cp style=\u0022text-align: justify;\u0022\u003ECet amendement du groupe Socialistes et apparent\u0026#x00E9;s vise s\u0026#x2019;assurer que le d\u0026#x00E9;cret d\u0026#x2019;application pr\u0026#x00E9;cisera la doctrine d\u0026#x2019;emploi des dispositifs vis\u0026#x00E9;s par l\u0026#x2019;article\u0026nbsp;14 qui vise \u0026#x00E0; permettre \u0026#x00E0; certains op\u0026#x00E9;rateurs d\u0026#x2019;importance vitale mentionn\u0026#x00E9;s aux articles L.\u0026nbsp;1332\u0026#x2011;1 et L.\u0026nbsp;1332\u0026#x2011;2 du code de la d\u0026#x00E9;fense de pouvoir recourir, afin de garantir la s\u0026#x00E9;curit\u0026#x00E9; de leurs emprises, \u0026#x00E0; des dispositifs de brouillage ou de neutralisation de drones\u0026nbsp;: en cas de menace imminente ou afin d\u0026#x2019;en pr\u0026#x00E9;venir le survol lorsque celui-ci est interdit pour des raisons d\u0026#x2019;ordre militaire ou de s\u0026#x00E9;curit\u0026#x00E9; publique en application de l\u0026#x2019;article\u0026nbsp;L.\u0026nbsp;6211\u0026#x2011;4 du code des transports. Il permettrait ainsi d\u0026#x2019;autoriser les agents de s\u0026#x00E9;curit\u0026#x00E9; priv\u0026#x00E9;e d\u0026#x2019;un certain nombre de sites sensibles \u0026#x00E0; faire usage de moyens antidrones.\u0026nbsp;\u003C\/p\u003E","annexeExposeSommaire":{}}},"cycleDeVie":{"dateDepot":"2026-04-17","datePublication":"2026-04-20","soumisArticle40":"false","etatDesTraitements":{"etat":{"code":"DI","libelle":"Discut\u00e9"},"sousEtat":{"code":"DI","libelle":"Retir\u00e9"}},"dateSort":"2026-04-22T12:36:46+02:00","sort":"Retir\u00e9"},"representations":{"representation":{"nom":"PDF","typeMime":{"type":"application","subType":"PDF"},"statutRepresentation":{"verbatim":"true","canonique":"true","officielle":"true","transcription":"false","enregistrement":"false"},"repSource":{},"offset":{},"contenu":{"documentURI":"\/base\/AMANR5L17PO59046B2630P0D1N000137?format=pdf"},"dateDispoRepresentation":{}}},"seanceDiscussionRef":{},"article99":"false","loiReference":{"codeLoi":"5","divisionCodeLoi":{}},"discussionCommune":{},"discussionIdentique":{},"accordGouvernementDepotHorsDelai":"Sans objet"}