{"uid":"AMANR5L17PO59046B2630P0D1N000194","chronotag":"1776807962225","legislature":"17","identification":{"numeroLong":"DN194","numeroOrdreDepot":"194","prefixeOrganeExamen":"CION_DEF","numeroRect":"0"},"examenRef":"EXANR5L17PO59046B2630P0D1","texteLegislatifRef":"PRJLANR5L17B2630","triAmendement":"afaaaaaaaaaaaaaaaaaaaaaaaaaaaaaaaaaaaaaaaaaaaaaaaag","cardinaliteAmdtMultiples":"1","amendementParentRef":{},"signataires":{"auteur":{"typeAuteur":"D\u00e9put\u00e9","gouvernementRef":{},"acteurRef":"PA720846","groupePolitiqueRef":"PO845413","auteurRapporteurOrganeRef":{}},"cosignataires":{"acteurRef":["PA795228","PA793262","PA794906","PA794138","PA795588","PA795084","PA842105","PA841657","PA841531","PA720430","PA793772","PA795616","PA793444","PA794938","PA795318","PA841023","PA796090","PA793912","PA842187","PA842037","PA791812","PA793736","PA721202","PA795136","PA793464","PA842155","PA795200","PA795844","PA841251","PA794786","PA794870","PA796070","PA795310","PA841947","PA794082","PA794130","PA841729","PA795516","PA841515","PA795672","PA795108","PA795298","PA791824","PA842029","PA793532","PA795746","PA342384","PA795422","PA794686","PA841215","PA795482","PA610654","PA841191","PA721960","PA793872","PA720892","PA817211","PA793756","PA796062","PA719578","PA721062","PA841845","PA795982","PA795466","PA793744","PA720952","PA794106","PA794166","PA795164","PA795596"]},"suffixe":{},"libelle":" M.\u0026#160;Lachaud,  Mme\u0026#160;Abomangoli, M.\u0026#160;Alexandre, M.\u0026#160;Amard, Mme\u0026#160;Amiot, Mme\u0026#160;Amrani, M.\u0026#160;Arenas, M.\u0026#160;Arnault, Mme\u0026#160;Belouassa-Cherifi, Mme\u0026#160;Bentorki, M.\u0026#160;Bernalicis, M.\u0026#160;Bex, M.\u0026#160;Bilongo, M.\u0026#160;Bompard, M.\u0026#160;Boumertit, M.\u0026#160;Boyard, M.\u0026#160;Cadalen, M.\u0026#160;Caron, M.\u0026#160;Carri\u0026#232;re, Mme\u0026#160;Cathala, M.\u0026#160;Cernon, Mme\u0026#160;Chikirou, M.\u0026#160;Clouet, M.\u0026#160;Coquerel, M.\u0026#160;Coulomme, M.\u0026#160;Delogu, M.\u0026#160;Diouara, Mme\u0026#160;Dufour, Mme\u0026#160;Erodi, Mme\u0026#160;Feld, M.\u0026#160;Fernandes, Mme\u0026#160;Ferrer, M.\u0026#160;Gaillard, Mme\u0026#160;Guett\u0026#233;, Mme\u0026#160;Hamdane, Mme\u0026#160;Hignet, M.\u0026#160;Kerbrat, M.\u0026#160;Lahmar, M.\u0026#160;Laisney, M.\u0026#160;Le\u0026#160;Coq, M.\u0026#160;Le\u0026#160;Gall, Mme\u0026#160;Leboucher, M.\u0026#160;Legavre, Mme\u0026#160;Legrain, Mme\u0026#160;Lejeune, Mme\u0026#160;Lepvraud, M.\u0026#160;L\u0026#233;aument, Mme\u0026#160;\u0026#201;lisa\u0026#160;Martin, M.\u0026#160;Maudet, Mme\u0026#160;Maximi, Mme\u0026#160;Mesmeur, Mme\u0026#160;Manon\u0026#160;Meunier, M.\u0026#160;Nilor, Mme\u0026#160;Nosb\u0026#233;, Mme\u0026#160;Obono, Mme\u0026#160;Oziol, Mme\u0026#160;Panot, M.\u0026#160;Pilato, M.\u0026#160;Piquemal, M.\u0026#160;Portes, M.\u0026#160;Prud\u0026apos;homme, M.\u0026#160;Ratenon, M.\u0026#160;Saint-Martin, M.\u0026#160;Saintoul, Mme\u0026#160;Soudais, Mme\u0026#160;Stambach-Terrenoir, M.\u0026#160;Aur\u0026#233;lien\u0026#160;Tach\u0026#233;, Mme\u0026#160;Taurinya, M.\u0026#160;Tavel, Mme\u0026#160;Trouv\u0026#233; et M.\u0026#160;Vannier"},"pointeurFragmentTexte":{"partieAmendableRef":{},"division":{"titre":"Article 2","articleDesignationCourte":"APR\u00c8S ART. 2","articleDesignation":"APR\u00c8S L\u0027ARTICLE 2, ins\u00e9rer l\u0027article suivant:","type":"ARTICLE","avant_A_Apres":"Apr\u00e8s","divisionRattachee":{},"articleAdditionnel":"true","chapitreAdditionnel":"false","urlDivisionTexteVise":"\/17\/textes\/2630.asp#D_Article_2"},"amendementStandard":{"alinea":{}}},"corps":{"cartoucheInformatif":{},"contenuAuteur":{"dispositif":"\u003Cp style=\u0022text-align: justify;\u0022\u003ELe montant des ressources extrabudg\u0026#x00E9;taires fait l\u0026#x2019;objet d\u0026#x2019;une communication annuelle sp\u0026#x00E9;cifique au Parlement avant le 1\u003Csup\u003Eer\u003C\/sup\u003E\u0026nbsp;octobre de chaque ann\u0026#x00E9;e.\u003C\/p\u003E","avantAppel":{},"exposeSommaire":"\u003Cp style=\u0022text-align: justify;\u0022\u003ECet amendement du groupe La France insoumise vise \u0026#x00E0; clarifier l\u0026#x2019;emploi ou non des ressources extrabudg\u0026#x00E9;taires dans le du budget des arm\u0026#x00E9;es.\u003C\/p\u003E\u003Cp style=\u0022text-align: justify;\u0022\u003EL \u0026#x2019;article\u0026nbsp;4 de la loi de programmation militaire (LPM) pr\u0026#x00E9;cise qu\u0026#x2019;elles comprennent \u0026#x00AB;\u0026nbsp;notamment le retour de l\u0026#x2019;int\u0026#x00E9;gralit\u0026#x00E9; du produit des cessions immobili\u0026#x00E8;res du minist\u0026#x00E8;re de la d\u0026#x00E9;fense\u0026nbsp;\u0026#x00BB;, et les estime \u0026#x00E0; un montant total de 5,8 milliards d\u0026#x2019;euros pour la p\u0026#x00E9;riode 2024\u0026#x2011;2030.\u003C\/p\u003E\u003Cp style=\u0022text-align: justify;\u0022\u003EDans leur rapport d\u0026#x2019;information sur l\u0026#x2019;application de la loi de programmation militaire, le pr\u0026#x00E9;sident de la commission de la d\u0026#x00E9;fense et des forces arm\u0026#x00E9;es Jean-Michel Jacques, et les rapporteurs MM. Chenevard et Saint-Pasteur, notaient que \u0026#x00AB;\u0026nbsp;lors de l\u0026#x2019;audition de la direction des territoires, de l\u0026#x2019;immobilier et de l\u0026#x2019;environnement (DTIE) du minist\u0026#x00E8;re des Arm\u0026#x00E9;es, il a \u0026#x00E9;t\u0026#x00E9; indiqu\u0026#x00E9; que les ressources extrabudg\u0026#x00E9;taires, issues de cessions immobili\u0026#x00E8;res, n\u0026#x2019;avaient pas encore \u0026#x00E9;t\u0026#x00E9; mises \u0026#x00E0; disposition pour 2025, et que \u0026#x00AB;\u0026nbsp;l\u0026#x2019;activation ou non de l\u0026#x2019;article\u0026nbsp;4 \u0026#x00E9;tait une d\u0026#x00E9;cision relevant du minist\u0026#x00E8;re\u0026nbsp;\u0026#x00BB;.\u003C\/p\u003E\u003Cp style=\u0022text-align: justify;\u0022\u003ELe projet annuel de performance (PAP) 2026 pr\u0026#x00E9;cise toutefois qu\u0026#x2019;une partie des ressources du Service de sant\u0026#x00E9; des arm\u0026#x00E9;es (SSA) est issue de ressources extrabudg\u0026#x00E9;taires constitu\u0026#x00E9;es principalement de remboursements au titre des activit\u0026#x00E9;s de soin r\u0026#x00E9;alis\u0026#x00E9;es par le SSA. Leur montant -175 millions d\u0026#x2019;euros- est cependant inf\u0026#x00E9;rieur aux pr\u0026#x00E9;visions de la LPM pour l\u0026#x2019;ann\u0026#x00E9;e 2026- 899 millions d\u0026#x2019;euros.\u003C\/p\u003E\u003Cp style=\u0022text-align: justify;\u0022\u003EL\u0026#x2019;actualisation propos\u0026#x00E9;e ne traite pas explicitement de l\u0026#x2019;utilisation ou non des ressources extrabudg\u0026#x00E9;taires\u0026nbsp;; cet amendement vise \u0026#x00E0; lever cette ambigu\u0026#x00EF;t\u0026#x00E9; et permettre une meilleure information du Parlement, en amont des d\u0026#x00E9;bats budg\u0026#x00E9;taires.\u003C\/p\u003E","annexeExposeSommaire":{}}},"cycleDeVie":{"dateDepot":"2026-04-17","datePublication":"2026-04-20","soumisArticle40":"false","etatDesTraitements":{"etat":{"code":"DI","libelle":"Discut\u00e9"},"sousEtat":{"code":"DI","libelle":"Rejet\u00e9"}},"dateSort":"2026-04-21T23:45:49+02:00","sort":"Rejet\u00e9"},"representations":{"representation":{"nom":"PDF","typeMime":{"type":"application","subType":"PDF"},"statutRepresentation":{"verbatim":"true","canonique":"true","officielle":"true","transcription":"false","enregistrement":"false"},"repSource":{},"offset":{},"contenu":{"documentURI":"\/base\/AMANR5L17PO59046B2630P0D1N000194?format=pdf"},"dateDispoRepresentation":{}}},"seanceDiscussionRef":{},"article99":"false","loiReference":{},"discussionCommune":{"idDiscussion":"37769","typePosition":"Dernier"},"discussionIdentique":{},"accordGouvernementDepotHorsDelai":"Sans objet"}