{"uid":"AMANR5L17PO59046B2630P0D1N000530","chronotag":"1776867093334","legislature":"17","identification":{"numeroLong":"DN530","numeroOrdreDepot":"530","prefixeOrganeExamen":"CION_DEF","numeroRect":"0"},"examenRef":"EXANR5L17PO59046B2630P0D1","texteLegislatifRef":"PRJLANR5L17B2630","triAmendement":"ifaaaaaaaaaaaaaaaaaaaaaaaaaaaaaaaaaaaaaaaaaaaaaaaak","cardinaliteAmdtMultiples":"1","amendementParentRef":{},"signataires":{"auteur":{"typeAuteur":"Rapporteur","gouvernementRef":{},"acteurRef":"PA795908","groupePolitiqueRef":"PO845407","auteurRapporteurOrganeRef":{}},"cosignataires":{"acteurRef":"PA643089"},"suffixe":{},"libelle":" M.\u0026#160;Chenevard, rapporteur et M.\u0026#160;Thi\u0026#233;riot, rapporteur"},"pointeurFragmentTexte":{"partieAmendableRef":{},"division":{"titre":"Article 24","articleDesignationCourte":"ART. 24","articleDesignation":"ARTICLE 24","type":"ARTICLE","avant_A_Apres":"A","divisionRattachee":{},"articleAdditionnel":"false","chapitreAdditionnel":"false","urlDivisionTexteVise":"\/17\/textes\/2630.asp#D_Article_24"},"amendementStandard":{"alinea":{"avant_A_Apres":"A","numero":"13","alineaDesignation":"Alin\u00e9a 13"}}},"corps":{"cartoucheInformatif":{},"contenuAuteur":{"dispositif":"\u003Cp style=\u0022text-align: justify;\u0022\u003E\u0026#x00C0;\u0026nbsp;l\u0026#x2019;alin\u0026#x00E9;a\u0026nbsp;13, supprimer le mot\u0026nbsp;:\u003C\/p\u003E\u003Cp style=\u0022text-align: justify;\u0022\u003E\u0026nbsp;\u0026#x00AB;\u0026nbsp;exclusivement\u0026nbsp;\u0026#x00BB;.\u003C\/p\u003E","avantAppel":{},"exposeSommaire":"\u003Cp style=\u0022text-align: justify;\u0022\u003ELe pr\u0026#x00E9;sent amendement vise \u0026#x00E0; pr\u0026#x00E9;ciser et \u0026#x00E0; adapter le statut des volontaires du service national, afin de mieux tenir compte de la r\u0026#x00E9;alit\u0026#x00E9; des missions des arm\u0026#x00E9;es et de renforcer l\u0026#x2019;attractivit\u0026#x00E9; de cet engagement.\u003C\/p\u003E\u003Cp style=\u0022text-align: justify;\u0022\u003ELe dispositif propos\u0026#x00E9;, tend \u0026#x00E0; d\u0026#x00E9;finir plus pr\u0026#x00E9;cis\u0026#x00E9;ment leur cadre d\u0026#x2019;emploi, en permettant, dans des conditions strictement encadr\u0026#x00E9;es, leur participation \u0026#x00E0; certaines activit\u0026#x00E9;s li\u0026#x00E9;es \u0026#x00E0; la vie et \u0026#x00E0; l\u0026#x2019;activit\u0026#x00E9; des forces, d\u0026#x00E8;s lors qu\u0026#x2019;elles ne pr\u0026#x00E9;sentent aucun caract\u0026#x00E8;re op\u0026#x00E9;rationnel combattant.\u003C\/p\u003E\u003Cp style=\u0022text-align: justify;\u0022\u003EAu-del\u0026#x00E0;, le pr\u0026#x00E9;sent amendement r\u0026#x00E9;pond \u0026#x00E9;galement \u0026#x00E0; une exigence fondamentale de coh\u0026#x00E9;sion et de solidarit\u0026#x00E9; au sein des arm\u0026#x00E9;es. Le principe de solidarit\u0026#x00E9; des armes implique en effet que ceux qui servent sous les couleurs de la Nation participent, dans des conditions adapt\u0026#x00E9;es \u0026#x00E0; leur statut, \u0026#x00E0; l\u0026#x2019;effort collectif qui fonde l\u0026#x2019;engagement militaire. \u0026#x00C0; cet \u0026#x00E9;gard, il ne saurait exister, au sein d\u0026#x2019;une m\u0026#x00EA;me communaut\u0026#x00E9; d\u0026#x2019;engagement, des cat\u0026#x00E9;gories de personnels durablement tenues \u0026#x00E0; l\u0026#x2019;\u0026#x00E9;cart, au risque de cr\u0026#x00E9;er une distinction implicite entre les formes d\u0026#x2019;engagement.\u003C\/p\u003E","annexeExposeSommaire":{}}},"cycleDeVie":{"dateDepot":"2026-04-20","datePublication":"2026-04-20","soumisArticle40":"false","etatDesTraitements":{"etat":{"code":"RT","libelle":"Retir\u00e9"},"sousEtat":{"code":"RT","libelle":"Retir\u00e9 apr\u00e8s publication"}},"dateSort":{},"sort":{}},"representations":{"representation":{"nom":"PDF","typeMime":{"type":"application","subType":"PDF"},"statutRepresentation":{"verbatim":"true","canonique":"true","officielle":"true","transcription":"false","enregistrement":"false"},"repSource":{},"offset":{},"contenu":{"documentURI":"\/base\/AMANR5L17PO59046B2630P0D1N000530?format=pdf"},"dateDispoRepresentation":{}}},"seanceDiscussionRef":{},"article99":"false","loiReference":{},"discussionCommune":{},"discussionIdentique":{},"accordGouvernementDepotHorsDelai":"Sans objet"}