{"uid":"AMANR5L17PO59048B1906P1D1N000104","chronotag":"1760954743180","legislature":"17","identification":{"numeroLong":"I-CF104","numeroOrdreDepot":"104","prefixeOrganeExamen":"CION_FIN","numeroRect":"0"},"examenRef":"EXANR5L17PO59048B1906P1D1","texteLegislatifRef":"PRJLANR5L17B1906","triAmendement":"akaaaaaaaaaaaaaaaaaaaaaaaaaaaaaaaaaaaaaaaaaaaaaaaahe","cardinaliteAmdtMultiples":"1","amendementParentRef":{},"signataires":{"auteur":{"typeAuteur":"D\u00e9put\u00e9","gouvernementRef":{},"acteurRef":"PA719798","groupePolitiqueRef":"PO845407","auteurRapporteurOrganeRef":{}},"cosignataires":{},"suffixe":{},"libelle":" M.\u0026#160;Labaronne"},"pointeurFragmentTexte":{"partieAmendableRef":{},"division":{"titre":"ARTICLE 2","articleDesignationCourte":"APR\u00c8S ART. 2","articleDesignation":"APR\u00c8S L\u0027ARTICLE 2, ins\u00e9rer l\u0027article suivant:","type":"ARTICLE","avant_A_Apres":"Apr\u00e8s","divisionRattachee":{},"articleAdditionnel":"true","chapitreAdditionnel":"false","urlDivisionTexteVise":"\/17\/textes\/1906A.asp#D_ARTICLE_2"},"amendementStandard":{"alinea":{}}},"corps":{"cartoucheInformatif":{},"contenuAuteur":{"dispositif":"\u003Cp style=\u0022text-align: justify;\u0022\u003ELe 4 de l\u0026#x2019;article\u0026nbsp;199\u0026nbsp;\u003Ci\u003Esexdecies\u003C\/i\u003E du code g\u0026#x00E9;n\u0026#x00E9;ral des imp\u0026#x00F4;ts est ainsi modifi\u0026#x00E9;\u0026nbsp;:\u003C\/p\u003E\u003Cp style=\u0022text-align: justify;\u0022\u003E1\u0026#x00B0;\u0026nbsp;Le premier alin\u0026#x00E9;a est remplac\u0026#x00E9; par quatre alin\u0026#x00E9;as ainsi r\u0026#x00E9;dig\u0026#x00E9;s\u0026nbsp;:\u003C\/p\u003E\u003Cp style=\u0022text-align: justify;\u0022\u003E\u0026#x00AB;\u0026nbsp;4. Le cr\u0026#x00E9;dit d\u0026#x2019;imp\u0026#x00F4;t est \u0026#x00E9;gal \u0026#x00E0;\u0026nbsp;:\u003C\/p\u003E\u003Cp style=\u0022text-align: justify;\u0022\u003E\u0026#x00AB;\u0026nbsp;1\u0026#x00B0; 50\u0026nbsp;% des d\u0026#x00E9;penses mentionn\u0026#x00E9;es au\u0026nbsp;1\u0026#x00B0; et 2\u0026#x00B0; de l\u0026#x2019;article\u0026nbsp;L.\u0026nbsp;7231\u0026#x2011;1 du code du travail\u0026nbsp;;\u003C\/p\u003E\u003Cp style=\u0022text-align: justify;\u0022\u003E\u0026#x00AB;\u0026nbsp;2\u0026#x00B0; 40\u0026nbsp;% s\u0026#x2019;il s\u0026#x2019;agit d\u0026#x2019;autres d\u0026#x00E9;penses mentionn\u0026#x00E9;es au\u0026nbsp;3 au titre des services d\u0026#x00E9;finis aux articles L.\u0026nbsp;7231\u0026#x2011;1 et D. 7231\u0026#x2011;1 du m\u0026#x00EA;me code\u0026nbsp;;\u003C\/p\u003E\u003Cp style=\u0022text-align: justify;\u0022\u003E\u0026#x00AB;\u0026nbsp;Ces d\u0026#x00E9;penses doivent \u0026#x00EA;tre support\u0026#x00E9;es par le contribuable au titre de l\u0026#x2019;emploi d\u0026#x2019;un salari\u0026#x00E9;, \u0026#x00E0; sa r\u0026#x00E9;sidence ou \u0026#x00E0; la r\u0026#x00E9;sidence d\u0026#x2019;un ascendant, ou en cas de recours \u0026#x00E0; une association, une entreprise ou un organisme, mentionn\u0026#x00E9; aux \u003Ci\u003Eb\u003C\/i\u003E ou c du\u0026nbsp;1.\u003C\/p\u003E\u003Cp style=\u0022text-align: justify;\u0022\u003E2\u0026#x00B0;\u0026nbsp;Au deuxi\u0026#x00E8;me alin\u0026#x00E9;a, la r\u0026#x00E9;f\u0026#x00E9;rence\u0026nbsp;: \u0026#x00AB;\u0026nbsp;199\u0026nbsp;\u003Ci\u003Equater\u003C\/i\u003E F\u0026nbsp;\u0026#x00BB; est remplac\u0026#x00E9;e par la r\u0026#x00E9;f\u0026#x00E9;rence \u0026#x00AB;\u0026nbsp;199\u0026nbsp;\u003Ci\u003Equater\u003C\/i\u003E C\u0026nbsp;\u0026#x00BB;.\u003C\/p\u003E","avantAppel":{},"exposeSommaire":"\u003Cp style=\u0022text-align: justify;\u0022\u003ECet amendement vise \u0026#x00E0; r\u0026#x00E9;duire de 20\u0026nbsp;% le taux du cr\u0026#x00E9;dit d\u0026#x2019;imp\u0026#x00F4;t pour les services \u0026#x00E0; la personne (CISAP), afin de contribuer \u0026#x00E0; la r\u0026#x00E9;duction du d\u0026#x00E9;ficit public. Parmi les cr\u0026#x00E9;dits d\u0026#x2019;imp\u0026#x00F4;ts les plus co\u0026#x00FB;teux pour les finances publiques, le CISAP a entra\u0026#x00EE;n\u0026#x00E9; une baisse de recettes de 6,1 milliards d\u0026#x2019;euros pour 2024.\u003C\/p\u003E\u003Cp style=\u0022text-align: justify;\u0022\u003ELe pr\u0026#x00E9;sent amendement propose donc d\u0026#x2019;appliquer un taux de 40\u0026nbsp;% pour les d\u0026#x00E9;penses r\u0026#x00E9;alis\u0026#x00E9;es au titre des services aux personnes \u0026#x00E0; leur domicile relatifs aux t\u0026#x00E2;ches m\u0026#x00E9;nag\u0026#x00E8;res ou familiales hors garde d\u0026#x2019;enfants et assistance aux personnes d\u0026#x00E9;pendantes.\u0026nbsp;\u003C\/p\u003E\u003Cp style=\u0022text-align: justify;\u0022\u003ELe taux de 50\u0026nbsp;% serait maintenu pour\u0026nbsp;:\u003C\/p\u003E\u003Cul style=\u0022text-align: justify;\u0022\u003E\u003Cli\u003ELa garde d\u0027enfants,\u003C\/li\u003E\u003Cli\u003EL\u0027assistance aux personnes \u0026#x00E2;g\u0026#x00E9;es, aux personnes en situation de handicap ou \u0026#x00E0; toute personne n\u0026#x00E9;cessitant une aide \u0026#x00E0; domicile ou une aide \u0026#x00E0; la mobilit\u0026#x00E9; de proximit\u0026#x00E9;, facilitant ainsi leur maintien \u0026#x00E0; domicile.\u003C\/li\u003E\u003C\/ul\u003E\u003Cp style=\u0022text-align: justify;\u0022\u003ECet amendement permettrait de r\u0026#x00E9;aliser une \u0026#x00E9;conomie annuelle d\u0026#x2019;environ 900 millions d\u0026#x2019;euros.\u003C\/p\u003E","annexeExposeSommaire":{}}},"cycleDeVie":{"dateDepot":"2025-10-16","datePublication":"2025-10-20","soumisArticle40":"false","etatDesTraitements":{"etat":{"code":"DI","libelle":"Discut\u00e9"},"sousEtat":{"code":"DI","libelle":"Rejet\u00e9"}},"dateSort":"2025-10-20T12:05:29+02:00","sort":"Rejet\u00e9"},"representations":{"representation":{"nom":"PDF","typeMime":{"type":"application","subType":"PDF"},"statutRepresentation":{"verbatim":"true","canonique":"true","officielle":"true","transcription":"false","enregistrement":"false"},"repSource":{},"offset":{},"contenu":{"documentURI":"\/base\/AMANR5L17PO59048B1906P1D1N000104?format=pdf"},"dateDispoRepresentation":{}}},"seanceDiscussionRef":{},"article99":"false","loiReference":{"codeLoi":"CGI","divisionCodeLoi":"199 sexdecies"},"discussionCommune":{"idDiscussion":"32331","typePosition":"Premier"},"discussionIdentique":{},"accordGouvernementDepotHorsDelai":"Sans objet"}