{"uid":"AMANR5L17PO59048B1906P1D1N000420","chronotag":"1761081463488","legislature":"17","identification":{"numeroLong":"I-CF420","numeroOrdreDepot":"420","prefixeOrganeExamen":"CION_FIN","numeroRect":"0"},"examenRef":"EXANR5L17PO59048B1906P1D1","texteLegislatifRef":"PRJLANR5L17B1906","triAmendement":"caaaaaaaaaaaaaaaaaaaaaaaaaaaaaaaaaaaaaaaaaaaaaaaaakao","cardinaliteAmdtMultiples":"1","amendementParentRef":{},"signataires":{"auteur":{"typeAuteur":"D\u00e9put\u00e9","gouvernementRef":{},"acteurRef":"PA793852","groupePolitiqueRef":"PO845401","auteurRapporteurOrganeRef":{}},"cosignataires":{"acteurRef":["PA793432","PA841495","PA794562","PA793374","PA794434","PA794886","PA793844","PA841487","PA720468","PA794198","PA840159","PA795644","PA642988","PA841761","PA841621","PA793246","PA840143","PA841737","PA796034","PA793832","PA841605","PA794418","PA793592","PA841451","PA794734","PA795900","PA842085","PA841749","PA840869","PA794354","PA841837","PA796026","PA840857","PA793290","PA841873","PA721932","PA795974","PA841563","PA794530","PA840837","PA793330","PA793616","PA795786","PA794322","PA793656","PA793230","PA793254","PA841981","PA842227","PA842097","PA794894","PA794954","PA796050","PA794502","PA840781","PA841575","PA841769"]},"suffixe":{},"libelle":" M.\u0026#160;Meurin,  M.\u0026#160;Allisio, M.\u0026#160;Amblard, M.\u0026#160;Ballard, M.\u0026#160;Baubry, M.\u0026#160;Bentz, Mme\u0026#160;Blanc, Mme\u0026#160;Bordes, M.\u0026#160;Boulogne, M.\u0026#160;Chenu, M.\u0026#160;Chudeau, M.\u0026#160;Clavet, Mme\u0026#160;Da\u0026#160;Conceicao\u0026#160;Carvalho, M.\u0026#160;de\u0026#160;L\u0026#233;pinau, M.\u0026#160;Dutremble, M.\u0026#160;Evrard, M.\u0026#160;Falcon, M.\u0026#160;Florquin, M.\u0026#160;Gery, M.\u0026#160;Giletti, M.\u0026#160;Gillet, M.\u0026#160;Golliot, Mme\u0026#160;Florence\u0026#160;Goulet, Mme\u0026#160;Grangier, M.\u0026#160;Guibert, M.\u0026#160;Guiniot, Mme\u0026#160;Hamelet, M.\u0026#160;Humbert, Mme\u0026#160;Joncour, Mme\u0026#160;Joubert, Mme\u0026#160;Laporte, M.\u0026#160;Le\u0026#160;Bourgeois, Mme\u0026#160;Lechanteux, Mme\u0026#160;Lechon, Mme\u0026#160;Lelouis, M.\u0026#160;Limongi, Mme\u0026#160;Lorho, M.\u0026#160;Lottiaux, Mme\u0026#160;Marais-Beuil, M.\u0026#160;Marchio, M.\u0026#160;Markowsky, M.\u0026#160;Bryan\u0026#160;Masson, M.\u0026#160;Mauvieux, Mme\u0026#160;M\u0026#233;nach\u0026#233;, M.\u0026#160;M\u0026#233;nag\u0026#233;, Mme\u0026#160;Pollet, Mme\u0026#160;Ranc, M.\u0026#160;Rancoule, Mme\u0026#160;Rimbert, M.\u0026#160;Rivi\u0026#232;re, Mme\u0026#160;Roy, Mme\u0026#160;Sabatini, M.\u0026#160;Salmon, M.\u0026#160;Schreck, M.\u0026#160;Taverne, M.\u0026#160;Tonussi, M.\u0026#160;Vos et M.\u0026#160;Michoux"},"pointeurFragmentTexte":{"partieAmendableRef":{},"division":{"titre":"ARTICLE 13","articleDesignationCourte":"ART. 13","articleDesignation":"ARTICLE 13","type":"ARTICLE","avant_A_Apres":"A","divisionRattachee":{},"articleAdditionnel":"false","chapitreAdditionnel":"false","urlDivisionTexteVise":"\/17\/textes\/1906A.asp#D_ARTICLE_13"},"amendementStandard":{"alinea":{"avant_A_Apres":{},"numero":"13","alineaDesignation":"Alin\u00e9a 13"}}},"corps":{"cartoucheInformatif":{},"contenuAuteur":{"dispositif":"\u003Cp style=\u0022text-align: justify;\u0022\u003EI.\u0026nbsp;\u0026#x2013;\u0026nbsp;Substituer aux alin\u0026#x00E9;as 13 et 14 les deux alin\u0026#x00E9;as suivants\u0026nbsp;:\u0026nbsp;\u003C\/p\u003E\u003Cp style=\u0022text-align: justify;\u0022\u003E\u0026#x00AB;\u0026nbsp;\u003Ci\u003Ea)\u003C\/i\u003E Apr\u0026#x00E8;s le premier alin\u0026#x00E9;a, supprimer les deux premiers tableaux\u003C\/p\u003E\u003Cp style=\u0022text-align: justify;\u0022\u003E\u0026#x00AB;\u0026nbsp;\u003Ci\u003Eb)\u003C\/i\u003E A la premi\u0026#x00E8;re ligne du troisi\u0026#x00E8;me tableau, remplacer l\u0026#x2019;ann\u0026#x00E9;e\u0026nbsp;:\u0026nbsp;\u0026#x00BB; 2025\u0026nbsp;\u0026#x00BB; par l\u0026#x2019;ann\u0026#x00E9;e\u0026nbsp;: \u0026#x00AB;\u0026nbsp;2028\u0026nbsp;\u0026#x00BB;.\u0026nbsp;\u0026#x00BB;\u003C\/p\u003E\u003Cp style=\u0022text-align: justify;\u0022\u003EII.\u0026nbsp;\u0026#x2013;\u0026nbsp;Proc\u0026#x00E9;der aux deux m\u0026#x00EA;mes substitutions aux alin\u0026#x00E9;as 16 et 17.\u003C\/p\u003E\u003Cp style=\u0022text-align: justify;\u0022\u003EIII.\u0026nbsp;\u0026#x2013;\u0026nbsp;La perte de recettes pour l\u0026#x2019;\u0026#x00C9;tat est compens\u0026#x00E9;e \u0026#x00E0; due concurrence par la cr\u0026#x00E9;ation d\u0026#x2019;une taxe additionnelle \u0026#x00E0; l\u0026#x2019;accise sur les tabacs pr\u0026#x00E9;vue au chapitre IV du titre I\u003Csup\u003Eer\u003C\/sup\u003E du livre III du code des impositions sur les biens et services.\u0026nbsp;\u003C\/p\u003E","avantAppel":{},"exposeSommaire":"\u003Cp style=\u0022text-align: justify;\u0022\u003EAmendement de repli\u003C\/p\u003E\u003Cp style=\u0022text-align: justify;\u0022\u003ECet amendement vise \u0026#x00E0; geler l\u0026#x2019;augmentation du malus qui p\u0026#x00E8;se sur les automobiles. Il convient ainsi de garder les montants fix\u0026#x00E9;s du\u0026nbsp;1\u003Csup\u003Eer\u003C\/sup\u003E\u0026nbsp;mars\u0026nbsp;2025 jusqu\u0026#x2019;au\u0026nbsp;31\u0026nbsp;d\u0026#x00E9;cembre\u0026nbsp;2028 pour offrir une stabilit\u0026#x00E9; aux consommateurs et \u0026#x00E0; toute la fili\u0026#x00E8;re automobile.\u003C\/p\u003E\u003Cp style=\u0022text-align: justify;\u0022\u003ELe I. vise sp\u0026#x00E9;cifiquement le malus carbone.\u0026nbsp;\u003C\/p\u003E\u003Cp style=\u0022text-align: justify;\u0022\u003ELe II. vise le malus poids.\u0026nbsp;\u003C\/p\u003E\u003Cp style=\u0022text-align: justify;\u0022\u003EL\u0026#x2019;augmentation continuelle des malus nuit au march\u0026#x00E9; automobile et au renouvellement du parc automobile. Ainsi, l\u0026#x2019;\u0026#x00E2;ge moyen du parc automobile fran\u0026#x00E7;ais pourrait atteindre les 13 ans en 2025, avec des v\u0026#x00E9;hicules de plus en plus \u0026#x00E2;g\u0026#x00E9;s et donc moins performants en termes d\u0026#x2019;\u0026#x00E9;missions polluantes que des v\u0026#x00E9;hicules neufs.\u0026nbsp;\u003C\/p\u003E\u003Cp style=\u0022text-align: justify;\u0022\u003EAussi, il convient non pas d\u0026#x2019;augmenter la fiscalit\u0026#x00E9; sur le malus carbone mais de cr\u0026#x00E9;er un moratoire pour permettre au parc automobile d\u0026#x2019;\u0026#x00EA;tre plus attractif.\u0026nbsp;\u003C\/p\u003E\u003Cp style=\u0022text-align: justify;\u0022\u003ECe moratoire du malus permettra ainsi de faire baisser le co\u0026#x00FB;t des voitures, d\u0026#x2019;attirer \u0026#x00E0; nouveau la client\u0026#x00E8;le et par-l\u0026#x00E0; de cr\u0026#x00E9;er de nouvelles rentr\u0026#x00E9;es fiscales via la TVA.\u0026nbsp;\u003C\/p\u003E","annexeExposeSommaire":{}}},"cycleDeVie":{"dateDepot":"2025-10-17","datePublication":"2025-10-21","soumisArticle40":"false","etatDesTraitements":{"etat":{"code":"DI","libelle":"Discut\u00e9"},"sousEtat":{"code":"DI","libelle":"Rejet\u00e9"}},"dateSort":"2025-10-21T23:17:34+02:00","sort":"Rejet\u00e9"},"representations":{"representation":{"nom":"PDF","typeMime":{"type":"application","subType":"PDF"},"statutRepresentation":{"verbatim":"true","canonique":"true","officielle":"true","transcription":"false","enregistrement":"false"},"repSource":{},"offset":{},"contenu":{"documentURI":"\/base\/AMANR5L17PO59048B1906P1D1N000420?format=pdf"},"dateDispoRepresentation":{}}},"seanceDiscussionRef":{},"article99":"false","loiReference":{},"discussionCommune":{},"discussionIdentique":{},"accordGouvernementDepotHorsDelai":"Sans objet"}