{"uid":"AMANR5L17PO59048B1906P1D1N000961","chronotag":"1761066583285","legislature":"17","identification":{"numeroLong":"I-CF961","numeroOrdreDepot":"961","prefixeOrganeExamen":"CION_FIN","numeroRect":"0"},"examenRef":"EXANR5L17PO59048B1906P1D1","texteLegislatifRef":"PRJLANR5L17B1906","triAmendement":"buaaaaaaaaaaaaaaaaaaaaaaaaaaaaaaaaaaaaaaaaaaaaaaaaabuwc","cardinaliteAmdtMultiples":"1","amendementParentRef":{},"signataires":{"auteur":{"typeAuteur":"D\u00e9put\u00e9","gouvernementRef":{},"acteurRef":"PA842029","groupePolitiqueRef":"PO845413","auteurRapporteurOrganeRef":{}},"cosignataires":{"acteurRef":["PA795228","PA793262","PA794906","PA794138","PA795588","PA795084","PA842105","PA841657","PA720430","PA793772","PA795616","PA793444","PA794938","PA795318","PA841023","PA796090","PA793912","PA842187","PA842037","PA791812","PA793736","PA721202","PA795136","PA793464","PA842155","PA795200","PA795844","PA841251","PA794786","PA794870","PA796070","PA795310","PA794478","PA841947","PA794082","PA794130","PA720846","PA841729","PA795516","PA841515","PA795672","PA795108","PA795298","PA791824","PA793532","PA795746","PA342384","PA795422","PA794686","PA841215","PA795482","PA610654","PA841191","PA721960","PA793872","PA720892","PA817211","PA793756","PA796062","PA719578","PA721062","PA841845","PA795982","PA795466","PA793744","PA720952","PA794106","PA794166","PA795164","PA795596"]},"suffixe":{},"libelle":" Mme\u0026#160;Lejeune,  Mme\u0026#160;Abomangoli, M.\u0026#160;Alexandre, M.\u0026#160;Amard, Mme\u0026#160;Amiot, Mme\u0026#160;Amrani, M.\u0026#160;Arenas, M.\u0026#160;Arnault, Mme\u0026#160;Belouassa-Cherifi, M.\u0026#160;Bernalicis, M.\u0026#160;Bex, M.\u0026#160;Bilongo, M.\u0026#160;Bompard, M.\u0026#160;Boumertit, M.\u0026#160;Boyard, M.\u0026#160;Cadalen, M.\u0026#160;Caron, M.\u0026#160;Carri\u0026#232;re, Mme\u0026#160;Cathala, M.\u0026#160;Cernon, Mme\u0026#160;Chikirou, M.\u0026#160;Clouet, M.\u0026#160;Coquerel, M.\u0026#160;Coulomme, M.\u0026#160;Delogu, M.\u0026#160;Diouara, Mme\u0026#160;Dufour, Mme\u0026#160;Erodi, Mme\u0026#160;Feld, M.\u0026#160;Fernandes, Mme\u0026#160;Ferrer, M.\u0026#160;Gaillard, Mme\u0026#160;Guett\u0026#233;, M.\u0026#160;Guiraud, Mme\u0026#160;Hamdane, Mme\u0026#160;Hignet, M.\u0026#160;Kerbrat, M.\u0026#160;Lachaud, M.\u0026#160;Lahmar, M.\u0026#160;Laisney, M.\u0026#160;Le\u0026#160;Coq, M.\u0026#160;Le\u0026#160;Gall, Mme\u0026#160;Leboucher, M.\u0026#160;Legavre, Mme\u0026#160;Legrain, Mme\u0026#160;Lepvraud, M.\u0026#160;L\u0026#233;aument, Mme\u0026#160;\u0026#201;lisa\u0026#160;Martin, M.\u0026#160;Maudet, Mme\u0026#160;Maximi, Mme\u0026#160;Mesmeur, Mme\u0026#160;Manon\u0026#160;Meunier, M.\u0026#160;Nilor, Mme\u0026#160;Nosb\u0026#233;, Mme\u0026#160;Obono, Mme\u0026#160;Oziol, Mme\u0026#160;Panot, M.\u0026#160;Pilato, M.\u0026#160;Piquemal, M.\u0026#160;Portes, M.\u0026#160;Prud\u0026apos;homme, M.\u0026#160;Ratenon, M.\u0026#160;Saint-Martin, M.\u0026#160;Saintoul, Mme\u0026#160;Soudais, Mme\u0026#160;Stambach-Terrenoir, M.\u0026#160;Aur\u0026#233;lien\u0026#160;Tach\u0026#233;, Mme\u0026#160;Taurinya, M.\u0026#160;Tavel, Mme\u0026#160;Trouv\u0026#233; et M.\u0026#160;Vannier"},"pointeurFragmentTexte":{"partieAmendableRef":{},"division":{"titre":"ARTICLE 12","articleDesignationCourte":"APR\u00c8S ART. 12","articleDesignation":"APR\u00c8S L\u0027ARTICLE 12, ins\u00e9rer l\u0027article suivant:","type":"ARTICLE","avant_A_Apres":"Apr\u00e8s","divisionRattachee":{},"articleAdditionnel":"true","chapitreAdditionnel":"false","urlDivisionTexteVise":"\/17\/textes\/1906A.asp#D_ARTICLE_12"},"amendementStandard":{"alinea":{}}},"corps":{"cartoucheInformatif":{},"contenuAuteur":{"dispositif":"\u003Cp style=\u0022text-align: justify;\u0022\u003EI.\u0026nbsp;\u0026#x2013;\u0026nbsp;Il est institu\u0026#x00E9;, au titre du premier exercice clos \u0026#x00E0; compter du\u0026nbsp;31\u0026nbsp;d\u0026#x00E9;cembre\u0026nbsp;2025, une contribution exceptionnelle sur la valorisation boursi\u0026#x00E8;re des grandes entreprises strat\u0026#x00E9;giques.\u003C\/p\u003E\u003Cp style=\u0022text-align: justify;\u0022\u003EII.\u0026nbsp;\u0026#x2013;\u0026nbsp;Est redevable de la contribution exceptionnelle sur la valorisation boursi\u0026#x00E8;re la soci\u0026#x00E9;t\u0026#x00E9; ArcelorMittal France.\u003C\/p\u003E\u003Cp style=\u0022text-align: justify;\u0022\u003ESi l\u0026#x2019;entreprise redevable \u0026#x00E9;tait plac\u0026#x00E9;e sous le r\u0026#x00E9;gime pr\u0026#x00E9;vu \u0026#x00E0; l\u0026#x2019;article\u0026nbsp;223 A ou \u0026#x00E0; l\u0026#x2019;article\u0026nbsp;223 A\u0026nbsp;\u003Ci\u003Ebis\u003C\/i\u003E du code g\u0026#x00E9;n\u0026#x00E9;ral des imp\u0026#x00F4;ts, la pr\u0026#x00E9;sente taxe\u0026nbsp;est due par la soci\u0026#x00E9;t\u0026#x00E9; m\u0026#x00E8;re.\u003C\/p\u003E\u003Cp style=\u0022text-align: justify;\u0022\u003EIII.\u0026nbsp;\u0026#x2013;\u0026nbsp;L\u0026#x2019;assiette de la contribution exceptionnelle est \u0026#x00E9;gale \u0026#x00E0; la moyenne de capitalisation boursi\u0026#x00E8;re de la soci\u0026#x00E9;t\u0026#x00E9; au cours du dernier exercice clos \u0026#x00E0; compter du\u0026nbsp;31\u0026nbsp;d\u0026#x00E9;cembre\u0026nbsp;2025.\u003C\/p\u003E\u003Cp style=\u0022text-align: justify;\u0022\u003EIV.\u0026nbsp;\u0026#x2013;\u0026nbsp;Le taux de la contribution exceptionnelle est fix\u0026#x00E9; \u0026#x00E0; 10\u0026nbsp;%.\u003C\/p\u003E\u003Cp style=\u0022text-align: justify;\u0022\u003EV.\u0026nbsp;\u0026#x2013;\u0026nbsp;Les r\u0026#x00E9;ductions et cr\u0026#x00E9;dits d\u0026#x2019;imp\u0026#x00F4;t ainsi que les cr\u0026#x00E9;ances fiscales de toute nature ne sont pas imputables sur la contribution exceptionnelle.\u003C\/p\u003E\u003Cp style=\u0022text-align: justify;\u0022\u003EVI.\u0026nbsp;\u0026#x2013;\u0026nbsp;La contribution exceptionnelle n\u0026#x2019;est pas admise dans les charges d\u0026#x00E9;ductibles pour la d\u0026#x00E9;termination du r\u0026#x00E9;sultat imposable.\u003C\/p\u003E\u003Cp style=\u0022text-align: justify;\u0022\u003EVII.\u0026nbsp;\u0026#x2013;\u0026nbsp;La contribution exceptionnelle est \u0026#x00E9;tablie, contr\u0026#x00F4;l\u0026#x00E9;e et recouvr\u0026#x00E9;e comme l\u0026#x2019;imp\u0026#x00F4;t sur les soci\u0026#x00E9;t\u0026#x00E9;s et sous les m\u0026#x00EA;mes garanties et sanctions. Les r\u0026#x00E9;clamations sont pr\u0026#x00E9;sent\u0026#x00E9;es, instruites et jug\u0026#x00E9;es selon les r\u0026#x00E8;gles applicables \u0026#x00E0; ce m\u0026#x00EA;me imp\u0026#x00F4;t.\u003C\/p\u003E\u003Cp style=\u0022text-align: justify;\u0022\u003EVIII.\u0026nbsp;\u0026#x2013;\u0026nbsp;A.\u0026nbsp;\u0026#x2013;\u0026nbsp;La contribution exceptionnelle est pay\u0026#x00E9;e spontan\u0026#x00E9;ment au comptable public comp\u0026#x00E9;tent au plus tard \u0026#x00E0; la date pr\u0026#x00E9;vue au deuxi\u0026#x00E8;me alin\u0026#x00E9;a du\u0026nbsp;2 de l\u0026#x2019;article\u0026nbsp;1668 du code g\u0026#x00E9;n\u0026#x00E9;ral des imp\u0026#x00F4;ts pour le versement du solde de liquidation de l\u0026#x2019;imp\u0026#x00F4;t sur les soci\u0026#x00E9;t\u0026#x00E9;s.\u003C\/p\u003E\u003Cp style=\u0022text-align: justify;\u0022\u003EB.\u0026nbsp;\u0026#x2013;\u0026nbsp;Si la soci\u0026#x00E9;t\u0026#x00E9; mentionn\u0026#x00E9;e au\u0026nbsp;II n\u0026#x2019;est pas en mesure de s\u0026#x2019;acquitter de la contribution exceptionnelle, il lui est donn\u0026#x00E9; la possibilit\u0026#x00E9; de c\u0026#x00E9;der gratuitement \u0026#x00E0; l\u0026#x2019;\u0026#x00C9;tat les parts repr\u0026#x00E9;sentant la valeur due \u0026#x00E0; l\u0026#x2019;administration fiscale. La valeur de ces parts est la valeur d\u0026#x2019;acquisition. Cette cession vaut alors r\u0026#x00E8;glement des sommes dues. La prise de participation de l\u0026#x2019;\u0026#x00C9;tat dans ces soci\u0026#x00E9;t\u0026#x00E9;s ne donne pas lieu \u0026#x00E0; la nomination de repr\u0026#x00E9;sentants de l\u0026#x2019;\u0026#x00C9;tat ou de commissaires du Gouvernement suppl\u0026#x00E9;mentaires au sein des instances de gouvernance ou de direction des soci\u0026#x00E9;t\u0026#x00E9;s concern\u0026#x00E9;es.\u003C\/p\u003E","avantAppel":{},"exposeSommaire":"\u003Cp\u003EPar cet amendement d\u0027appel, le groupe insoumis propose d\u0027assurer la prise de participation de l\u0027Etat par la mise en place d\u0027une taxe sp\u0026#x00E9;ciale sur les entreprises qui viennent menacer notre souverainet\u0026#x00E9; \u0026#x00E9;conomique, en l\u0027occurrence ici ArcelorMittal.\u003C\/p\u003E\u003Cp\u003ELeader mondial de son secteur, ArcelorMittal a r\u0026#x00E9;alis\u0026#x00E9; un chiffre d\u0026#x2019;affaires de 53,7 milliards d\u0026#x2019;euros, un b\u0026#x00E9;n\u0026#x00E9;fice net de 1,2 milliard d\u0026#x2019;euros et vers\u0026#x00E9; plus de 710 millions d\u0026#x2019;euros de dividendes en 2024. Le groupe r\u0026#x00E9;alise la majeure partie de ses r\u0026#x00E9;sultats en France, mais gr\u0026#x00E2;ce \u0026#x00E0; une strat\u0026#x00E9;gie fiscale agressive parvient \u0026#x00E0; ne pas payer l\u0026#x2019;imp\u0026#x00F4;t sur les soci\u0026#x00E9;t\u0026#x00E9;s dans notre pays.\u003C\/p\u003E\u003Cp\u003EPourtant, depuis plusieurs ann\u0026#x00E9;es, ArcelorMittal s\u0026#x2019;est plac\u0026#x00E9; dans une logique de d\u0026#x00E9;sengagement progressif du territoire fran\u0026#x00E7;ais, marqu\u0026#x00E9;e par la fermeture de plusieurs sites (Reims, Denin) et de hauts fourneaux (Fos-sur-mer), la d\u0026#x00E9;localisation des fonctions supports, le gel des investissements industriels en France et la suppression de plus de 1 000 emplois en moins d\u0026#x2019;un an.\u003C\/p\u003E\u003Cp\u003ECe d\u0026#x00E9;sengagement met en p\u0026#x00E9;ril non seulement l\u0026#x2019;emploi (15 000 emplois directs en France, des dizaines de milliers d\u0026#x2019;autres de fa\u0026#x00E7;on indirecte), mais \u0026#x00E9;galement la souverainet\u0026#x00E9; industrielle de la France. Les sites fran\u0026#x00E7;ais d\u0026#x2019;ArcelorMittal sont aujourd\u0026#x2019;hui strat\u0026#x00E9;giques pour de nombreux secteurs industriels cl\u0026#x00E9;s (automobile, construction navale et nucl\u0026#x00E9;aire, fabrication de pipelines, transformateurs et structures m\u0026#x00E9;talliques lourdes, industrie de la d\u0026#x00E9;fense, a\u0026#x00E9;rospatiale et ferroviaire et infrastructures de transport et \u0026#x00E9;nerg\u0026#x00E9;tiques).\u003C\/p\u003E\u003Cp\u003ELa fin de l\u0027acier fran\u0026#x00E7;ais marquerait la fin de la souverainet\u0026#x00E9; fran\u0026#x00E7;aise dans de nombreuses industries de pointe. Sans cette production d\u0026#x2019;acier en France, de nombreuses fili\u0026#x00E8;res strat\u0026#x00E9;giques seraient contraintes de se tourner vers des fournisseurs \u0026#x00E0; l\u0026#x2019;\u0026#x00E9;tranger, au risque de ruptures d\u0026#x2019;approvisionnement, d\u0026#x2019;explosion des co\u0026#x00FB;ts, de d\u0026#x00E9;pendance accrue et de la perte irr\u0026#x00E9;versible de comp\u0026#x00E9;tences industrielles.\u003C\/p\u003E\u003Cp\u003EEnfin, les aides publiques vers\u0026#x00E9;es ces derni\u0026#x00E8;res ann\u0026#x00E9;es (financement de l\u0026#x2019;activit\u0026#x00E9; partielle de longue dur\u0026#x00E9;e, cr\u0026#x00E9;dit d\u0027imp\u0026#x00F4;t recherche, exon\u0026#x00E9;rations de cotisations patronales et sociales, aides \u0026#x00E0; l\u0026#x2019;apprentissage, \u0026#x00E0; la d\u0026#x00E9;carbonation\u0026#x2026;) sont estim\u0026#x00E9;es \u0026#x00E0; 295 millions d\u0026#x2019;euros rien que sur l\u0026#x2019;ann\u0026#x00E9;e 2023, sans contrepartie sociale ou industrielle.\u003C\/p\u003E\u003Cp\u003EFace \u0026#x00E0; un tel p\u0026#x00E9;ril, il est donc essentiel de permettre la prise de participation de l\u0026#x2019;Etat dans ArcelorMittal.\u003C\/p\u003E\u003Cp\u003ECet amendement pr\u0026#x00E9;voit donc le groupe reverse ponctuellement \u0026#x00E0; l\u0026#x2019;Etat, potentiellement sous la forme d\u0026#x2019;actions, une taxe sp\u0026#x00E9;ciale d\u0027un montant \u0026#x00E9;quivalent \u0026#x00E0; 10 % de sa valeur de march\u0026#x00E9;. Elle pourra \u0026#x00EA;tre reconduite aussi longtemps que les int\u0026#x00E9;r\u0026#x00EA;ts priv\u0026#x00E9;s viendront menacer nos emplois, nos brevets, et nos fleurons industriels. Pour respecter les obligations de l\u0026#x2019;article 40 de la Constitution, nous pr\u0026#x00E9;cisons que cette prise de participation n\u0026#x2019;induira pas d\u0026#x2019;autres charges que des charges de gestion.\u003C\/p\u003E\u003Cp\u003ECet amendement vise \u0026#x00E0; permettre un engagement direct de l\u0026#x2019;Etat dans la gouvernance de l\u0026#x2019;entreprise, eu \u0026#x00E9;gard \u0026#x00E0; son importance strat\u0026#x00E9;gique pour notre souverainet\u0026#x00E9;, et \u0026#x00E0; mettre un terme \u0026#x00E0; la grande braderie des actifs fran\u0026#x00E7;ais. La clause d\u0027absence de nomination de repr\u0026#x00E9;sentants de l\u0026#x2019;Etat ou de commissaires du Gouvernement suppl\u0026#x00E9;mentaires au sein des instances de gouvernance ou de direction des soci\u0026#x00E9;t\u0026#x00E9;s concern\u0026#x00E9;es est donc pr\u0026#x00E9;vue \u0026#x00E0; des seules fins de recevabilit\u0026#x00E9; aux yeux de l\u0027article 40. Nous appelons le Gouvernement \u0026#x00E0; lever le gage.\u003C\/p\u003E","annexeExposeSommaire":{}}},"cycleDeVie":{"dateDepot":"2025-10-17","datePublication":"2025-10-21","soumisArticle40":"false","etatDesTraitements":{"etat":{"code":"DI","libelle":"Discut\u00e9"},"sousEtat":{"code":"DI","libelle":"Rejet\u00e9"}},"dateSort":"2025-10-21T19:09:16+02:00","sort":"Rejet\u00e9"},"representations":{"representation":{"nom":"PDF","typeMime":{"type":"application","subType":"PDF"},"statutRepresentation":{"verbatim":"true","canonique":"true","officielle":"true","transcription":"false","enregistrement":"false"},"repSource":{},"offset":{},"contenu":{"documentURI":"\/base\/AMANR5L17PO59048B1906P1D1N000961?format=pdf"},"dateDispoRepresentation":{}}},"seanceDiscussionRef":{},"article99":"false","loiReference":{"codeLoi":"yy","divisionCodeLoi":"contribution exceptionnelle Arcelor"},"discussionCommune":{},"discussionIdentique":{},"accordGouvernementDepotHorsDelai":"Sans objet"}