{"uid":"AMANR5L17PO59048B1906P1D1N001485","chronotag":"1761143503282","legislature":"17","identification":{"numeroLong":"I-CF1485","numeroOrdreDepot":"1485","prefixeOrganeExamen":"CION_FIN","numeroRect":"0"},"examenRef":"EXANR5L17PO59048B1906P1D1","texteLegislatifRef":"PRJLANR5L17B1906","triAmendement":"faaaaaaaaaaaaaaaaaaaaaaaaaaaaaaaaaaaaaaaaaaaaaaaaam","cardinaliteAmdtMultiples":"1","amendementParentRef":{},"signataires":{"auteur":{"typeAuteur":"D\u00e9put\u00e9","gouvernementRef":{},"acteurRef":"PA720468","groupePolitiqueRef":"PO845401","auteurRapporteurOrganeRef":{}},"cosignataires":{"acteurRef":["PA793432","PA841495","PA796118","PA794562","PA842279","PA793238","PA793374","PA793158","PA794434","PA841645","PA842001","PA720822","PA720668","PA794886","PA796042","PA793844","PA841487","PA841131","PA793182","PA793134","PA840075","PA794198","PA840159","PA793548","PA795644","PA841613","PA642988","PA840119","PA793166","PA793928","PA794762","PA793146","PA840135","PA842073","PA841761","PA841621","PA793246","PA840143","PA840801","PA794678","PA841139","PA793892","PA841737","PA796034","PA793832","PA793102","PA841605","PA793362","PA794418","PA793592","PA840757","PA841451","PA794734","PA793218","PA795900","PA793632","PA842085","PA794598","PA841439","PA794030","PA841749","PA841075","PA840869","PA794354","PA795912","PA841837","PA720614","PA796026","PA840857","PA793290","PA793608","PA841873","PA840967","PA793672","PA793904","PA721932","PA795974","PA794590","PA841587","PA841563","PA794530","PA840837","PA841825","PA794770","PA793314","PA793330","PA793616","PA719436","PA793852","PA840915","PA793696","PA793354","PA795786","PA794322","PA795552","PA794670","PA841199","PA794582","PA793656","PA795966","PA793230","PA793254","PA841955","PA841981","PA842227","PA794442","PA795410","PA842097","PA794894","PA794570","PA794954","PA796050","PA842255","PA793382","PA795778","PA794502","PA841553","PA793298","PA840781","PA794946","PA841575","PA841479"]},"suffixe":{},"libelle":" M.\u0026#160;Chenu,  M.\u0026#160;Allisio, M.\u0026#160;Amblard, Mme\u0026#160;Auzanot, M.\u0026#160;Ballard, Mme\u0026#160;Bamana, M.\u0026#160;Barth\u0026#232;s, M.\u0026#160;Baubry, M.\u0026#160;Beaurain, M.\u0026#160;Bentz, M.\u0026#160;Bernhardt, M.\u0026#160;Bigot, M.\u0026#160;Bilde, M.\u0026#160;Blairy, Mme\u0026#160;Blanc, M.\u0026#160;Boccaletti, Mme\u0026#160;Bordes, M.\u0026#160;Boulogne, Mme\u0026#160;Bouquin, M.\u0026#160;Bovet, M.\u0026#160;Buisson, M.\u0026#160;Casterman, M.\u0026#160;Chudeau, M.\u0026#160;Clavet, Mme\u0026#160;Colombier, Mme\u0026#160;Da\u0026#160;Conceicao\u0026#160;Carvalho, M.\u0026#160;de\u0026#160;Fleurian, M.\u0026#160;de\u0026#160;L\u0026#233;pinau, Mme\u0026#160;Delannoy, M.\u0026#160;Dessigny, Mme\u0026#160;Diaz, Mme\u0026#160;Dogor-Such, M.\u0026#160;Dragon, M.\u0026#160;Dufosset, M.\u0026#160;Dussausaye, M.\u0026#160;Dutremble, M.\u0026#160;Evrard, M.\u0026#160;Falcon, M.\u0026#160;Florquin, M.\u0026#160;Fouquart, M.\u0026#160;Frapp\u0026#233;, M.\u0026#160;Gabarron, Mme\u0026#160;Galzy, M.\u0026#160;Gery, M.\u0026#160;Giletti, M.\u0026#160;Gillet, M.\u0026#160;Christian\u0026#160;Girard, M.\u0026#160;Golliot, M.\u0026#160;Gonzalez, Mme\u0026#160;Florence\u0026#160;Goulet, Mme\u0026#160;Grangier, Mme\u0026#160;Griseti, M.\u0026#160;Guibert, M.\u0026#160;Guiniot, M.\u0026#160;Guitton, Mme\u0026#160;Hamelet, M.\u0026#160;Houssin, M.\u0026#160;Humbert, M.\u0026#160;Jacobelli, M.\u0026#160;Jenft, M.\u0026#160;Jolly, Mme\u0026#160;Joncour, Mme\u0026#160;Josserand, Mme\u0026#160;Joubert, Mme\u0026#160;Laporte, Mme\u0026#160;Lavalette, M.\u0026#160;Le\u0026#160;Bourgeois, Mme\u0026#160;Le\u0026#160;Pen, Mme\u0026#160;Lechanteux, Mme\u0026#160;Lechon, Mme\u0026#160;Lelouis, Mme\u0026#160;Levavasseur, M.\u0026#160;Limongi, M.\u0026#160;Lioret, Mme\u0026#160;Loir, M.\u0026#160;Lopez-Liguori, Mme\u0026#160;Lorho, M.\u0026#160;Lottiaux, M.\u0026#160;Loubet, M.\u0026#160;David\u0026#160;Magnier, Mme\u0026#160;Marais-Beuil, M.\u0026#160;Marchio, M.\u0026#160;Markowsky, M.\u0026#160;Patrice\u0026#160;Martin, Mme\u0026#160;Martinez, Mme\u0026#160;Alexandra\u0026#160;Masson, M.\u0026#160;Bryan\u0026#160;Masson, M.\u0026#160;Mauvieux, M.\u0026#160;Meizonnet, M.\u0026#160;Meurin, M.\u0026#160;Monnier, M.\u0026#160;Muller, Mme\u0026#160;M\u0026#233;lin, Mme\u0026#160;M\u0026#233;nach\u0026#233;, M.\u0026#160;M\u0026#233;nag\u0026#233;, M.\u0026#160;Odoul, Mme\u0026#160;Parmentier, M.\u0026#160;Perez, M.\u0026#160;Pfeffer, Mme\u0026#160;Pollet, M.\u0026#160;Rambaud, Mme\u0026#160;Ranc, M.\u0026#160;Rancoule, M.\u0026#160;Renault, Mme\u0026#160;Rimbert, M.\u0026#160;Rivi\u0026#232;re, Mme\u0026#160;Robert-Dehault, Mme\u0026#160;Roullaud, Mme\u0026#160;Roy, Mme\u0026#160;Sabatini, M.\u0026#160;Sabatou, M.\u0026#160;Salmon, M.\u0026#160;Schreck, Mme\u0026#160;Sicard, M.\u0026#160;Emmanuel\u0026#160;Tach\u0026#233;, M.\u0026#160;Jean-Philippe\u0026#160;Tanguy, M.\u0026#160;Taverne, M.\u0026#160;Tesson, M.\u0026#160;Tivoli, M.\u0026#160;Tonussi, M.\u0026#160;Villedieu, M.\u0026#160;Vos et M.\u0026#160;Weber"},"pointeurFragmentTexte":{"partieAmendableRef":{},"division":{"titre":"ARTICLE 24","articleDesignationCourte":"APR\u00c8S ART. 24","articleDesignation":"APR\u00c8S L\u0027ARTICLE 24, ins\u00e9rer la division et l\u0027intitul\u00e9 suivants:","type":"ARTICLE","avant_A_Apres":"Apr\u00e8s","divisionRattachee":{},"articleAdditionnel":"false","chapitreAdditionnel":"true","urlDivisionTexteVise":"\/17\/textes\/1906A.asp#D_ARTICLE_24"},"amendementStandard":{"alinea":{}}},"corps":{"cartoucheInformatif":{},"contenuAuteur":{"dispositif":"\u003Cp style=\u0022text-align: justify;\u0022\u003EI.\u0026nbsp;\u0026#x2013;\u0026nbsp;Il est institu\u0026#x00E9; une taxe sur les transferts de fonds effectu\u0026#x00E9;s par un prestataire de services de paiement, au sens de l\u0026#x2019;article\u0026nbsp;L.\u0026nbsp;521\u0026#x2011;1 du code mon\u0026#x00E9;taire et financier, pour le compte d\u0026#x2019;une personne physique domicili\u0026#x00E9;e en France vers un b\u0026#x00E9;n\u0026#x00E9;ficiaire situ\u0026#x00E9; dans un \u0026#x00C9;tat ou territoire situ\u0026#x00E9; en dehors de l\u0026#x2019;Union europ\u0026#x00E9;enne.\u003C\/p\u003E\u003Cp style=\u0022text-align: justify;\u0022\u003EII.\u0026nbsp;\u0026#x2013;\u0026nbsp;Le taux de cette taxe est fix\u0026#x00E9; \u0026#x00E0; 10\u0026nbsp;% du montant transf\u0026#x00E9;r\u0026#x00E9;.\u003C\/p\u003E\u003Cp style=\u0022text-align: justify;\u0022\u003EIII.\u0026nbsp;\u0026#x2013;\u0026nbsp;Cette taxe est acquitt\u0026#x00E9;e par le prestataire de services de paiement lors de la r\u0026#x00E9;alisation de l\u0026#x2019;op\u0026#x00E9;ration, qui en r\u0026#x00E9;percute le montant sur le donneur d\u0026#x2019;ordre. Elle est d\u0026#x00E9;clar\u0026#x00E9;e et recouvr\u0026#x00E9;e selon les modalit\u0026#x00E9;s pr\u0026#x00E9;vues pour les taxes assimil\u0026#x00E9;es aux imp\u0026#x00F4;ts indirects.\u003C\/p\u003E\u003Cp style=\u0022text-align: justify;\u0022\u003EIV.\u0026nbsp;\u0026#x2013;\u0026nbsp;Sont exon\u0026#x00E9;r\u0026#x00E9;s de la taxe les transferts de fonds effectu\u0026#x00E9;s vers les \u0026#x00C9;tats ayant conclu avec la France un accord de coop\u0026#x00E9;ration en mati\u0026#x00E8;re de r\u0026#x00E9;admission de leurs ressortissants en situation irr\u0026#x00E9;guli\u0026#x00E8;re.\u003C\/p\u003E\u003Cp style=\u0022text-align: justify;\u0022\u003ELa liste de ces \u0026#x00C9;tats est fix\u0026#x00E9;e par d\u0026#x00E9;cret.\u003C\/p\u003E\u003Cp style=\u0022text-align: justify;\u0022\u003EV.\u0026nbsp;\u0026#x2013;\u0026nbsp;Les modalit\u0026#x00E9;s d\u0026#x2019;application du pr\u0026#x00E9;sent article sont pr\u0026#x00E9;cis\u0026#x00E9;es par d\u0026#x00E9;cret.\u003C\/p\u003E","avantAppel":{},"exposeSommaire":"\u003Cp style=\u0022text-align: justify;\u0022\u003ELes transferts de fonds vers l\u0026#x2019;\u0026#x00E9;tranger r\u0026#x00E9;alis\u0026#x00E9;s par des prestataires de services de paiement (notamment de type Western Union, MoneyGram ou Ria) repr\u0026#x00E9;sentent chaque ann\u0026#x00E9;e plusieurs milliards d\u0026#x2019;euros sortant du territoire fran\u0026#x00E7;ais, les estimations font \u0026#x00E9;tat d\u0026#x2019;environ 14 milliards d\u0026#x2019;euros.\u003C\/p\u003E\u003Cp style=\u0022text-align: justify;\u0022\u003ECes flux, bien que l\u0026#x00E9;gitimes dans leur principe, \u0026#x00E9;chappent \u0026#x00E0; toute contribution sp\u0026#x00E9;cifique, contrairement \u0026#x00E0; d\u0026#x2019;autres op\u0026#x00E9;rations financi\u0026#x00E8;res.\u0026nbsp;\u003C\/p\u003E\u003Cp style=\u0022text-align: justify;\u0022\u003ELe pr\u0026#x00E9;sent amendement vise \u0026#x00E0; instaurer une taxe de 10\u0026nbsp;% sur ces transferts de fonds lorsqu\u0026#x2019;ils sont effectu\u0026#x00E9;s vers des pays situ\u0026#x00E9;s en dehors de l\u0026#x2019;Union europ\u0026#x00E9;enne.\u003C\/p\u003E\u003Cp style=\u0022text-align: justify;\u0022\u003EL\u0026#x2019;objectif de cette mesure est double\u0026nbsp;:\u003C\/p\u003E\u003Cp style=\u0022text-align: justify;\u0022\u003EParticiper \u0026#x00E0; l\u0026#x2019;effort de solidarit\u0026#x00E9; nationale par une contribution sur des flux sortants qui ne participent pas au financement de l\u0026#x2019;\u0026#x00E9;conomie fran\u0026#x00E7;aise\u0026nbsp;;\u003C\/p\u003E\u003Cp style=\u0022text-align: justify;\u0022\u003EEncourager la coop\u0026#x00E9;ration internationale en mati\u0026#x00E8;re de r\u0026#x00E9;admission des ressortissants en situation irr\u0026#x00E9;guli\u0026#x00E8;re.\u003C\/p\u003E\u003Cp style=\u0022text-align: justify;\u0022\u003EEn effet, les \u0026#x00C9;tats tiers qui refusent de d\u0026#x00E9;livrer les laissez-passer consulaires n\u0026#x00E9;cessaires aux retours de leurs ressortissants ne coop\u0026#x00E8;rent pas avec la France dans la gestion de la politique migratoire.\u003C\/p\u003E\u003Cp style=\u0022text-align: justify;\u0022\u003ELe dispositif pr\u0026#x00E9;voit donc une exon\u0026#x00E9;ration de taxe, par d\u0026#x00E9;cret, pour les \u0026#x00C9;tats ayant conclu avec la France un accord de coop\u0026#x00E9;ration sur la r\u0026#x00E9;admission de leurs ressortissants.\u003C\/p\u003E\u003Cp style=\u0022text-align: justify;\u0022\u003ECette mesure instaure ainsi un m\u0026#x00E9;canisme incitatif et \u0026#x00E9;quitable, conciliant justice fiscale, coh\u0026#x00E9;rence de la politique migratoire et respect des engagements internationaux de la France.\u003C\/p\u003E","annexeExposeSommaire":{}}},"cycleDeVie":{"dateDepot":"2025-10-17","datePublication":"2025-10-21","soumisArticle40":"false","etatDesTraitements":{"etat":{"code":"DI","libelle":"Discut\u00e9"},"sousEtat":{"code":"DI","libelle":"Rejet\u00e9"}},"dateSort":"2025-10-22T16:31:16+02:00","sort":"Rejet\u00e9"},"representations":{"representation":{"nom":"PDF","typeMime":{"type":"application","subType":"PDF"},"statutRepresentation":{"verbatim":"true","canonique":"true","officielle":"true","transcription":"false","enregistrement":"false"},"repSource":{},"offset":{},"contenu":{"documentURI":"\/base\/AMANR5L17PO59048B1906P1D1N001485?format=pdf"},"dateDispoRepresentation":{}}},"seanceDiscussionRef":{},"article99":"false","loiReference":{"codeLoi":"yy","divisionCodeLoi":"taxe"},"discussionCommune":{},"discussionIdentique":{},"accordGouvernementDepotHorsDelai":"Sans objet"}