{"uid":"AMANR5L17PO59048B1906P1D1N001629","chronotag":"1761078733262","legislature":"17","identification":{"numeroLong":"I-CF1629","numeroOrdreDepot":"1629","prefixeOrganeExamen":"CION_FIN","numeroRect":"0"},"examenRef":"EXANR5L17PO59048B1906P1D1","texteLegislatifRef":"PRJLANR5L17B1906","triAmendement":"buaaaaaaaaaaaaaaaaaaaaaaaaaaaaaaaaaaaaaaaaaaaaaaaaabxpi","cardinaliteAmdtMultiples":"1","amendementParentRef":{},"signataires":{"auteur":{"typeAuteur":"D\u00e9put\u00e9","gouvernementRef":{},"acteurRef":"PA342415","groupePolitiqueRef":"PO845419","auteurRapporteurOrganeRef":{}},"cosignataires":{"acteurRef":["PA841463","PA793624","PA643143","PA606793","PA794094","PA841107","PA841381","PA608172","PA719930","PA840665","PA642764","PA840829","PA720362","PA842211","PA841315","PA795762","PA608264","PA840903","PA841295","PA1008","PA793394","PA795430","PA841919","PA606573","PA841633","PA794854","PA842195","PA609332","PA822617","PA841665","PA333285","PA840939","PA841539","PA331973","PA840171","PA1567","PA841471","PA842263","PA841813","PA841853","PA1654","PA722150","PA643192","PA335054","PA795156","PA774958","PA840765","PA643157","PA840793","PA794270","PA607553","PA840955","PA841367","PA840673","PA342196","PA826635","PA841327","PA841717","PA341981","PA841243","PA774960","PA340343","PA841091","PA841681","PA841893","PA793816","PA794494","PA720992"]},"suffixe":"et les membres du groupe Socialistes et apparent\u00e9s","libelle":" Mme\u0026#160;Battistel,  Mme\u0026#160;Mercier, M.\u0026#160;Philippe\u0026#160;Brun, M.\u0026#160;Baptiste, M.\u0026#160;Baumel, M.\u0026#160;Bouloux, M.\u0026#160;Oberti, Mme\u0026#160;Pantel, Mme\u0026#160;Pir\u0026#232;s\u0026#160;Beaune, M.\u0026#160;Vallaud, Mme\u0026#160;Allemand, M.\u0026#160;Aviragnet, M.\u0026#160;Barusseau, M.\u0026#160;Belhaddad, Mme\u0026#160;Bellay, M.\u0026#160;Benbrahim, M.\u0026#160;Califer, Mme\u0026#160;Capdevielle, M.\u0026#160;Christophle, M.\u0026#160;Courbon, M.\u0026#160;David, M.\u0026#160;Delaporte, M.\u0026#160;Delautrette, Mme\u0026#160;Diop, Mme\u0026#160;Dombre\u0026#160;Coste, M.\u0026#160;Dufau, M.\u0026#160;Echaniz, M.\u0026#160;Eskenazi, M.\u0026#160;Faure, Mme\u0026#160;Froger, M.\u0026#160;F\u0026#233;gn\u0026#233;, M.\u0026#160;Garot, Mme\u0026#160;Godard, M.\u0026#160;Gokel, Mme\u0026#160;Got, M.\u0026#160;Emmanuel\u0026#160;Gr\u0026#233;goire, M.\u0026#160;Guedj, M.\u0026#160;Hablot, Mme\u0026#160;Hadizadeh, Mme\u0026#160;Herouin-L\u0026#233;autey, Mme\u0026#160;C\u0026#233;line\u0026#160;Hervieu, M.\u0026#160;Hollande, M.\u0026#160;Houli\u0026#233;, Mme\u0026#160;Jourdan, Mme\u0026#160;Karamanli, Mme\u0026#160;Keloua\u0026#160;Hachi, M.\u0026#160;Leseul, M.\u0026#160;Lhardit, M.\u0026#160;Naillet, M.\u0026#160;Pena, Mme\u0026#160;Pic, M.\u0026#160;Potier, M.\u0026#160;Pribetich, M.\u0026#160;Proen\u0026#231;a, Mme\u0026#160;Rossi, Mme\u0026#160;Rouaux, M.\u0026#160;Aur\u0026#233;lien\u0026#160;Rousseau, M.\u0026#160;Roussel, Mme\u0026#160;Runel, Mme\u0026#160;R\u0026#233;calde, M.\u0026#160;Saint-Pasteur, Mme\u0026#160;Santiago, M.\u0026#160;Saulignac, M.\u0026#160;Simion, M.\u0026#160;Sother, Mme\u0026#160;Thi\u0026#233;bault-Martinez, Mme\u0026#160;Thomin, M.\u0026#160;Vicot, M.\u0026#160;William et les membres du groupe Socialistes et apparent\u0026#233;s"},"pointeurFragmentTexte":{"partieAmendableRef":{},"division":{"titre":"ARTICLE 12","articleDesignationCourte":"APR\u00c8S ART. 12","articleDesignation":"APR\u00c8S L\u0027ARTICLE 12, ins\u00e9rer l\u0027article suivant:","type":"ARTICLE","avant_A_Apres":"Apr\u00e8s","divisionRattachee":{},"articleAdditionnel":"true","chapitreAdditionnel":"false","urlDivisionTexteVise":"\/17\/textes\/1906A.asp#D_ARTICLE_12"},"amendementStandard":{"alinea":{}}},"corps":{"cartoucheInformatif":{},"contenuAuteur":{"dispositif":"\u003Cp style=\u0022text-align: justify;\u0022\u003EI.\u0026nbsp;\u0026#x2013;\u0026nbsp;Le 1\u0026#x00B0; du\u0026nbsp;I de l\u0026#x2019;article\u0026nbsp;244\u0026nbsp;\u003Ci\u003Equater\u003C\/i\u003E U du code g\u0026#x00E9;n\u0026#x00E9;ral des imp\u0026#x00F4;ts est compl\u0026#x00E9;t\u0026#x00E9; par un h) ainsi r\u0026#x00E9;dig\u0026#x00E9;\u0026nbsp;:\u003C\/p\u003E\u003Cp style=\u0022text-align: justify;\u0022\u003E\u0026#x00AB;\u0026nbsp;\u003Ci\u003Eh)\u003C\/i\u003E Travaux d\u0026#x2019;installation d\u0026#x2019;\u0026#x00E9;quipements produisant de l\u0026#x2019;\u0026#x00E9;lectricit\u0026#x00E9; utilisant l\u0026#x2019;\u0026#x00E9;nergie radiative du soleil d\u0026#x2019;une puissance inf\u0026#x00E9;rieure ou \u0026#x00E9;gale \u0026#x00E0; 9 kilowatt-cr\u0026#x00EA;te.\u0026nbsp;\u0026#x00BB;\u0026nbsp;;\u003C\/p\u003E\u003Cp style=\u0022text-align: justify;\u0022\u003EII.\u0026nbsp;\u0026#x2013;\u0026nbsp;Le I n\u0026#x2019;est applicable qu\u0026#x2019;aux sommes venant en d\u0026#x00E9;duction de l\u0026#x2019;imp\u0026#x00F4;t d\u0026#x00FB;.\u003C\/p\u003E\u003Cp style=\u0022text-align: justify;\u0022\u003EIII.\u0026nbsp;\u0026#x2013;\u0026nbsp;La perte de recettes pour l\u0026#x2019;\u0026#x00C9;tat est compens\u0026#x00E9;e \u0026#x00E0; due concurrence par la cr\u0026#x00E9;ation d\u0026#x2019;une taxe additionnelle \u0026#x00E0; l\u0026#x2019;accise sur les tabacs pr\u0026#x00E9;vue au chapitre IV du titre I\u003Csup\u003Eer\u003C\/sup\u003E du livre III du code des impositions sur les biens et services.\u0026nbsp;\u0026#x00BB;\u003C\/p\u003E","avantAppel":{},"exposeSommaire":"\u003Cp style=\u0022text-align: justify;\u0022\u003ECet amendement vise a\u0026#x0300; ouvrir le dispositif d\u0026#x2019;e\u0026#x0301;co-PTZ aux travaux permettant l\u0026#x2019;installation d\u0026#x2019;e\u0026#x0301;quipements d\u0026#x2019;autoconsommation de source solaire.\u0026nbsp;\u003C\/p\u003E\u003Cp style=\u0022text-align: justify;\u0022\u003ELe de\u0026#x0301;veloppement de solutions d\u0026#x2019;autoconsommation accessibles aux me\u0026#x0301;nages les plus modestes peut constituer un levier de re\u0026#x0301;duction de leur facture importante et durable, tout en permettant d\u0026#x2019;engager les be\u0026#x0301;ne\u0026#x0301;ficiaires dans la mai\u0026#x0302;trise de leur consommation en leur donnant les moyens de la suivre et de la piloter. Afin d\u0026#x2019;acce\u0026#x0301;le\u0026#x0301;rer le de\u0026#x0301;collage de l\u0026#x2019;autoconsommation photovoltai\u0026#x0308;que individuelle en France, il est ne\u0026#x0301;cessaire de renforcer son soutien car les dispositifs actuels ne sont pas suffisants.\u0026nbsp;\u003C\/p\u003E\u003Cp style=\u0022text-align: justify;\u0022\u003Ele dispositif e\u0026#x0301;co- PTZ se pre\u0026#x0301;sente ainsi comme une solution ne\u0026#x0301;cessaire pour aider les particuliers a\u0026#x0300; installer ce type d\u0026#x2019;e\u0026#x0301;quipement one\u0026#x0301;reux et permettre le de\u0026#x0301;veloppement de l\u0026#x2019;autoconsommation solaire en France.\u003C\/p\u003E\u003Cp style=\u0022text-align: justify;\u0022\u003EDans le cadre d\u0026#x2019;une re\u0026#x0301;novation, l\u0026#x2019;inte\u0026#x0301;gration d\u0026#x2019;un syste\u0026#x0300;me d\u0026#x2019;autoconsommation permettra aux ba\u0026#x0302;timents de re\u0026#x0301;duire leurs besoins exte\u0026#x0301;rieurs en e\u0026#x0301;nergie et aux me\u0026#x0301;nages de prendre en main la maitrise de leur consommation. Afin d\u0026#x2019;aider les particuliers, notamment les plus modestes, dans le financement de leur installation d\u0026#x2019;autoconsommation re\u0026#x0301;sidentielle, il est essentiel que des solutions bancaires attractives leur soient propose\u0026#x0301;es.\u003C\/p\u003E\u003Cp style=\u0022text-align: justify;\u0022\u003ESi les installations d\u0026#x2019;autoconsommation be\u0026#x0301;ne\u0026#x0301;ficient aujourd\u0026#x2019;hui de soutien financier, il est opportun et ne\u0026#x0301;cessaire de leur ouvrir le dispositif e\u0026#x0301;co-PTZ.\u003C\/p\u003E\u003Cp style=\u0022text-align: justify;\u0022\u003ECette ouverture ne constituera pas une aide venant s\u0026#x2019;ajouter aux dispositifs existants mais bien une mesure d\u0026#x2019;avancement du reste a\u0026#x0300; charge, qui permettra de faciliter le de\u0026#x0301;veloppement des installations d\u0026#x2019;autoconsommation, a\u0026#x0300; l\u0026#x2019;heure ou\u0026#x0300; la France est encore en retard sur ses objectifs climatiques.\u003C\/p\u003E\u003Cp style=\u0022text-align: justify;\u0022\u003ECet amendement permet donc de suivre les recomandations du Secre\u0026#x0301;tariat ge\u0026#x0301;ne\u0026#x0301;ral a\u0026#x0300; la planification e\u0026#x0301;cologique qui a re\u0026#x0301;cemment appele\u0026#x0301; dans son document de planification pour l\u0026#x2019;e\u0026#x0301;nergie a\u0026#x0300; \u0026#x00AB;\u0026nbsp;renforcer les incitations a\u0026#x0300; l\u0026#x2019;autoconsommation\u0026nbsp;\u0026#x00BB;, afin de cre\u0026#x0301;er les conditions de ce renforcement et soutenir les Franc\u0026#x0327;ais se tournant vers l\u0026#x2019;autoconsommation solaire re\u0026#x0301;sidentielle gra\u0026#x0302;ce a\u0026#x0300; l\u0026#x2019;e\u0026#x0301;co-PTZ.\u003C\/p\u003E","annexeExposeSommaire":{}}},"cycleDeVie":{"dateDepot":"2025-10-17","datePublication":"2025-10-21","soumisArticle40":"false","etatDesTraitements":{"etat":{"code":"DI","libelle":"Discut\u00e9"},"sousEtat":{"code":"DI","libelle":"Rejet\u00e9"}},"dateSort":"2025-10-21T22:32:07+02:00","sort":"Rejet\u00e9"},"representations":{"representation":{"nom":"PDF","typeMime":{"type":"application","subType":"PDF"},"statutRepresentation":{"verbatim":"true","canonique":"true","officielle":"true","transcription":"false","enregistrement":"false"},"repSource":{},"offset":{},"contenu":{"documentURI":"\/base\/AMANR5L17PO59048B1906P1D1N001629?format=pdf"},"dateDispoRepresentation":{}}},"seanceDiscussionRef":{},"article99":"false","loiReference":{"codeLoi":"CGI","divisionCodeLoi":"244 quater U"},"discussionCommune":{},"discussionIdentique":{},"accordGouvernementDepotHorsDelai":"Sans objet"}