{"uid":"AMANR5L17PO59048B1906P1D1N001680","chronotag":"1761152083370","legislature":"17","identification":{"numeroLong":"I-CF1680","numeroOrdreDepot":"1680","prefixeOrganeExamen":"CION_FIN","numeroRect":"0"},"examenRef":"EXANR5L17PO59048B1906P1D1","texteLegislatifRef":"PRJLANR5L17B1906","triAmendement":"haaaaaaaaaaaaaaaaaaaaaaaaaaaaaaaaaaaaaaaaaaaaaaaaaaatsc","cardinaliteAmdtMultiples":"1","amendementParentRef":{},"signataires":{"auteur":{"typeAuteur":"D\u00e9put\u00e9","gouvernementRef":{},"acteurRef":"PA841381","groupePolitiqueRef":"PO845419","auteurRapporteurOrganeRef":{}},"cosignataires":{"acteurRef":["PA795430","PA793624","PA841463","PA840665","PA642764","PA643143","PA840829","PA342415","PA606793","PA720362","PA842211","PA841315","PA794094","PA795762","PA608264","PA840903","PA841295","PA1008","PA793394","PA841919","PA606573","PA841633","PA794854","PA842195","PA609332","PA822617","PA841665","PA333285","PA840939","PA841539","PA331973","PA840171","PA1567","PA841471","PA842263","PA841813","PA841853","PA1654","PA722150","PA643192","PA335054","PA795156","PA774958","PA840765","PA643157","PA841107","PA840793","PA794270","PA608172","PA607553","PA840955","PA841367","PA840673","PA342196","PA826635","PA841327","PA841717","PA341981","PA841243","PA774960","PA340343","PA841091","PA841681","PA841893","PA793816","PA719930","PA794494","PA720992"]},"suffixe":"et les membres du groupe Socialistes et apparent\u00e9s","libelle":" Mme\u0026#160;Pantel,  M.\u0026#160;Delautrette, M.\u0026#160;Philippe\u0026#160;Brun, Mme\u0026#160;Mercier, Mme\u0026#160;Allemand, M.\u0026#160;Aviragnet, M.\u0026#160;Baptiste, M.\u0026#160;Barusseau, Mme\u0026#160;Battistel, M.\u0026#160;Baumel, M.\u0026#160;Belhaddad, Mme\u0026#160;Bellay, M.\u0026#160;Benbrahim, M.\u0026#160;Bouloux, M.\u0026#160;Califer, Mme\u0026#160;Capdevielle, M.\u0026#160;Christophle, M.\u0026#160;Courbon, M.\u0026#160;David, M.\u0026#160;Delaporte, Mme\u0026#160;Diop, Mme\u0026#160;Dombre\u0026#160;Coste, M.\u0026#160;Dufau, M.\u0026#160;Echaniz, M.\u0026#160;Eskenazi, M.\u0026#160;Faure, Mme\u0026#160;Froger, M.\u0026#160;F\u0026#233;gn\u0026#233;, M.\u0026#160;Garot, Mme\u0026#160;Godard, M.\u0026#160;Gokel, Mme\u0026#160;Got, M.\u0026#160;Emmanuel\u0026#160;Gr\u0026#233;goire, M.\u0026#160;Guedj, M.\u0026#160;Hablot, Mme\u0026#160;Hadizadeh, Mme\u0026#160;Herouin-L\u0026#233;autey, Mme\u0026#160;C\u0026#233;line\u0026#160;Hervieu, M.\u0026#160;Hollande, M.\u0026#160;Houli\u0026#233;, Mme\u0026#160;Jourdan, Mme\u0026#160;Karamanli, Mme\u0026#160;Keloua\u0026#160;Hachi, M.\u0026#160;Leseul, M.\u0026#160;Lhardit, M.\u0026#160;Naillet, M.\u0026#160;Oberti, M.\u0026#160;Pena, Mme\u0026#160;Pic, Mme\u0026#160;Pir\u0026#232;s\u0026#160;Beaune, M.\u0026#160;Potier, M.\u0026#160;Pribetich, M.\u0026#160;Proen\u0026#231;a, Mme\u0026#160;Rossi, Mme\u0026#160;Rouaux, M.\u0026#160;Aur\u0026#233;lien\u0026#160;Rousseau, M.\u0026#160;Roussel, Mme\u0026#160;Runel, Mme\u0026#160;R\u0026#233;calde, M.\u0026#160;Saint-Pasteur, Mme\u0026#160;Santiago, M.\u0026#160;Saulignac, M.\u0026#160;Simion, M.\u0026#160;Sother, Mme\u0026#160;Thi\u0026#233;bault-Martinez, Mme\u0026#160;Thomin, M.\u0026#160;Vallaud, M.\u0026#160;Vicot, M.\u0026#160;William et les membres du groupe Socialistes et apparent\u0026#233;s"},"pointeurFragmentTexte":{"partieAmendableRef":{},"division":{"titre":"ARTICLE 27","articleDesignationCourte":"APR\u00c8S ART. 27","articleDesignation":"APR\u00c8S L\u0027ARTICLE 27, ins\u00e9rer l\u0027article suivant:","type":"ARTICLE","avant_A_Apres":"Apr\u00e8s","divisionRattachee":{},"articleAdditionnel":"true","chapitreAdditionnel":"false","urlDivisionTexteVise":"\/17\/textes\/1906A.asp#D_ARTICLE_27"},"amendementStandard":{"alinea":{}}},"corps":{"cartoucheInformatif":{},"contenuAuteur":{"dispositif":"\u003Cp style=\u0022text-align: justify;\u0022\u003EI.\u0026nbsp;\u0026#x2013;\u0026nbsp;Le quatri\u0026#x00E8;me alin\u0026#x00E9;a du\u0026nbsp;I de l\u0026#x2019;article\u0026nbsp;53 de la loi n\u0026#x00B0; 2004\u0026#x2011;1484 du\u0026nbsp;30\u0026nbsp;d\u0026#x00E9;cembre\u0026nbsp;2004 de finances pour 2005 est ainsi modifi\u0026#x00E9;\u0026nbsp;:\u003C\/p\u003E\u003Cp style=\u0022text-align: justify;\u0022\u003E1\u0026#x00B0;\u0026nbsp;\u0026#x00C0; la fin, le taux\u0026nbsp;: \u0026#x00AB;\u0026nbsp;6,45\u0026nbsp;%\u0026nbsp;\u0026#x00BB; est remplac\u0026#x00E9; par le taux\u0026nbsp;:\u0026nbsp;\u0026#x00AB;\u0026nbsp;10,45\u0026nbsp;%\u0026nbsp;\u0026#x00BB;\u0026nbsp;;\u003C\/p\u003E\u003Cp style=\u0022text-align: justify;\u0022\u003E2\u0026#x00B0;\u0026nbsp;Il est compl\u0026#x00E9;t\u0026#x00E9; par une phrase ainsi r\u0026#x00E9;dig\u0026#x00E9;e\u0026nbsp;: \u0026#x00AB;\u0026nbsp;Son produit contribue au financement des services d\u0026#x2019;incendie et de secours.\u0026nbsp;\u0026#x00BB;\u003C\/p\u003E","avantAppel":{},"exposeSommaire":"\u003Cp style=\u0022text-align: justify;\u0022\u003ECet amendement vise \u0026#x00E0; augmenter la fraction du taux de la taxe sp\u0026#x00E9;ciale sur les conventions d\u0026#x2019;assurance (TSCA) aux d\u0026#x00E9;partements \u0026#x00E0; 10,45\u0026nbsp;% contre 6,45\u0026nbsp;% actuellement, le produit contribuant au financement des SDIS.\u003C\/p\u003E\u003Cp style=\u0022text-align: justify;\u0022\u003EDans un contexte climatique et sanitaire sous tension, une augmentation de la TSCA permettrait d\u0026#x2019;all\u0026#x00E9;ger la pression budg\u0026#x00E9;taire subie par les SDIS, tout en assurant de meilleurs services de secours et une meilleure pr\u0026#x00E9;vention des incendies et catastrophes.\u003C\/p\u003E\u003Cp style=\u0022text-align: justify;\u0022\u003ECette demande, valoris\u0026#x00E9;e dans plusieurs rapports dont ceux de l\u0026#x2019;ENSOSP et de l\u0026#x2019;ADF sur la \u0026#x00AB;\u0026nbsp;valeur du sauv\u0026#x00E9;\u0026nbsp;\u0026#x00BB; a \u0026#x00E9;t\u0026#x00E9; partag\u0026#x00E9;e par tous dans le cadre du Beauvau de la S\u0026#x00E9;curit\u0026#x00E9; civile et est soutenue par la F\u0026#x00E9;d\u0026#x00E9;ration nationale des sapeurs-pompiers de France.\u003C\/p\u003E\u003Cp style=\u0022text-align: justify;\u0022\u003ELes contributions budg\u0026#x00E9;taires au financement des SDIS constituent une d\u0026#x00E9;pense obligatoire des d\u0026#x00E9;partements, mais le taux de couverture moyen de la contribution des d\u0026#x00E9;partements aux SDIS par la TSCA \u0026#x00E9;tait de seulement 43,6\u0026nbsp;% en 2021.\u003C\/p\u003E\u003Cp style=\u0022text-align: justify;\u0022\u003EEn vertu de l\u0026#x2019;article\u0026nbsp;53 de la loi de Finances pour 2005, les d\u0026#x00E9;partements sont attributaires d\u0026#x2019;une fraction de 6,45\u0026nbsp;% du produit de la TSCA qu\u0026#x2019;ils doivent redistribuer aux Services d\u0026#x00E9;partementaux d\u0026#x2019;incendie et de secours (SDIS).\u003C\/p\u003E\u003Cp style=\u0022text-align: justify;\u0022\u003ECe fl\u0026#x00E9;chage fiscal constitue une part d\u0026#x00E9;terminante des budgets propres des services d\u0026#x00E9;partementaux d\u0026#x2019;incendie et de secours. Les modalit\u0026#x00E9;s de r\u0026#x00E9;partition doivent \u0026#x00EA;tre \u0026#x00E9;tudi\u0026#x00E9;es afin de mieux prendre en compte les situations locales des SDIS lors de l\u0026#x2019;allocation des ressources.\u003C\/p\u003E\u003Cp style=\u0022text-align: justify;\u0022\u003EApr\u0026#x00E8;s l\u0026#x2019;adoption de la loi n\u0026#x00B0;2023\u0026#x2011;580 du\u0026nbsp;10\u0026nbsp;juillet\u0026nbsp;2023 visant \u0026#x00E0; renforcer la pr\u0026#x00E9;vention et la lutte contre l\u0026#x2019;intensification et l\u0026#x2019;extension du risque incendie, il est n\u0026#x00E9;cessaire de financer les SDIS de fa\u0026#x00E7;on p\u0026#x00E9;renne et stable pour qu\u0026#x2019;ils puissent agir face aux enjeux climatiques.\u003C\/p\u003E","annexeExposeSommaire":{}}},"cycleDeVie":{"dateDepot":"2025-10-17","datePublication":"2025-10-22","soumisArticle40":"false","etatDesTraitements":{"etat":{"code":"DI","libelle":"Discut\u00e9"},"sousEtat":{"code":"DI","libelle":"Rejet\u00e9"}},"dateSort":"2025-10-22T18:54:19+02:00","sort":"Rejet\u00e9"},"representations":{"representation":{"nom":"PDF","typeMime":{"type":"application","subType":"PDF"},"statutRepresentation":{"verbatim":"true","canonique":"true","officielle":"true","transcription":"false","enregistrement":"false"},"repSource":{},"offset":{},"contenu":{"documentURI":"\/base\/AMANR5L17PO59048B1906P1D1N001680?format=pdf"},"dateDispoRepresentation":{}}},"seanceDiscussionRef":{},"article99":"false","loiReference":{"codeLoi":"xx loi 2004-1484","divisionCodeLoi":"53"},"discussionCommune":{"idDiscussion":"32649","typePosition":"Premier"},"discussionIdentique":{},"accordGouvernementDepotHorsDelai":"Sans objet"}