{"uid":"AMANR5L17PO59048B1906P1D1N001699","chronotag":"1761123823405","legislature":"17","identification":{"numeroLong":"I-CF1699","numeroOrdreDepot":"1699","prefixeOrganeExamen":"CION_FIN","numeroRect":"0"},"examenRef":"EXANR5L17PO59048B1906P1D1","texteLegislatifRef":"PRJLANR5L17B1906","triAmendement":"ecaaaaaaaaaaaaaaaaaaaaaaaaaaaaaaaaaaaaaaaaaaaaaaaaaqe","cardinaliteAmdtMultiples":"1","amendementParentRef":{},"signataires":{"auteur":{"typeAuteur":"D\u00e9put\u00e9","gouvernementRef":{},"acteurRef":"PA720362","groupePolitiqueRef":"PO845419","auteurRapporteurOrganeRef":{}},"cosignataires":{},"suffixe":{},"libelle":" M.\u0026#160;Belhaddad"},"pointeurFragmentTexte":{"partieAmendableRef":{},"division":{"titre":"ARTICLE 21","articleDesignationCourte":"APR\u00c8S ART. 21","articleDesignation":"APR\u00c8S L\u0027ARTICLE 21, ins\u00e9rer l\u0027article suivant:","type":"ARTICLE","avant_A_Apres":"Apr\u00e8s","divisionRattachee":{},"articleAdditionnel":"true","chapitreAdditionnel":"false","urlDivisionTexteVise":"\/17\/textes\/1906A.asp#D_ARTICLE_21"},"amendementStandard":{"alinea":{}}},"corps":{"cartoucheInformatif":{},"contenuAuteur":{"dispositif":"\u003Cp style=\u0022text-align: justify;\u0022\u003EApr\u0026#x00E8;s l\u0026#x2019;article\u0026nbsp;L.\u0026nbsp;316\u0026#x2011;6 du code de l\u0026#x2019;\u0026#x00E9;nergie dans sa r\u0026#x00E9;daction r\u0026#x00E9;sultant de\u0026nbsp;la loi\u0026nbsp;n\u0026#x00B0; 2025\u0026#x2011;127 du\u0026nbsp;14\u0026nbsp;f\u0026#x00E9;vrier\u0026nbsp;2025 de finances pour 2025, il est ins\u0026#x00E9;r\u0026#x00E9; un article\u0026nbsp;L.\u0026nbsp;316\u0026#x2011;6\u0026#x2011;1 ainsi r\u0026#x00E9;dig\u0026#x00E9;\u0026nbsp;:\u003C\/p\u003E\u003Cp style=\u0022text-align: justify;\u0022\u003E\u0026#x00AB;\u0026nbsp;\u003Ci\u003EArt.\u0026nbsp;L.\u0026nbsp;316\u0026#x2011;6\u0026#x2011;1.\u003C\/i\u003E\u0026nbsp;\u0026#x2013;\u0026nbsp;\u0026#x00C0; l\u0026#x2019;occasion de la premi\u0026#x00E8;re proc\u0026#x00E9;dure organis\u0026#x00E9;e sur le fondement de l\u0026#x2019;article\u0026nbsp;L.\u0026nbsp;316\u0026#x2011;6 permettant l\u0026#x2019;attribution de r\u0026#x00E9;mun\u0026#x00E9;rations pluriannuelles de capacit\u0026#x00E9;, ne sont pas \u0026#x00E9;ligibles \u0026#x00E0; l\u0026#x2019;attribution de ces r\u0026#x00E9;mun\u0026#x00E9;rations pluriannuelles les installations de production r\u0026#x00E9;alisant des investissements de r\u0026#x00E9;duction d\u0026#x2019;\u0026#x00E9;missions de dioxyde de carbone par kilowattheure permettant d\u0026#x2019;atteindre des \u0026#x00E9;missions de dioxyde de carbone par kilowattheure inf\u0026#x00E9;rieures \u0026#x00E0; la valeur limite pr\u0026#x00E9;vue \u0026#x00E0; l\u0026#x2019;article\u0026nbsp;R.\u0026nbsp;316\u0026#x2011;42, \u0026#x00E0; l\u0026#x2019;exception de celles vis\u0026#x00E9;es \u0026#x00E0; l\u0026#x2019;article\u0026nbsp;L.\u0026nbsp;311\u0026#x2011;1\u0026#x2011;1 du code de l\u0026#x2019;\u0026#x00E9;nergie.\u0026nbsp;\u0026#x00BB;\u003C\/p\u003E","avantAppel":{},"exposeSommaire":"\u003Cp\u003EAfin de garantir la stabilit\u0026#x00E9; et la fiabilit\u0026#x00E9; de l\u0026#x2019;approvisionnement \u0026#x00E9;lectrique national, a \u0026#x00E9;t\u0026#x00E9; institu\u0026#x00E9; un m\u0026#x00E9;canisme de capacit\u0026#x00E9;, Dans le cadre de la r\u0026#x00E9;forme de ce m\u0026#x00E9;canisme introduite par la loi de finances pour 2025, et conform\u0026#x00E9;ment \u0026#x00E0; l\u0026#x2019;article L. 316-6 du code de l\u0026#x2019;\u0026#x00E9;nergie en attente d\u0026#x2019;entr\u0026#x00E9;e en vigueur, il revient d\u0026#x00E9;sormais \u0026#x00E0; RTE, gestionnaire du r\u0026#x00E9;seau public de transport, d\u0026#x2019;organiser la s\u0026#x00E9;lection des capacit\u0026#x00E9;s de production n\u0026#x00E9;cessaires au moyen de mises en concurrence sous forme d\u0026#x2019;ench\u0026#x00E8;res.\u003C\/p\u003E\u003Cp\u003E\u003Cbr\u003EDepuis la loi n\u0026#x00B0; 2019-1147 du 8 novembre 2019 relative \u0026#x00E0; l\u0026#x2019;\u0026#x00E9;nergie et au climat, le l\u0026#x00E9;gislateur a affirm\u0026#x00E9; la priorit\u0026#x00E9; de l\u0026#x2019;objectif r\u0026#x00E9;duction des \u0026#x00E9;missions de gaz \u0026#x00E0; effet de serre et de l\u0026#x2019;utilisation des \u0026#x00E9;nergies fossiles.\u003Cbr\u003E\u003Cbr\u003E\u003C\/p\u003E\u003Cp\u003EA cet \u0026#x00E9;gard, permettre la participation d\u0026#x2019;installations de production thermiques traditionnelles \u0026#x00E0; l\u0026#x2019;occasion de la premi\u0026#x00E8;re ench\u0026#x00E8;re organis\u0026#x00E9;e par RTE reviendrait \u0026#x00E0; fragiliser la coh\u0026#x00E9;rence de la politique \u0026#x00E9;nerg\u0026#x00E9;tique nationale et des engagements climatiques de la France.\u003C\/p\u003E\u003Cp\u003E\u003Cbr\u003EToutefois, un risque sp\u0026#x00E9;cifique de s\u0026#x00E9;curit\u0026#x00E9; d\u0026#x2019;approvisionnement est rapport\u0026#x00E9; par RTE dans son Bilan pr\u0026#x00E9;visionnel 2023-2035, directement li\u0026#x00E9; \u0026#x00E0; la fermeture des derni\u0026#x00E8;res centrales \u0026#x00E0; charbon (cf. Bilan pr\u0026#x00E9;visionnel de RTE 2023-2035 du 29 juillet 2024, p. 58).\u003C\/p\u003E\u003Cp\u003E\u003Cbr\u003ECette analyse souligne qu\u0026#x2019;il ne sera possible de \u0026#x00AB; fermer d\u0026#x00E9;finitivement les derni\u0026#x00E8;res centrales charbon \u0026#x00BB; que dans l\u0026#x2019;hypoth\u0026#x00E8;se d\u0026#x2019;un \u0026#x00AB; r\u0026#x00E9;tablissement de la disponibilit\u0026#x00E9; du parc nucl\u0026#x00E9;aire \u0026#x00E0; un niveau \u0026#x00E9;lev\u0026#x00E9; (55 GW au minimum durant l\u0026#x2019;hiver) ou de d\u0026#x00E9;veloppement pouss\u0026#x00E9; de la sobri\u0026#x00E9;t\u0026#x00E9; \u0026#x00BB;. A d\u0026#x00E9;faut, RTE constate un besoin de capacit\u0026#x00E9;s additionnelles \u0026#x00E0; hauteur de \u0026#x00AB; quelques gigawatts \u0026#x00BB; pour les p\u0026#x00E9;riodes de pointe ou d\u0026#x2019;extr\u0026#x00EA;me pointe, avec de tr\u0026#x00E8;s faibles dur\u0026#x00E9;es de fonctionnement.\u003C\/p\u003E\u003Cp\u003E\u003Cbr\u003EDans ce contexte, il appara\u0026#x00EE;t n\u0026#x00E9;cessaire de faire une exception de nature \u0026#x00E0; accompagner les centrales disposant de capacit\u0026#x00E9;s de production charbon engag\u0026#x00E9;es dans un processus de conversion vers une \u0026#x00E9;nergie moins polluante.\u003Cbr\u003E\u003Cbr\u003E\u003C\/p\u003E\u003Cp\u003EEn effet, la reconversion de ces installations permettant de respecter le seuil de 550 grammes de dioxyde de carbone par kWh constitue une solution pragmatique, identifi\u0026#x00E9;e par RTE comme une r\u0026#x00E9;ponse adapt\u0026#x00E9;e \u0026#x00E0; l\u0026#x2019;imp\u0026#x00E9;ratif de s\u0026#x00E9;curit\u0026#x00E9; d\u0026#x2019;approvisionnement.\u003C\/p\u003E\u003Cp\u003E\u003Cbr\u003ELe pr\u0026#x00E9;sent amendement propose donc de limiter la participation des installations de production thermiques traditionnelles \u0026#x00E0; la premi\u0026#x00E8;re proc\u0026#x00E9;dure d\u0026#x2019;ench\u0026#x00E8;res du m\u0026#x00E9;canisme de capacit\u0026#x00E9;, sauf pour certaines centrales en cours de reconversion.\u003C\/p\u003E\u003Cp\u003E\u003Cbr\u003ECette exception s\u0026#x2019;inscrit dans une logique d\u0026#x2019;\u0026#x00E9;quilibre entre exigences environnementales, imp\u0026#x00E9;ratifs industriels et responsabilit\u0026#x00E9; sociale. L\u0026#x2019;ouverture r\u0026#x00E9;serv\u0026#x00E9;e aux centrales \u0026#x00E0; charbon en voie de conversion constitue une mesure cibl\u0026#x00E9;e, proportionn\u0026#x00E9;e et conforme \u0026#x00E0; l\u0026#x2019;int\u0026#x00E9;r\u0026#x00EA;t g\u0026#x00E9;n\u0026#x00E9;ral, conciliant la s\u0026#x00E9;curit\u0026#x00E9; d\u0026#x2019;approvisionnement et une transition \u0026#x00E9;nerg\u0026#x00E9;tique plus juste \u0026#x00E0; travers le soutien du bassin d\u0026#x2019;emploi associ\u0026#x00E9;.\u003C\/p\u003E\u003Cp\u003E\u003Cbr\u003ELe dispositif introduit par le pr\u0026#x00E9;sent amendement s\u0026#x2019;inscrit de surcro\u0026#x00EE;t dans la lign\u0026#x00E9;e des derni\u0026#x00E8;res d\u0026#x00E9;cisions de la Commission europ\u0026#x00E9;enne en la mati\u0026#x00E8;re, qui reconna\u0026#x00EE;t la possibilit\u0026#x00E9; de mesures cibl\u0026#x00E9;es visant \u0026#x00E0; soutenir le d\u0026#x00E9;veloppement de capacit\u0026#x00E9;s de production pilotables adapt\u0026#x00E9;es aux besoins du syst\u0026#x00E8;me \u0026#x00E9;lectrique.\u003C\/p\u003E","annexeExposeSommaire":{}}},"cycleDeVie":{"dateDepot":"2025-10-18","datePublication":"2025-10-21","soumisArticle40":"false","etatDesTraitements":{"etat":{"code":"DI","libelle":"Discut\u00e9"},"sousEtat":{"code":"DI","libelle":"Adopt\u00e9"}},"dateSort":"2025-10-22T11:03:35+02:00","sort":"Adopt\u00e9"},"representations":{"representation":{"nom":"PDF","typeMime":{"type":"application","subType":"PDF"},"statutRepresentation":{"verbatim":"true","canonique":"true","officielle":"true","transcription":"false","enregistrement":"false"},"repSource":{},"offset":{},"contenu":{"documentURI":"\/base\/AMANR5L17PO59048B1906P1D1N001699?format=pdf"},"dateDispoRepresentation":{}}},"seanceDiscussionRef":{},"article99":"false","loiReference":{"codeLoi":"c \u00e9nergie","divisionCodeLoi":"L316-6-1"},"discussionCommune":{"idDiscussion":"32599","typePosition":"Milieu"},"discussionIdentique":{"idDiscussion":"81595","typePosition":"Milieu"},"accordGouvernementDepotHorsDelai":"Sans objet"}