{"uid":"AMANR5L17PO59048B1906P2D1N000002","chronotag":"1762990721568","legislature":"17","identification":{"numeroLong":"II-CF2","numeroOrdreDepot":"2","prefixeOrganeExamen":"CION_FIN","numeroRect":"0"},"examenRef":"EXANR5L17PO59048B1906P2D1","texteLegislatifRef":"PRJLANR5L17B1906","triAmendement":"bnaaaaaaaaaaaaaaaaaaaaaaaaaaaaaaaaaaaaaaaaaaaaaaaai","cardinaliteAmdtMultiples":"1","amendementParentRef":{},"signataires":{"auteur":{"typeAuteur":"D\u00e9put\u00e9","gouvernementRef":{},"acteurRef":"PA712015","groupePolitiqueRef":"PO845425","auteurRapporteurOrganeRef":{}},"cosignataires":{"acteurRef":["PA794178","PA718850","PA722390","PA719968","PA721816","PA643104","PA793508"]},"suffixe":{},"libelle":" M.\u0026#160;Dive,  M.\u0026#160;Taite, M.\u0026#160;Cordier, Mme\u0026#160;Corneloup, Mme\u0026#160;Sylvie\u0026#160;Bonnet, M.\u0026#160;Boucard, Mme\u0026#160;Minard et M.\u0026#160;Brigand"},"pointeurFragmentTexte":{"partieAmendableRef":{},"division":{"titre":"ARTICLE 69","articleDesignationCourte":"APR\u00c8S ART. 69","articleDesignation":"APR\u00c8S L\u0027ARTICLE 69, ins\u00e9rer l\u0027article suivant:","type":"ARTICLE","avant_A_Apres":"Apr\u00e8s","divisionRattachee":{},"articleAdditionnel":"true","chapitreAdditionnel":"false","urlDivisionTexteVise":"\/17\/textes\/1906C.asp#D_ARTICLE_69"},"missionVisee":{"codeEtat":"B","codeMissionMinefi":"TA","libelleMission":"\u00c9cologie, d\u00e9veloppement et mobilit\u00e9 durables","missionRef":"3331"},"amendementStandard":{"alinea":{}}},"corps":{"cartoucheInformatif":{},"contenuAuteur":{"dispositif":"\u003Cp style=\u0022text-align: justify;\u0022\u003EI.\u0026nbsp;\u0026#x2013;\u0026nbsp;L\u0026#x2019;article\u0026nbsp;L.\u0026nbsp;311\u0026#x2011;12 du code de l\u0026#x2019;\u0026#x00E9;nergie est compl\u0026#x00E9;t\u0026#x00E9; par trois alin\u0026#x00E9;as ainsi r\u0026#x00E9;dig\u0026#x00E9;s\u0026nbsp;:\u0026nbsp;\u003C\/p\u003E\u003Cp style=\u0022text-align: justify;\u0022\u003E\u0026#x00AB;\u0026nbsp;Le b\u0026#x00E9;n\u0026#x00E9;ficiaire d\u0026#x2019;un contrat mentionn\u0026#x00E9; aux\u0026nbsp;1\u0026#x00B0; et\u0026nbsp;2\u0026#x00B0; peut conclure, sur tout ou partie de l\u0026#x2019;\u0026#x00E9;lectricit\u0026#x00E9; produite, un contrat de vente directe d\u0026#x2019;\u0026#x00E9;lectricit\u0026#x00E9; mentionn\u0026#x00E9;s au\u0026nbsp;2\u0026#x00B0; du\u0026nbsp;I de l\u0026#x2019;article\u0026nbsp;L.\u0026nbsp;333\u0026#x2011;1 du code de l\u0026#x2019;\u0026#x00E9;nergie avec un consommateur final ou avec un fournisseur d\u0026#x2019;\u0026#x00E9;lectricit\u0026#x00E9;. Le contrat d\u0026#x2019;achat mentionn\u0026#x00E9; au\u0026nbsp;1\u0026#x00B0; ou de compl\u0026#x00E9;ment de r\u0026#x00E9;mun\u0026#x00E9;ration mentionn\u0026#x00E9; au\u0026nbsp;2\u0026#x00B0; du pr\u0026#x00E9;sent article est alors suspendu durant la dur\u0026#x00E9;e du contrat de vente directe d\u0026#x2019;\u0026#x00E9;lectricit\u0026#x00E9;, et n\u0026#x2019;est r\u0026#x00E9;activ\u0026#x00E9; qu\u0026#x2019;\u0026#x00E0; l\u0026#x2019;\u0026#x00E9;ch\u0026#x00E9;ance de ce dernier ou bien en cas de d\u0026#x00E9;faut du consommateur final ou du fournisseur, pour la dur\u0026#x00E9;e r\u0026#x00E9;siduelle du contrat d\u0026#x2019;achat ou de compl\u0026#x00E9;ment de r\u0026#x00E9;mun\u0026#x00E9;ration.\u003C\/p\u003E\u003Cp style=\u0022text-align: justify;\u0022\u003E\u0026#x00AB;\u0026nbsp;Seuls les contrats d\u0026#x2019;achat ou de compl\u0026#x00E9;ment de r\u0026#x00E9;mun\u0026#x00E9;ration qui occasionnent une charge pour les finances publiques sont \u0026#x00E9;ligibles \u0026#x00E0; la facult\u0026#x00E9; de conclure des contrats de vente directe d\u0026#x2019;\u0026#x00E9;lectricit\u0026#x00E9; mentionn\u0026#x00E9;e \u0026#x00E0; l\u0026#x2019;alin\u0026#x00E9;a pr\u0026#x00E9;c\u0026#x00E9;dent. Un arr\u0026#x00EA;t\u0026#x00E9; du ministre charg\u0026#x00E9; de l\u0026#x2019;\u0026#x00E9;nergie et du budget, pris apr\u0026#x00E8;s un avis de la Commission de r\u0026#x00E9;gulation de l\u0026#x2019;\u0026#x00E9;nergie, et publi\u0026#x00E9; dans les 6 mois apr\u0026#x00E8;s la promulgation de la pr\u0026#x00E9;sente loi, \u0026#x00E9;tablit la m\u0026#x00E9;thodologie d\u0026#x2019;appr\u0026#x00E9;ciation du caract\u0026#x00E8;re on\u0026#x00E9;reux de ces contrats en fonction des prix de march\u0026#x00E9; \u0026#x00E0; terme. La liste des contrats en r\u0026#x00E9;sultant est mise \u0026#x00E0; jour tous les ans par la Commission de r\u0026#x00E9;gulation de l\u0026#x2019;\u0026#x00E9;nergie. Cette derni\u0026#x00E8;re peut interrompre la facult\u0026#x00E9; mentionn\u0026#x00E9;e \u0026#x00E0; l\u0026#x2019;alin\u0026#x00E9;a pr\u0026#x00E9;c\u0026#x00E9;dent en cas de hausse des prix de march\u0026#x00E9; \u0026#x00E0; des niveaux significativement sup\u0026#x00E9;rieurs \u0026#x00E0; ceux initialement consid\u0026#x00E9;r\u0026#x00E9;s.\u003C\/p\u003E\u003Cp style=\u0022text-align: justify;\u0022\u003E\u0026#x00AB;\u0026nbsp;Un arr\u0026#x00EA;t\u0026#x00E9; du ministre charg\u0026#x00E9; de l\u0026#x2019;\u0026#x00E9;nergie, pris apr\u0026#x00E8;s un avis de la Commission de r\u0026#x00E9;gulation de l\u0026#x2019;\u0026#x00E9;nergie, et publi\u0026#x00E9; dans les 6 mois apr\u0026#x00E8;s la promulgation de la pr\u0026#x00E9;sente loi, fixe les modalit\u0026#x00E9;s de suspension et de r\u0026#x00E9;activation du contrat d\u0026#x2019;achat ou de compl\u0026#x00E9;ment de r\u0026#x00E9;mun\u0026#x00E9;ration, la dur\u0026#x00E9;e minimale du contrat de vente directe d\u0026#x2019;\u0026#x00E9;lectricit\u0026#x00E9;, la majoration maximale de prix du contrat de vente directe mentionn\u0026#x00E9; au premier alin\u0026#x00E9;a \u0026#x00E0; laquelle les b\u0026#x00E9;n\u0026#x00E9;ficiaires mentionn\u0026#x00E9;s \u0026#x00E0; ce m\u0026#x00EA;me alin\u0026#x00E9;a peuvent pr\u0026#x00E9;tendre, ainsi que l\u0026#x2019;\u0026#x00E9;ventuelle r\u0026#x00E9;duction du prix du contrat d\u0026#x2019;achat ou de compl\u0026#x00E9;ment de r\u0026#x00E9;mun\u0026#x00E9;ration sur sa dur\u0026#x00E9;e r\u0026#x00E9;siduelle visant \u0026#x00E0; \u0026#x00E9;viter une sur-r\u0026#x00E9;mun\u0026#x00E9;ration du b\u0026#x00E9;n\u0026#x00E9;ficiaire.\u0026nbsp;\u0026#x00BB;\u003C\/p\u003E\u003Cp style=\u0022text-align: justify;\u0022\u003EII.\u0026nbsp;\u0026#x2013;\u0026nbsp;\u0026#x00AB;\u0026nbsp;Le I n\u0026#x2019;est applicable qu\u0026#x2019;aux sommes venant en d\u0026#x00E9;duction de l\u0026#x2019;imp\u0026#x00F4;t d\u0026#x00FB;.\u003C\/p\u003E","avantAppel":{},"exposeSommaire":"\u003Cp style=\u0022text-align: justify;\u0022\u003ELe m\u0026#x00E9;canisme propos\u0026#x00E9; vise \u0026#x00E0; soutenir le d\u0026#x00E9;veloppement des contrats PPA en l\u0026#x2019;articulant avec les dispositifs de soutien aux EnR, tout en permettant des \u0026#x00E9;conomies pour les finances publiques. Ce pr\u0026#x00E9;sent amendement reprend une mesure adopt\u0026#x00E9;e en commission des Finances sur la Loi de Finances 2025, non int\u0026#x00E9;gr\u0026#x00E9;e dans le texte issu du\u0026nbsp;49\u0026#x2011;3, tout en int\u0026#x00E9;grant les observations formul\u0026#x00E9;es par le Gouvernement lors des d\u0026#x00E9;bats au S\u0026#x00E9;nat. Encadr\u0026#x00E9; par la CRE, le dispositif introduit ainsi la facult\u0026#x00E9; pour les producteurs d\u0026#x2019;\u0026#x00E9;lectricit\u0026#x00E9; renouvelable b\u0026#x00E9;n\u0026#x00E9;ficiant d\u0026#x2019;un m\u0026#x00E9;canisme de soutien (obligation d\u0026#x2019;achat ou compl\u0026#x00E9;ment de r\u0026#x00E9;mun\u0026#x00E9;ration) d\u0026#x2019;en sortir temporairement afin de contracter directement avec un consommateur. Le dispositif int\u0026#x00E8;gre deux \u0026#x00E9;volutions majeures depuis les d\u0026#x00E9;bats sur la LF2025\u0026nbsp;: il restreint la sortie des m\u0026#x00E9;canismes de soutien aux seules installations consid\u0026#x00E9;r\u0026#x00E9;es comme co\u0026#x00FB;teuses pour l\u0026#x2019;\u0026#x00C9;tat, et il limite l\u0026#x2019;application de la mesure aux installations mises en service apr\u0026#x00E8;s la promulgation de la loi.\u003C\/p\u003E\u003Cp style=\u0022text-align: justify;\u0022\u003E\u0026nbsp;Cette proposition est ainsi avantageuse\u0026nbsp;:\u003C\/p\u003E\u003Cp style=\u0022text-align: justify;\u0022\u003E* Pour l\u0026#x2019;\u0026#x00C9;tat, dont le budget pour le soutien aux EnR est de 4 \u0026#x00E0; 5 milliards d\u0026#x2019;euros par an, qui pourrait \u0026#x00E9;conomiser en r\u0026#x00E9;duisant l\u0026#x2019;exposition budg\u0026#x00E9;taire li\u0026#x00E9;e aux prix de march\u0026#x00E9; de l\u0026#x2019;\u0026#x00E9;lectricit\u0026#x00E9; et en accompagnant l\u0026#x2019;\u0026#x00E9;mergence de m\u0026#x00E9;canismes de soutiens au EnR moins co\u0026#x00FB;teux pour les finances publiques\u0026nbsp;;\u003C\/p\u003E\u003Cp style=\u0022text-align: justify;\u0022\u003E* Pour les consommateurs d\u0026#x2019;\u0026#x00E9;lectricit\u0026#x00E9; qui souhaitent s\u0026#x2019;engager dans une d\u0026#x00E9;marche de d\u0026#x00E9;carbonation et qui demandent une stabilit\u0026#x00E9; de leurs tarifs sans pour autant pouvoir s\u0026#x2019;engager sur 15 ou 20 ans\u0026nbsp;;\u003C\/p\u003E\u003Cp style=\u0022text-align: justify;\u0022\u003E* Et pour les producteurs dont l\u0026#x2019;acceptabilit\u0026#x00E9; locale de leurs installations serait grandement facilit\u0026#x00E9;e par la possibilit\u0026#x00E9; de conclure des contrats avec des consommateurs locaux (entreprises, industries, collectivit\u0026#x00E9;s, ou particuliers via leur fournisseur).\u003C\/p\u003E\u003Cp style=\u0022text-align: justify;\u0022\u003E\u0026nbsp;Il est important de souligner que la directive europ\u0026#x00E9;enne sur le march\u0026#x00E9; de l\u0026#x2019;\u0026#x00E9;lectricit\u0026#x00E9; (EMD) promeut explicitement le d\u0026#x00E9;veloppement des contrats PPA qui permettent de concilier le d\u0026#x00E9;veloppement des parcs EnR avec une \u0026#x00E9;volution du soutien public des \u0026#x00C9;tats membres. L\u0026#x2019;Allemagne, par exemple, a mis en \u0026#x0153;uvre un m\u0026#x00E9;canisme similaire permettant aux producteurs d\u0026#x2019;\u0026#x00E9;lectricit\u0026#x00E9; renouvelables de passer entre des dispositifs de soutien public et des contrats PPA. De tels syst\u0026#x00E8;mes hybrides sont non seulement efficaces mais \u0026#x00E9;galement en conformit\u0026#x00E9; avec le cadre juridique europ\u0026#x00E9;en.\u003C\/p\u003E","annexeExposeSommaire":{}}},"cycleDeVie":{"dateDepot":"2025-10-16","datePublication":"2025-11-11","soumisArticle40":"false","etatDesTraitements":{"etat":{"code":"DI","libelle":"Discut\u00e9"},"sousEtat":{"code":"DI","libelle":"Non soutenu"}},"dateSort":"2025-11-13T00:38:26+01:00","sort":"Non soutenu"},"representations":{"representation":{"nom":"PDF","typeMime":{"type":"application","subType":"PDF"},"statutRepresentation":{"verbatim":"true","canonique":"true","officielle":"true","transcription":"false","enregistrement":"false"},"repSource":{},"offset":{},"contenu":{"documentURI":"\/base\/AMANR5L17PO59048B1906P2D1N000002?format=pdf"},"dateDispoRepresentation":{}}},"seanceDiscussionRef":{},"article99":"false","loiReference":{"codeLoi":"c \u00e9nergie","divisionCodeLoi":"L311-12"},"discussionCommune":{},"discussionIdentique":{},"accordGouvernementDepotHorsDelai":"Sans objet"}