{"uid":"AMANR5L17PO59051B2327P0D1N000019","chronotag":"1772040848530","legislature":"17","identification":{"numeroLong":"CL19","numeroOrdreDepot":"19","prefixeOrganeExamen":"CION_LOIS","numeroRect":"0"},"examenRef":"EXANR5L17PO59051B2327P0D1","texteLegislatifRef":"PIONANR5L17B2327","triAmendement":"biaaaaaaaaaaaaaaaaaaaaaaaaaaaaaaaaaaaaaaaaaaaaaaaaui","cardinaliteAmdtMultiples":"1","amendementParentRef":{},"signataires":{"auteur":{"typeAuteur":"D\u00e9put\u00e9","gouvernementRef":{},"acteurRef":"PA720846","groupePolitiqueRef":"PO845413","auteurRapporteurOrganeRef":{}},"cosignataires":{"acteurRef":["PA795228","PA793262","PA794906","PA794138","PA795588","PA795084","PA842105","PA841657","PA720430","PA793772","PA795616","PA793444","PA794938","PA795318","PA841023","PA796090","PA793912","PA842187","PA842037","PA791812","PA793736","PA721202","PA795136","PA793464","PA842155","PA795200","PA795844","PA841251","PA794786","PA794870","PA796070","PA795310","PA794478","PA841947","PA794082","PA794130","PA841729","PA795516","PA841515","PA795672","PA795108","PA795298","PA791824","PA842029","PA793532","PA795746","PA342384","PA795422","PA794686","PA841215","PA795482","PA610654","PA841191","PA721960","PA793872","PA720892","PA817211","PA793756","PA796062","PA719578","PA721062","PA841845","PA795982","PA795466","PA793744","PA720952","PA794106","PA794166","PA795164","PA795596"]},"suffixe":{},"libelle":" M.\u0026#160;Lachaud,  Mme\u0026#160;Abomangoli, M.\u0026#160;Alexandre, M.\u0026#160;Amard, Mme\u0026#160;Amiot, Mme\u0026#160;Amrani, M.\u0026#160;Arenas, M.\u0026#160;Arnault, Mme\u0026#160;Belouassa-Cherifi, M.\u0026#160;Bernalicis, M.\u0026#160;Bex, M.\u0026#160;Bilongo, M.\u0026#160;Bompard, M.\u0026#160;Boumertit, M.\u0026#160;Boyard, M.\u0026#160;Cadalen, M.\u0026#160;Caron, M.\u0026#160;Carri\u0026#232;re, Mme\u0026#160;Cathala, M.\u0026#160;Cernon, Mme\u0026#160;Chikirou, M.\u0026#160;Clouet, M.\u0026#160;Coquerel, M.\u0026#160;Coulomme, M.\u0026#160;Delogu, M.\u0026#160;Diouara, Mme\u0026#160;Dufour, Mme\u0026#160;Erodi, Mme\u0026#160;Feld, M.\u0026#160;Fernandes, Mme\u0026#160;Ferrer, M.\u0026#160;Gaillard, Mme\u0026#160;Guett\u0026#233;, M.\u0026#160;Guiraud, Mme\u0026#160;Hamdane, Mme\u0026#160;Hignet, M.\u0026#160;Kerbrat, M.\u0026#160;Lahmar, M.\u0026#160;Laisney, M.\u0026#160;Le\u0026#160;Coq, M.\u0026#160;Le\u0026#160;Gall, Mme\u0026#160;Leboucher, M.\u0026#160;Legavre, Mme\u0026#160;Legrain, Mme\u0026#160;Lejeune, Mme\u0026#160;Lepvraud, M.\u0026#160;L\u0026#233;aument, Mme\u0026#160;\u0026#201;lisa\u0026#160;Martin, M.\u0026#160;Maudet, Mme\u0026#160;Maximi, Mme\u0026#160;Mesmeur, Mme\u0026#160;Manon\u0026#160;Meunier, M.\u0026#160;Nilor, Mme\u0026#160;Nosb\u0026#233;, Mme\u0026#160;Obono, Mme\u0026#160;Oziol, Mme\u0026#160;Panot, M.\u0026#160;Pilato, M.\u0026#160;Piquemal, M.\u0026#160;Portes, M.\u0026#160;Prud\u0026apos;homme, M.\u0026#160;Ratenon, M.\u0026#160;Saint-Martin, M.\u0026#160;Saintoul, Mme\u0026#160;Soudais, Mme\u0026#160;Stambach-Terrenoir, M.\u0026#160;Aur\u0026#233;lien\u0026#160;Tach\u0026#233;, Mme\u0026#160;Taurinya, M.\u0026#160;Tavel, Mme\u0026#160;Trouv\u0026#233; et M.\u0026#160;Vannier"},"pointeurFragmentTexte":{"partieAmendableRef":{},"division":{"titre":"Article PREMIER","articleDesignationCourte":"ART. PREMIER","articleDesignation":"ARTICLE PREMIER","type":"ARTICLE","avant_A_Apres":"A","divisionRattachee":{},"articleAdditionnel":"false","chapitreAdditionnel":"false","urlDivisionTexteVise":"\/17\/textes\/2327.asp#D_Article_1er"},"amendementStandard":{"alinea":{"avant_A_Apres":{},"numero":"15","alineaDesignation":"Alin\u00e9a 15"}}},"corps":{"cartoucheInformatif":{},"contenuAuteur":{"dispositif":"\u003Cp style=\u0022text-align: justify;\u0022\u003EI.\u0026nbsp;\u0026#x2013;\u0026nbsp;R\u0026#x00E9;diger ainsi l\u0026#x2019;alin\u0026#x00E9;a\u0026nbsp;15\u0026nbsp;:\u0026nbsp;\u003C\/p\u003E\u003Cp style=\u0022text-align: justify;\u0022\u003E\u0026#x00AB;\u0026nbsp;La d\u0026#x00E9;claration de beau\u0026#x2011;parentalit\u0026#x00E9; entra\u0026#x00EE;ne une coresponsabilit\u0026#x00E9; de l\u0026#x2019;autorit\u0026#x00E9; parentale au b\u0026#x00E9;n\u0026#x00E9;fice du beau-parent. Elle lui permet d\u0026#x2019;accomplir les actes usuels relatifs \u0026#x00E0; l\u0026#x2019;autorit\u0026#x00E9; parentale et de repr\u0026#x00E9;senter l\u0026#x2019;enfant \u0026#x00E0; l\u0026#x2019;occasion de tels actes. Elle ne prive pas les titulaires de l\u0026#x2019;autorit\u0026#x00E9; parentale de l\u0026#x2019;exercice de celle-ci. La pr\u0026#x00E9;somption pr\u0026#x00E9;vue \u0026#x00E0; l\u0026#x2019;article\u0026nbsp;372\u0026#x2011;2 est applicable aux actes accomplis par le coresponsable. La coresponsabilit\u0026#x00E9; parentale prend fin \u0026#x00E0; la majorit\u0026#x00E9; ou \u0026#x00E0; l\u0026#x2019;\u0026#x00E9;mancipation de l\u0026#x2019;enfant, ou par d\u0026#x00E9;cision du juge.\u0026nbsp;\u0026#x00BB;\u003C\/p\u003E\u003Cp style=\u0022text-align: justify;\u0022\u003EII.\u0026nbsp;\u0026#x2013;\u0026nbsp;En cons\u0026#x00E9;quence, supprimer l\u0026#x2019;alin\u0026#x00E9;a\u0026nbsp;17.\u003C\/p\u003E","avantAppel":{},"exposeSommaire":"\u003Cp\u003EPar cet amendement, les d\u0026#x00E9;put\u0026#x00E9;.es de la France insoumise proposent de donner une port\u0026#x00E9;e effective et utile \u0026#x00E0; cette proposition de loi, qui soit davantage conforme \u0026#x00E0; la r\u0026#x00E9;alit\u0026#x00E9; des familles recompos\u0026#x00E9;es.\u003C\/p\u003E\u003Cp\u003ENous proposons que la d\u0026#x00E9;claration de beau\u0026#x2011;parentalit\u0026#x00E9; entra\u0026#x00EE;ne une coresponsabilit\u0026#x00E9; de l\u0026#x2019;autorit\u0026#x00E9; parentale au b\u0026#x00E9;n\u0026#x00E9;fice du beau-parent. Cette coresponsabilit\u0026#x00E9; lui permettra d\u0026#x2019;accomplir les actes usuels relatifs \u0026#x00E0; l\u0026#x2019;autorit\u0026#x00E9; parentale et de repr\u0026#x00E9;senter l\u0026#x2019;enfant \u0026#x00E0; l\u0026#x2019;occasion de tels actes. Cette d\u0026#x00E9;signation ne privera pas l\u0027un ou l\u0027autre parent titulaires de l\u0027autorit\u0026#x00E9; parentale de l\u0027exercice de celle-ci.\u003C\/p\u003E\u003Cp\u003ELes actes usuels correspondent aux actes qui n\u0027ont pas de cons\u0026#x00E9;quences majeures pour l\u0027enfant (inscription au sport, renouvellement de l\u0027inscription dans un \u0026#x00E9;tablissement scolaire, inscription garderie, suivi correspondances scolaire non grave, suivi sant\u0026#x00E9; scolaire, etc.), qui ne portent pas atteinte \u0026#x00E0; ses droits fondamentaux et qu\u0027un parent peut exercer sans l\u0027accord de l\u0027autre. Dans ce cadre, chacun des parents est r\u0026#x00E9;put\u0026#x00E9; agir avec l\u0027accord de l\u0027autre, quand il fait seul un acte usuel de l\u0027autorit\u0026#x00E9; parentale.\u003C\/p\u003E\u003Cp\u003ECette pr\u0026#x00E9;cision est essentielle, sans quoi ce texte serait malheureusement une coquille vide, et une occasion rat\u0026#x00E9;e du l\u0026#x00E9;gislateur de conf\u0026#x00E9;rer au statut de beau-parent une r\u0026#x00E9;elle reconnaissance juridique qui soit conforme \u0026#x00E0; l\u0027int\u0026#x00E9;r\u0026#x00EA;t de l\u0027enfant.\u003C\/p\u003E\u003Cp\u003ES\u0027il exste d\u0026#x00E9;j\u0026#x00E0; une possibilit\u0026#x00E9; de \u0022d\u0026#x00E9;l\u0026#x00E9;gation-partage de l\u0026#x2019;autorit\u0026#x00E9; parentale\u0022 depuis la loi de 2002 relative \u0026#x00E0; l\u0027autorit\u0026#x00E9; parentale, celle-ci est soumise \u0026#x00E0; l\u0026#x2019;accord conjoint des titulaires de l\u0026#x2019;autorit\u0026#x00E9; parentale et \u0026#x00E0; l\u0026#x2019;approbation du juge aux affaires familiales.\u003C\/p\u003E\u003Cp\u003ELe m\u0026#x00E9;canisme propos\u0026#x00E9; ici permet d\u0027assouplir ce cadre l\u0026#x00E9;gal puisque la d\u0026#x00E9;claration de beau-parentalit\u0026#x00E9; ouvrant \u0026#x00E0; cette coresponsabilit\u0026#x00E9; parentale ne n\u0026#x00E9;cessiterait que la signature du beau-parent et du parent mari\u0026#x00E9; ou pacs\u0026#x00E9; \u0026#x00E0; celui-ci pour \u0026#x00EA;tre effective.\u003C\/p\u003E\u003Cp\u003ECet assouplissement est n\u0026#x00E9;cessaire, sans quoi le beau-parent continuera \u0026#x00E0; devoir un permanence se tourner vers un des parents titulaires de l\u0027autorit\u0026#x00E9; parentale pour proc\u0026#x00E9;der \u0026#x00E0; ces actes usuels. Nous pensons que la d\u0026#x00E9;claration de beau-parentalit\u0026#x00E9; doit emporter des responsabilit\u0026#x00E9; parentales concr\u0026#x00E8;tes envers l\u0027enfant, en lien avec les devoirs d\u0027\u0026#x00E9;ducation et d\u0027assistance.\u003C\/p\u003E\u003Cp\u003EPar cons\u0026#x00E9;quent, nous proposons de supprimer l\u0027alin\u0026#x00E9;a 17 qui dispose que \u0022le beau\u0026#x2011;parent a le droit d\u0026#x2019;entretenir avec l\u0026#x2019;enfant des relations personnelles, dans le respect de l\u0026#x2019;autorit\u0026#x00E9; parentale exerc\u0026#x00E9;e par les parents\u0022, qui perd de facto sa raison d\u0027\u0026#x00EA;tre. En outre, l\u0027UNAF auditionn\u0026#x00E9;e dans le cadre de cette proposition de loi conteste cet alin\u0026#x00E9;a, estimant \u0026#x00E0; juste titre que le point de d\u0026#x00E9;part de la r\u0026#x00E9;flexion du l\u0026#x00E9;gislateur devrait \u0026#x00EA;tre les droits de l\u0026#x2019;enfant plut\u0026#x00F4;t que les droits du beau-parent.\u003C\/p\u003E","annexeExposeSommaire":{}}},"cycleDeVie":{"dateDepot":"2026-02-20","datePublication":"2026-02-24","soumisArticle40":"false","etatDesTraitements":{"etat":{"code":"DI","libelle":"Discut\u00e9"},"sousEtat":{"code":"DI","libelle":"Tomb\u00e9"}},"dateSort":"2026-02-25T18:33:52+01:00","sort":"Tomb\u00e9"},"representations":{"representation":{"nom":"PDF","typeMime":{"type":"application","subType":"PDF"},"statutRepresentation":{"verbatim":"true","canonique":"true","officielle":"true","transcription":"false","enregistrement":"false"},"repSource":{},"offset":{},"contenu":{"documentURI":"\/base\/AMANR5L17PO59051B2327P0D1N000019?format=pdf"},"dateDispoRepresentation":{}}},"seanceDiscussionRef":{},"article99":"false","loiReference":{"codeLoi":"1","divisionCodeLoi":"dc"},"discussionCommune":{"idDiscussion":"37407","typePosition":"Premier"},"discussionIdentique":{},"accordGouvernementDepotHorsDelai":"Sans objet"}