{"uid":"AMANR5L17PO59051B2464P0D1N000198","chronotag":"1777409341669","legislature":"17","identification":{"numeroLong":"CL198","numeroOrdreDepot":"198","prefixeOrganeExamen":"CION_LOIS","numeroRect":"0"},"examenRef":"EXANR5L17PO59051B2464P0D1","texteLegislatifRef":"PRJLANR5L17B2464","triAmendement":"iiaaaaaaaaaaaaaaaaaaaaaaaaaaaaaaaaaaaaaaaaaaaaaaaahxq","cardinaliteAmdtMultiples":"1","amendementParentRef":{},"signataires":{"auteur":{"typeAuteur":"D\u00e9put\u00e9","gouvernementRef":{},"acteurRef":"PA340343","groupePolitiqueRef":"PO845419","auteurRapporteurOrganeRef":{}},"cosignataires":{"acteurRef":["PA840665","PA608264","PA840903","PA722150","PA335054","PA840793","PA841893","PA794494"]},"suffixe":"et les membres du groupe Socialistes et apparent\u00e9s","libelle":" M.\u0026#160;Saulignac,  Mme\u0026#160;Allemand, Mme\u0026#160;Capdevielle, M.\u0026#160;Christophle, M.\u0026#160;Houli\u0026#233;, Mme\u0026#160;Karamanli, M.\u0026#160;Pena, Mme\u0026#160;Thi\u0026#233;bault-Martinez, M.\u0026#160;Vicot et les membres du groupe Socialistes et apparent\u0026#233;s"},"pointeurFragmentTexte":{"partieAmendableRef":{},"division":{"titre":"Article 11","articleDesignationCourte":"ART. 11","articleDesignation":"ARTICLE 11","type":"ARTICLE","avant_A_Apres":"A","divisionRattachee":{},"articleAdditionnel":"false","chapitreAdditionnel":"false","urlDivisionTexteVise":"\/17\/textes\/2464.asp#D_Article_11"},"amendementStandard":{"alinea":{"avant_A_Apres":"Apres","numero":"7","alineaDesignation":"Apr\u00e8s l\u0027alin\u00e9a 7"}}},"corps":{"cartoucheInformatif":{},"contenuAuteur":{"dispositif":"\u003Cp style=\u0022text-align: justify;\u0022\u003EApr\u0026#x00E8;s l\u0026#x2019;alin\u0026#x00E9;a\u0026nbsp;7, ins\u0026#x00E9;rer les deux alin\u0026#x00E9;as\u0026nbsp;suivants\u0026nbsp;:\u0026nbsp;\u003C\/p\u003E\u003Cp style=\u0022text-align: justify;\u0022\u003E\u0026#x00AB;\u0026nbsp;Les agents de police municipale et les gardes champ\u0026#x00EA;tres re\u0026#x00E7;oivent, dans le cadre de leur formation initiale et continue, un enseignement obligatoire relatif \u0026#x00E0; l\u0026#x2019;accueil et \u0026#x00E0; l\u0026#x2019;accompagnement des victimes de violences sexistes et sexuelles. Cette formation porte notamment sur la d\u0026#x00E9;tection des situations de violences, y compris les violences domestiques et les violences commises \u0026#x00E0; l\u0026#x2019;encontre des enfants, la pr\u0026#x00E9;vention et l\u0026#x2019;intervention adapt\u0026#x00E9;e, fond\u0026#x00E9;e sur la prise en compte du psychotraumatisme, du sexe de la victime et de son \u0026#x00E2;ge ainsi que sur l\u0026#x2019;accueil, l\u0026#x2019;\u0026#x00E9;coute et l\u0026#x2019;orientation des victimes vers les services comp\u0026#x00E9;tents dans des conditions garantissant leur s\u0026#x00E9;curit\u0026#x00E9; psychique et physique. Elle inclut \u0026#x00E9;galement une sensibilisation aux dimensions num\u0026#x00E9;riques des violences sexistes et sexuelles.\u003C\/p\u003E\u003Cp style=\u0022text-align: justify;\u0022\u003E\u0026#x00AB;\u0026nbsp;Dans chaque service de police municipale, au moins un agent sp\u0026#x00E9;cifiquement form\u0026#x00E9; est d\u0026#x00E9;sign\u0026#x00E9; comme r\u0026#x00E9;f\u0026#x00E9;rent pour l\u0026#x2019;accueil, l\u0026#x2019;information et l\u0026#x2019;orientation des victimes de violences sexistes et sexuelles.\u0026nbsp;\u0026#x00BB;\u003C\/p\u003E","avantAppel":{},"exposeSommaire":"\u003Cp\u003ECet amendement du groupe Socialistes et apparent\u0026#x00E9;s\u0026nbsp;vise \u0026#x00E0; pr\u0026#x00E9;voir un module de formation sp\u0026#x00E9;cifique et obligatoire consacr\u0026#x00E9; \u0026#x00E0; l\u0026#x2019;accueil, \u0026#x00E0; l\u0026#x2019;accompagnement et \u0026#x00E0; l\u0026#x2019;orientation des victimes de violences sexistes et sexuelles.\u003C\/p\u003E\u003Cp\u003ELes policiers municipaux et les gardes champ\u0026#x00EA;tres constituent un point d\u0026#x2019;entr\u0026#x00E9;e et de proximit\u0026#x00E9; pour les victimes. Il est donc indispensable que leur formation int\u0026#x00E8;gre la d\u0026#x00E9;tection des situations de violences, l\u0026#x2019;accueil des victimes, la prise en compte du psychotraumatisme, ainsi que leur orientation vers les services comp\u0026#x00E9;tents. Nous soutenons donc\u0026nbsp;tout renforcement de la formation des agents. \u003Ci\u003ELa CNCDH dans son avis A-2026-03 recommande d\u0026#x2019;ailleurs d\u0026#x2019;int\u0026#x00E9;grer dans la formation initiale et continue des policiers municipaux des modules sp\u0026#x00E9;cifiques, notamment sur les modes d\u0026#x2019;intervention non r\u0026#x00E9;pressifs et adapt\u0026#x00E9;s.\u003C\/i\u003E\u0026nbsp;\u003C\/p\u003E\u003Cp\u003ETel est l\u0027objet du pr\u0026#x00E9;sent amendement.\u003C\/p\u003E","annexeExposeSommaire":{}}},"cycleDeVie":{"dateDepot":"2026-04-22","datePublication":"2026-04-28","soumisArticle40":"true","etatDesTraitements":{"etat":{"code":"DI","libelle":"Discut\u00e9"},"sousEtat":{"code":"DI","libelle":"Rejet\u00e9"}},"dateSort":"2026-04-28T22:48:43+02:00","sort":"Rejet\u00e9"},"representations":{"representation":{"nom":"PDF","typeMime":{"type":"application","subType":"PDF"},"statutRepresentation":{"verbatim":"true","canonique":"true","officielle":"true","transcription":"false","enregistrement":"false"},"repSource":{},"offset":{},"contenu":{"documentURI":"\/base\/AMANR5L17PO59051B2464P0D1N000198?format=pdf"},"dateDispoRepresentation":{}}},"seanceDiscussionRef":{},"article99":"false","loiReference":{"codeLoi":{},"divisionCodeLoi":"VSS"},"discussionCommune":{},"discussionIdentique":{},"accordGouvernementDepotHorsDelai":"Sans objet"}