{"uid":"AMANR5L17PO59051B2491P0D1N000006","chronotag":"1774880402021","legislature":"17","identification":{"numeroLong":"CL6","numeroOrdreDepot":"6","prefixeOrganeExamen":"CION_LOIS","numeroRect":"0"},"examenRef":"EXANR5L17PO59051B2491P0D1","texteLegislatifRef":"PIONANR5L17B2491","triAmendement":"iaaaaaaaaaaaaaaaaaaaaaaaaaaaaaaaaaaaaaaaaaaaaaaaaaq","cardinaliteAmdtMultiples":"1","amendementParentRef":{},"signataires":{"auteur":{"typeAuteur":"D\u00e9put\u00e9","gouvernementRef":{},"acteurRef":"PA719338","groupePolitiqueRef":"PO845407","auteurRapporteurOrganeRef":{}},"cosignataires":{},"suffixe":{},"libelle":" Mme\u0026#160;Melchior"},"pointeurFragmentTexte":{"partieAmendableRef":{},"division":{"titre":"Article 3","articleDesignationCourte":"ART. 3","articleDesignation":"ARTICLE 3","type":"ARTICLE","avant_A_Apres":"A","divisionRattachee":{},"articleAdditionnel":"false","chapitreAdditionnel":"false","urlDivisionTexteVise":"\/17\/textes\/2491.asp#D_Article_3"},"amendementStandard":{"alinea":{"avant_A_Apres":"Apres","numero":"3","alineaDesignation":"Apr\u00e8s l\u0027alin\u00e9a 3"}}},"corps":{"cartoucheInformatif":{},"contenuAuteur":{"dispositif":"\u003Cp style=\u0022text-align: justify;\u0022\u003EApr\u0026#x00E8;s l\u0026#x2019;alin\u0026#x00E9;a\u0026nbsp;3, ins\u0026#x00E9;rer l\u0026#x2019;alin\u0026#x00E9;a suivant\u0026nbsp;:\u003C\/p\u003E\u003Cp style=\u0022text-align: justify;\u0022\u003E\u0026#x00AB;\u0026nbsp;Pour d\u0026#x00E9;finir la satisfaction des crit\u0026#x00E8;res pr\u0026#x00E9;cit\u0026#x00E9;s, le label porte une attention particuli\u0026#x00E8;re aux bonnes pratiques d\u0026#x00E9;velopp\u0026#x00E9;es par l\u0026#x2019;\u0026#x00E9;conomie de fonctionnalit\u0026#x00E9; et de la coop\u0026#x00E9;ration, tels que reconnus par l\u0026#x2019;article\u0026nbsp;L.\u0026nbsp;541\u0026#x2011;1 du code de l\u0026#x2019;environnement comme \u0026#x00E0; mettre en \u0026#x0153;uvre pour avoir une commande publique durable.\u0026nbsp;\u0026#x00BB;\u003C\/p\u003E","avantAppel":{},"exposeSommaire":"\u003Cp style=\u0022text-align: justify;\u0022\u003ELe pr\u0026#x00E9;sent amendement vise \u0026#x00E0; s\u0026#x2019;appuyer sur les bonnes pratiques d\u0026#x00E9;velopp\u0026#x00E9;es par l\u0026#x2019;\u0026#x00E9;conomie de la fonctionnalit\u0026#x00E9; et de la coop\u0026#x00E9;ration (EFC) dans la d\u0026#x00E9;finition des crit\u0026#x00E8;res du label \u0026#x00AB;\u0026nbsp;achat public local et responsable\u0026nbsp;\u0026#x00BB;.\u003C\/p\u003E\u003Cp style=\u0022text-align: justify;\u0022\u003ELa cr\u0026#x00E9;ation de ce label est une excellente opportunit\u0026#x00E9; pour donner un outil concret et facilement mobilisable aux acheteurs afin de mettre en \u0026#x0153;uvre l\u0026#x2019;article\u0026nbsp;L.\u0026nbsp;541\u0026#x2011;1 du code de l\u0026#x2019;environnement qui reconna\u0026#x00EE;t que les bonnes pratiques de l\u0026#x2019;EFC sont \u0026#x00E0; valoriser pour assurer une commande publique plus responsable et durable.\u003C\/p\u003E\u003Cp style=\u0022text-align: justify;\u0022\u003ECet amendement permet ainsi \u0026#x00E0; la commande publique de jouer son r\u0026#x00F4;le de moteur de la transformation des fili\u0026#x00E8;res en soutenant les entreprises fran\u0026#x00E7;aises qui innovent depuis des ann\u0026#x00E9;es pour changer leurs mod\u0026#x00E8;les d\u0026#x2019;affaires. Ces entreprises qui ont fait de l\u0026#x2019;\u0026#x00E9;coconception,de la r\u0026#x00E9;parabilit\u0026#x00E9;, de l\u0026#x2019;allongement des dur\u0026#x00E9;es de vie et de la vente d\u0026#x2019;une performance d\u0026#x2019;usage et\/ou la vente de l\u0026#x2019;usage d\u0026#x2019;un bien l\u0026#x2019;avenir de leur m\u0026#x00E9;tier. Ne les laissons pas tomber. Ce sont en effet ces entreprises qui contribuent \u0026#x00E0; la r\u0026#x00E9;silience, l\u0026#x2019;ind\u0026#x00E9;pendance et la souverainet\u0026#x00E9; de notre \u0026#x00E9;conomie.\u003C\/p\u003E\u003Cp style=\u0022text-align: justify;\u0022\u003ECet amendement a \u0026#x00E9;t\u0026#x00E9; travaill\u0026#x00E9; avec Greenlobby pour le compte du Coll\u0026#x00E8;ge des Directeurs du\u0026nbsp;D\u0026#x00E9;veloppement Durable et de l\u0026#x2019;association pour la P\u0026#x00E9;rennit\u0026#x00E9; Programm\u0026#x00E9;e Circulaire\u003C\/p\u003E","annexeExposeSommaire":{}}},"cycleDeVie":{"dateDepot":"2026-03-26","datePublication":"2026-03-30","soumisArticle40":"false","etatDesTraitements":{"etat":{"code":"DI","libelle":"Discut\u00e9"},"sousEtat":{"code":"DI","libelle":"Tomb\u00e9"}},"dateSort":"2026-03-30T16:19:33+02:00","sort":"Tomb\u00e9"},"representations":{"representation":{"nom":"PDF","typeMime":{"type":"application","subType":"PDF"},"statutRepresentation":{"verbatim":"true","canonique":"true","officielle":"true","transcription":"false","enregistrement":"false"},"repSource":{},"offset":{},"contenu":{"documentURI":"\/base\/AMANR5L17PO59051B2491P0D1N000006?format=pdf"},"dateDispoRepresentation":{}}},"seanceDiscussionRef":{},"article99":"false","loiReference":{},"discussionCommune":{},"discussionIdentique":{},"accordGouvernementDepotHorsDelai":"Sans objet"}