{"uid":"AMANR5L17PO838901B1906P1D1N000272","chronotag":"1763374151572","legislature":"17","identification":{"numeroLong":"I-272","numeroOrdreDepot":"272","prefixeOrganeExamen":"AN","numeroRect":"0"},"examenRef":"EXANR5L17PO838901B1906P1D1","texteLegislatifRef":"PRJLANR5L17B1906","triAmendement":"caaaaaaaaaaaaaaaaaaaaaaaaaaaaaaaaaaaaaaaaaaaaaaaaaecc","cardinaliteAmdtMultiples":"1","amendementParentRef":{},"signataires":{"auteur":{"typeAuteur":"D\u00e9put\u00e9","gouvernementRef":{},"acteurRef":"PA720644","groupePolitiqueRef":"PO845425","auteurRapporteurOrganeRef":{}},"cosignataires":{"acteurRef":["PA793508","PA722390","PA842141","PA721816","PA794750","PA841047"]},"suffixe":{},"libelle":" M.\u0026#160;Nury,  M.\u0026#160;Brigand, Mme\u0026#160;Corneloup, Mme\u0026#160;de\u0026#160;Maistre, M.\u0026#160;Boucard, M.\u0026#160;Liger et M.\u0026#160;Ceccoli"},"pointeurFragmentTexte":{"partieAmendableRef":{},"division":{"titre":"ARTICLE 13","articleDesignationCourte":"ART. 13","articleDesignation":"ARTICLE 13","type":"ARTICLE","avant_A_Apres":"A","divisionRattachee":{},"articleAdditionnel":"false","chapitreAdditionnel":"false","urlDivisionTexteVise":"\/17\/textes\/1906A.asp#D_ARTICLE_13"},"amendementStandard":{"alinea":{}}},"corps":{"cartoucheInformatif":{},"contenuAuteur":{"dispositif":"\u003Cp\u003ESupprimer cet article.\u003Cbr\u003E\u003Cbr\u003E\u003C\/p\u003E","avantAppel":{},"exposeSommaire":"\u003Cp\u003EL\u0026#x2019;article 13 du PLF 2026 instaure une fiscalit\u0026#x00E9; excessive et disproportionn\u0026#x00E9;e sur les v\u0026#x00E9;hicules, qu\u0026#x2019;ils soient \u0026#x00E0; motorisation thermique, \u0026#x00E9;lectrique ou hybride, en pr\u0026#x00E9;voyant notamment des malus pouvant atteindre jusqu\u0026#x2019;\u0026#x00E0; 100\u0026#x202F;000 euros.\u003C\/p\u003E\u003Cp\u003E\u003Cbr\u003EUne telle approche ne peut \u0026#x00EA;tre qualifi\u0026#x00E9;e de politique \u0026#x00E9;cologique coh\u0026#x00E9;rente : elle revient \u0026#x00E0; interdire de fait certains v\u0026#x00E9;hicules aux particuliers, ce qui constitue une entrave \u0026#x00E0; la libert\u0026#x00E9;. Ce \u0026#x00AB; matraquage fiscal \u0026#x00BB; risque de d\u0026#x00E9;stabiliser l\u0026#x2019;industrie automobile fran\u0026#x00E7;aise, fragiliser l\u0026#x2019;emploi dans ce secteur strat\u0026#x00E9;gique et d\u0026#x00E9;j\u0026#x00E0; tr\u0026#x00E8;s fragilis\u0026#x00E9; et enfin r\u0026#x00E9;duire le pouvoir d\u0026#x2019;achat des m\u0026#x00E9;nages.\u0026nbsp;\u003C\/p\u003E\u003Cp\u003EL\u0026#x2019;exclusion progressive des v\u0026#x00E9;hicules motoris\u0026#x00E9;s au gaz et aux carburants de transition dans le dispositif de d\u0026#x00E9;duction exceptionnelle fragilisent par ailleurs les efforts r\u0026#x00E9;alis\u0026#x00E9;s par la fili\u0026#x00E8;re.\u0026nbsp;\u003C\/p\u003E\u003Cp\u003E\u003Cbr\u003EPar ailleurs, cette taxation d\u0026#x00E9;mesur\u0026#x00E9;e ignore le contexte europ\u0026#x00E9;en o\u0026#x00F9; la transition est men\u0026#x00E9;e de fa\u0026#x00E7;on \u0026#x00E9;quilibr\u0026#x00E9;e, combinant incitations et mesures graduelles. Cela am\u0026#x00E8;ne de plus en plus d\u0027automobilistes \u0026#x00E0; utiliser des moyens d\u0026#x00E9;tourn\u0026#x00E9;s comme l\u0027immatriculation dans un pays \u0026#x00E9;tranger. Il est donc indispensable de retirer cet article du projet de loi de finances afin de pr\u0026#x00E9;server la comp\u0026#x00E9;titivit\u0026#x00E9; de la fili\u0026#x00E8;re automobile et garantir une transition \u0026#x00E9;cologique pragmatique.\u003C\/p\u003E","annexeExposeSommaire":{}}},"cycleDeVie":{"dateDepot":"2025-10-20","datePublication":"2025-10-28","soumisArticle40":"false","etatDesTraitements":{"etat":{"code":"DI","libelle":"Discut\u00e9"},"sousEtat":{"code":"DI","libelle":"Rejet\u00e9"}},"dateSort":"2025-11-17T11:08:47+01:00","sort":"Rejet\u00e9"},"representations":{"representation":{"nom":"PDF","typeMime":{"type":"application","subType":"PDF"},"statutRepresentation":{"verbatim":"true","canonique":"true","officielle":"true","transcription":"false","enregistrement":"false"},"repSource":{},"offset":{},"contenu":{"documentURI":"\/base\/AMANR5L17PO838901B1906P1D1N000272?format=pdf"},"dateDispoRepresentation":{}}},"seanceDiscussionRef":"RUANR5L17S2026IDS30029","article99":"false","loiReference":{},"discussionCommune":{},"discussionIdentique":{"idDiscussion":"81689","typePosition":"Milieu"},"accordGouvernementDepotHorsDelai":"Sans objet"}