{"uid":"AMANR5L17PO838901B1906P1D1N000348","chronotag":"1761901333423","legislature":"17","identification":{"numeroLong":"I-348","numeroOrdreDepot":"348","prefixeOrganeExamen":"AN","numeroRect":"0"},"examenRef":"EXANR5L17PO838901B1906P1D1","texteLegislatifRef":"PRJLANR5L17B1906","triAmendement":"haaaaaaaaaaaaaaaaaaaaaaaaaaaaaaaaaaaaaaaaaaaaaaaaabo","cardinaliteAmdtMultiples":"1","amendementParentRef":{},"signataires":{"auteur":{"typeAuteur":"D\u00e9put\u00e9","gouvernementRef":{},"acteurRef":"PA719138","groupePolitiqueRef":"PO845485","auteurRapporteurOrganeRef":{}},"cosignataires":{},"suffixe":{},"libelle":" M.\u0026#160;Castellani"},"pointeurFragmentTexte":{"partieAmendableRef":{},"division":{"titre":"ARTICLE 27","articleDesignationCourte":"APR\u00c8S ART. 27","articleDesignation":"APR\u00c8S L\u0027ARTICLE 27, ins\u00e9rer l\u0027article suivant:","type":"ARTICLE","avant_A_Apres":"Apr\u00e8s","divisionRattachee":{},"articleAdditionnel":"true","chapitreAdditionnel":"false","urlDivisionTexteVise":"\/17\/textes\/1906A.asp#D_ARTICLE_27"},"amendementStandard":{"alinea":{}}},"corps":{"cartoucheInformatif":{},"contenuAuteur":{"dispositif":"\u003Cp style=\u0022text-align: justify;\u0022\u003EI.\u0026nbsp;\u0026#x2013;\u0026nbsp;Le B du\u0026nbsp;I de la section II du chapitre premier du titre premier de la deuxi\u0026#x00E8;me partie du livre premier du code g\u0026#x00E9;n\u0026#x00E9;ral des imp\u0026#x00F4;ts est compl\u0026#x00E9;t\u0026#x00E9; par un article\u0026nbsp;1382 J ainsi r\u0026#x00E9;dig\u0026#x00E9;\u0026nbsp;:\u003C\/p\u003E\u003Cp style=\u0022text-align: justify;\u0022\u003E\u0026#x00AB;\u0026nbsp;\u003Ci\u003EArt.\u0026nbsp;1382 J\u003C\/i\u003E.\u0026nbsp;\u0026#x2013;\u0026nbsp;Les collectivit\u0026#x00E9;s territoriales et les \u0026#x00E9;tablissements publics de coop\u0026#x00E9;ration intercommunale \u0026#x00E0; fiscalit\u0026#x00E9; propre peuvent, par d\u0026#x00E9;lib\u0026#x00E9;ration prise dans les conditions pr\u0026#x00E9;vues \u0026#x00E0; l\u0026#x2019;article\u0026nbsp;1639 A\u0026nbsp;\u003Ci\u003Ebis\u003C\/i\u003E, exon\u0026#x00E9;rer totalement, pour la part de taxe fonci\u0026#x00E8;re sur les propri\u0026#x00E9;t\u0026#x00E9;s b\u0026#x00E2;ties qui leur revient, les immeubles ou parties d\u0026#x2019;immeubles qui appartiennent \u0026#x00E0; des \u0026#x00E9;tablissements priv\u0026#x00E9;s \u0026#x00E0; but non lucratif en contrat avec l\u0026#x2019;\u0026#x00C9;tat tels que d\u0026#x00E9;finis \u0026#x00E0; l\u0026#x2019;article\u0026nbsp;L.\u0026nbsp;732\u0026#x2010;1 du code de l\u0026#x2019;\u0026#x00E9;ducation, et qui sont affect\u0026#x00E9;s au service public de l\u0026#x2019;enseignement sup\u0026#x00E9;rieur et de la recherche tel que d\u0026#x00E9;fini aux articles L.\u0026nbsp;123\u0026#x2010;3 du code de l\u0026#x2019;\u0026#x00E9;ducation et L.\u0026nbsp;112\u0026#x2010;2 du code de la recherche.\u003C\/p\u003E\u003Cp style=\u0022text-align: justify;\u0022\u003E\u0026#x00AB;\u0026nbsp;Pour b\u0026#x00E9;n\u0026#x00E9;ficier de cette exon\u0026#x00E9;ration, le redevable de la taxe doit adresser, avant le 1\u003Csup\u003Eer\u003C\/sup\u003E\u0026nbsp;janvier de la premi\u0026#x00E8;re ann\u0026#x00E9;e au titre de laquelle l\u0026#x2019;exon\u0026#x00E9;ration est applicable, une d\u0026#x00E9;claration au service des imp\u0026#x00F4;ts du lieu de situation des biens comportant tous les \u0026#x00E9;l\u0026#x00E9;ments permettant leur identification et tout document justifiant de l\u0026#x2019;affectation de l\u0026#x2019;immeuble.\u0026nbsp;\u0026#x00BB;\u003C\/p\u003E\u003Cp style=\u0022text-align: justify;\u0022\u003EII.\u0026nbsp;\u0026#x2013;\u0026nbsp;La perte de recettes pour les collectivit\u0026#x00E9;s territoriales est compens\u0026#x00E9;e \u0026#x00E0; due concurrence par la majoration de la dotation globale de fonctionnement et, corr\u0026#x00E9;lativement pour l\u0026#x2019;\u0026#x00C9;tat, par la cr\u0026#x00E9;ation d\u0026#x2019;une taxe additionnelle \u0026#x00E0; l\u0026#x2019;accise sur les tabacs pr\u0026#x00E9;vue au chapitre IV du titre I\u003Csup\u003Eer\u003C\/sup\u003E du livre III du code des impositions sur les biens et services.\u003C\/p\u003E","avantAppel":{},"exposeSommaire":"\u003Cp style=\u0022text-align: justify;\u0022\u003ELe pr\u0026#x00E9;sent amendement a pour objet d\u0026#x2019;ouvrir la possibilit\u0026#x00E9; aux collectivit\u0026#x00E9;s territoriales d\u0026#x2019;exon\u0026#x00E9;rer de taxe fonci\u0026#x00E8;re sur les propri\u0026#x00E9;t\u0026#x00E9;s b\u0026#x00E2;ties (TFPB) les \u0026#x00E9;tablissements d\u0026#x2019;enseignement sup\u0026#x00E9;rieur d\u0026#x2019;int\u0026#x00E9;r\u0026#x00EA;t g\u0026#x00E9;n\u0026#x00E9;ral (EESPIG) en tant qu\u0026#x2019;op\u0026#x00E9;rateurs du service public de l\u0026#x2019;enseignement sup\u0026#x00E9;rieur et de la recherche (art. L732\u0026#x2011;1 du Code de l\u0026#x2019;\u0026#x00E9;ducation et art. L112\u0026#x2011;2 du Code de la recherche).\u003C\/p\u003E\u003Cp style=\u0022text-align: justify;\u0022\u003EIl permet ainsi d\u0026#x2019;\u0026#x00E9;tablir une \u0026#x00E9;quit\u0026#x00E9; de traitement avec les \u0026#x00E9;tablissements publics d\u0026#x2019;enseignement sup\u0026#x00E9;rieur et de recherche, exon\u0026#x00E9;r\u0026#x00E9;s de plein droit du paiement de la TFPB au titre de l\u0026#x2019;article 1382 du Code g\u0026#x00E9;n\u0026#x00E9;ral des imp\u0026#x00F4;ts.\u003C\/p\u003E\u003Cp style=\u0022text-align: justify;\u0022\u003EL\u0026#x2019;exon\u0026#x00E9;ration propos\u0026#x00E9;e ici s\u0026#x2019;\u0026#x00E9;tablit \u0026#x00E0; l\u0026#x2019;initiative des collectivit\u0026#x00E9;s territoriales pour les EESPIG, \u0026#x00E9;tablissements d\u0026#x2019;enseignement sup\u0026#x00E9;rieur priv\u0026#x00E9;s en contrat avec l\u0026#x2019;\u0026#x00C9;tat, et se veut ainsi le reflet de l\u0026#x2019;engagement des collectivit\u0026#x00E9;s pour l\u0026#x2019;enseignement sup\u0026#x00E9;rieur non lucratif et la recherche publique. Ces \u0026#x00E9;tablissements soutiennent en effet l\u0026#x2019;\u0026#x00E9;conomie locale, l\u0026#x2019;attractivit\u0026#x00E9; des territoires et le dynamisme des bassins d\u0026#x2019;emplois dans lesquels ils sont implant\u0026#x00E9;s, g\u0026#x00E9;n\u0026#x00E9;rant de nombreuses retomb\u0026#x00E9;es pour les collectivit\u0026#x00E9;s, tant \u0026#x00E9;conomiques, que sociales et culturelles.\u003C\/p\u003E","annexeExposeSommaire":{}}},"cycleDeVie":{"dateDepot":"2025-10-20","datePublication":"2025-10-31","soumisArticle40":"true","etatDesTraitements":{"etat":{"code":"RT","libelle":"Retir\u00e9"},"sousEtat":{"code":"RT","libelle":"Retir\u00e9 apr\u00e8s publication"}},"dateSort":{},"sort":{}},"representations":{"representation":{"nom":"PDF","typeMime":{"type":"application","subType":"PDF"},"statutRepresentation":{"verbatim":"true","canonique":"true","officielle":"true","transcription":"false","enregistrement":"false"},"repSource":{},"offset":{},"contenu":{"documentURI":"\/base\/AMANR5L17PO838901B1906P1D1N000348?format=pdf"},"dateDispoRepresentation":{}}},"seanceDiscussionRef":{},"article99":"false","loiReference":{"codeLoi":"CGI","divisionCodeLoi":"1382 J"},"discussionCommune":{},"discussionIdentique":{},"accordGouvernementDepotHorsDelai":"Sans objet"}