{"uid":"AMANR5L17PO838901B1906P1D1N000396","chronotag":"1761821383338","legislature":"17","identification":{"numeroLong":"I-396","numeroOrdreDepot":"396","prefixeOrganeExamen":"AN","numeroRect":"0"},"examenRef":"EXANR5L17PO838901B1906P1D1","texteLegislatifRef":"PRJLANR5L17B1906","triAmendement":"blaaaaaaaaaaaaaaaaaaaaaaaaaaaaaaaaaaaaaaaaaaaaaaaaboelf","cardinaliteAmdtMultiples":"1","amendementParentRef":{},"signataires":{"auteur":{"typeAuteur":"D\u00e9put\u00e9","gouvernementRef":{},"acteurRef":"PA840979","groupePolitiqueRef":"PO845425","auteurRapporteurOrganeRef":{}},"cosignataires":{"acteurRef":["PA642725","PA608826","PA794178","PA718784","PA718838","PA718850","PA719968","PA330008","PA793094"]},"suffixe":{},"libelle":" M.\u0026#160;Le\u0026#160;Fur,  M.\u0026#160;Li\u0026#233;geon, Mme\u0026#160;Duby-Muller, M.\u0026#160;Taite, M.\u0026#160;Pauget, M.\u0026#160;Fabrice\u0026#160;Brun, M.\u0026#160;Cordier, Mme\u0026#160;Sylvie\u0026#160;Bonnet, M.\u0026#160;Breton et M.\u0026#160;Ray"},"pointeurFragmentTexte":{"partieAmendableRef":{},"division":{"titre":"ARTICLE 10","articleDesignationCourte":"APR\u00c8S ART. 10","articleDesignation":"APR\u00c8S L\u0027ARTICLE 10, ins\u00e9rer l\u0027article suivant:","type":"ARTICLE","avant_A_Apres":"Apr\u00e8s","divisionRattachee":{},"articleAdditionnel":"true","chapitreAdditionnel":"false","urlDivisionTexteVise":"\/17\/textes\/1906A.asp#D_ARTICLE_10"},"amendementStandard":{"alinea":{}}},"corps":{"cartoucheInformatif":{},"contenuAuteur":{"dispositif":"\u003Cp style=\u0022text-align: justify;\u0022\u003EI.\u0026nbsp;\u0026#x2013;\u0026nbsp;Le IV de l\u0027article\u0026nbsp;151\u0026nbsp;\u003Ci\u003Esepties\u003C\/i\u003E du\u0026nbsp;code g\u0026#x00E9;n\u0026#x00E9;ral des imp\u0026#x00F4;ts est compl\u0026#x00E9;t\u0026#x00E9; par un alin\u0026#x00E9;a ainsi r\u0026#x00E9;dig\u0026#x00E9;\u0026nbsp;:\u003C\/p\u003E\u003Cp style=\u0022text-align: justify;\u0022\u003E\u0026#x00AB;\u0026nbsp;Pour l\u0026#x2019;appr\u0026#x00E9;ciation des seuils de recettes pr\u0026#x00E9;vus au\u0026nbsp;II, il est fait abstraction des produits provenant de la cession d\u0026#x2019;\u0026#x00E9;l\u0026#x00E9;ments de l\u0026#x2019;actif\u0026nbsp;immobilis\u0026#x00E9;.\u0026nbsp;\u0026#x00BB;\u003C\/p\u003E\u003Cp style=\u0022text-align: justify;\u0022\u003EII.\u0026nbsp;\u0026#x2013;\u0026nbsp;La perte de recettes pour l\u0026#x2019;\u0026#x00C9;tat est compens\u0026#x00E9;e \u0026#x00E0; due concurrence, par la cr\u0026#x00E9;ation d\u0026#x2019;une taxe additionnelle \u0026#x00E0; l\u0026#x2019;accise sur les tabacs pr\u0026#x00E9;vue au chapitre IV du titre I\u003Csup\u003Eer\u003C\/sup\u003E du livre III du code des impositions sur les biens et services.\u003C\/p\u003E","avantAppel":{},"exposeSommaire":"\u003Cp style=\u0022text-align: justify;\u0022\u003ELe r\u0026#x00E9;gime d\u0026#x2019;exon\u0026#x00E9;ration des plus-values professionnelles pr\u0026#x00E9;vu \u0026#x00E0; l\u0026#x2019;article\u0026nbsp;151\u0026nbsp;\u003Ci\u003Esepties\u003C\/i\u003E du code g\u0026#x00E9;n\u0026#x00E9;ral des imp\u0026#x00F4;ts constitue un levier fiscal essentiel pour le renouvellement des agro\u0026#x00E9;quipements, la modernisation des fermes et donc la comp\u0026#x00E9;titivit\u0026#x00E9; de notre agriculture.\u003C\/p\u003E\u003Cp style=\u0022text-align: justify;\u0022\u003EOr, sur la base d\u0026#x2019;une r\u0026#x00E9;cente jurisprudence et de la nouvelle r\u0026#x00E9;glementation comptable, ce dispositif est aujourd\u0026#x2019;hui fragilis\u0026#x00E9;. Les recettes issues de la vente de mat\u0026#x00E9;riel agricole lors de son renouvellement habituel ne seraient plus consid\u0026#x00E9;r\u0026#x00E9;es comme exceptionnelles et seraient d\u0026#x00E9;sormais int\u0026#x00E9;gr\u0026#x00E9;es dans les recettes de l\u0026#x2019;exploitation pour le calcul des plafonds d\u0026#x2019;exon\u0026#x00E9;ration (250\u0026nbsp;000\u0026nbsp;\u0026#x20AC; et 450\u0026nbsp;000\u0026nbsp;\u0026#x20AC;).\u003C\/p\u003E\u003Cp style=\u0022text-align: justify;\u0022\u003EPourtant, par nature, la vente de mat\u0026#x00E9;riel agricole constitue une recette exceptionnelle, qui ne saurait \u0026#x00EA;tre assimil\u0026#x00E9;e aux recettes courantes de l\u0026#x2019;exploitation. En la prenant en compte, on fausserait le calcul des seuils d\u0026#x2019;exon\u0026#x00E9;ration et on priverait de nombreux exploitants du b\u0026#x00E9;n\u0026#x00E9;fice d\u0026#x2019;un dispositif con\u0026#x00E7;u pour encourager l\u0026#x2019;investissement.\u003C\/p\u003E\u003Cp style=\u0022text-align: justify;\u0022\u003EUne telle \u0026#x00E9;volution annulerait les avanc\u0026#x00E9;es obtenues en loi de finances pour 2024 et 2025, qui avaient relev\u0026#x00E9; ces plafonds pour soutenir l\u0026#x2019;investissement et la transmission, notamment aux jeunes agriculteurs.\u003C\/p\u003E\u003Cp style=\u0022text-align: justify;\u0022\u003E\u003Cb\u003ECet amendement vise donc \u0026#x00E0; s\u0026#x00E9;curiser et pr\u0026#x00E9;server le r\u0026#x00E9;gime d\u0026#x2019;exon\u0026#x00E9;ration des plus-values professionnelles, en inscrivant dans la loi l\u0026#x2019;exclusion des recettes issues de la vente d\u0026#x2019;\u0026#x00E9;l\u0026#x00E9;ments de l\u0026#x2019;actif immobilis\u0026#x00E9; pour l\u0026#x2019;appr\u0026#x00E9;ciation des plafonds d\u0026#x2019;exon\u0026#x00E9;ration.\u003C\/b\u003E\u003C\/p\u003E\u003Cp style=\u0022text-align: justify;\u0022\u003EIl s\u0026#x2019;agit d\u0026#x2019;une mesure de bon sens, pour maintenir une agriculture fran\u0026#x00E7;aise comp\u0026#x00E9;titive, modernis\u0026#x00E9;e et respectueuse des normes environnementales.\u003C\/p\u003E","annexeExposeSommaire":{}}},"cycleDeVie":{"dateDepot":"2025-10-20","datePublication":"2025-10-29","soumisArticle40":"true","etatDesTraitements":{"etat":{"code":"RT","libelle":"Retir\u00e9"},"sousEtat":{"code":"RT","libelle":"Retir\u00e9 apr\u00e8s publication"}},"dateSort":{},"sort":{}},"representations":{"representation":{"nom":"PDF","typeMime":{"type":"application","subType":"PDF"},"statutRepresentation":{"verbatim":"true","canonique":"true","officielle":"true","transcription":"false","enregistrement":"false"},"repSource":{},"offset":{},"contenu":{"documentURI":"\/base\/AMANR5L17PO838901B1906P1D1N000396?format=pdf"},"dateDispoRepresentation":{}}},"seanceDiscussionRef":{},"article99":"false","loiReference":{"codeLoi":"CGI","divisionCodeLoi":"151 septies"},"discussionCommune":{},"discussionIdentique":{},"accordGouvernementDepotHorsDelai":"Sans objet"}