{"uid":"AMANR5L17PO838901B1906P1D1N000520","chronotag":"1761901303751","legislature":"17","identification":{"numeroLong":"I-520","numeroOrdreDepot":"520","prefixeOrganeExamen":"AN","numeroRect":"0"},"examenRef":"EXANR5L17PO838901B1906P1D1","texteLegislatifRef":"PRJLANR5L17B1906","triAmendement":"ieaaaaaaaaaaaaaaaaaaaaaaaaaaaaaaaaaaaaaaaaaaaaaaaaapi","cardinaliteAmdtMultiples":"1","amendementParentRef":{},"signataires":{"auteur":{"typeAuteur":"D\u00e9put\u00e9","gouvernementRef":{},"acteurRef":"PA608826","groupePolitiqueRef":"PO845425","auteurRapporteurOrganeRef":{}},"cosignataires":{"acteurRef":["PA266808","PA794178","PA642847","PA718784","PA841047"]},"suffixe":{},"libelle":" Mme\u0026#160;Duby-Muller,  M.\u0026#160;Rolland, M.\u0026#160;Taite, M.\u0026#160;Bazin, M.\u0026#160;Pauget et M.\u0026#160;Ceccoli"},"pointeurFragmentTexte":{"partieAmendableRef":{},"division":{"titre":"ARTICLE 29","articleDesignationCourte":"APR\u00c8S ART. 29","articleDesignation":"APR\u00c8S L\u0027ARTICLE 29, ins\u00e9rer l\u0027article suivant:","type":"ARTICLE","avant_A_Apres":"Apr\u00e8s","divisionRattachee":{},"articleAdditionnel":"true","chapitreAdditionnel":"false","urlDivisionTexteVise":"\/17\/textes\/1906A.asp#D_ARTICLE_29"},"amendementStandard":{"alinea":{}}},"corps":{"cartoucheInformatif":{},"contenuAuteur":{"dispositif":"\u003Cp style=\u0022text-align: justify;\u0022\u003ELe\u0026nbsp;code g\u0026#x00E9;n\u0026#x00E9;ral des imp\u0026#x00F4;ts est ainsi modifi\u0026#x00E9;\u0026nbsp;:\u003C\/p\u003E\u003Cp style=\u0022text-align: justify;\u0022\u003E1\u0026#x00B0;\u0026nbsp;\u0026#x00C0; la fin de la premi\u0026#x00E8;re phrase du\u0026nbsp;premier alin\u0026#x00E9;a de l\u0026#x2019;article\u0026nbsp;175, les mots\u0026nbsp;: \u0026#x00AB;\u0026nbsp;deuxi\u0026#x00E8;me jour ouvr\u0026#x00E9; suivant le 1\u003Csup\u003Eer\u003C\/sup\u003E\u0026nbsp;avril\u0026nbsp;\u0026#x00BB; sont remplac\u0026#x00E9;s par les mots\u0026nbsp;: \u0026#x00AB;\u0026nbsp;15\u0026nbsp;mai\u0026nbsp;\u0026#x00BB; ;\u003C\/p\u003E\u003Cp style=\u0022text-align: justify;\u0022\u003E2\u0026#x00B0; \u0026#x00C0; la fin de la seconde phrase du deuxi\u0026#x00E8;me alin\u0026#x00E9;a de l\u0026#x2019;article\u0026nbsp;223, les mots\u0026nbsp;: \u0026#x00AB;\u0026nbsp;deuxi\u0026#x00E8;me jour ouvr\u0026#x00E9; suivant le 1\u003Csup\u003Eer\u003C\/sup\u003E\u0026nbsp;mai\u0026nbsp;\u0026#x00BB; sont remplac\u0026#x00E9;s par les mots\u0026nbsp;: \u0026#x00AB;\u0026nbsp;15\u0026nbsp;mai\u0026nbsp;\u0026#x00BB; ;\u003C\/p\u003E\u003Cp style=\u0022text-align: justify;\u0022\u003E3\u0026#x00B0; \u0026#x00C0; la fin de la premi\u0026#x00E8;re phrase et \u0026#x00E0; la fin de la derni\u0026#x00E8;re phrase du dernier alin\u0026#x00E9;a de l\u0026#x2019;article\u0026nbsp;1679\u0026nbsp;\u003Ci\u003Esepties\u003C\/i\u003E, les mots\u0026nbsp;: \u0026#x00AB;\u0026nbsp;deuxi\u0026#x00E8;me jour ouvr\u0026#x00E9; suivant le 1\u003Csup\u003Eer\u003C\/sup\u003E\u0026nbsp;mai\u0026nbsp;\u0026#x00BB; sont remplac\u0026#x00E9;s par les mots\u0026nbsp;: \u0026#x00AB;\u0026nbsp;15\u0026nbsp;mai\u0026nbsp;\u0026#x00BB;.\u003C\/p\u003E","avantAppel":{},"exposeSommaire":"\u003Cp\u003ECet amendement vise \u0026#x00E0; aligner l\u0026#x2019;ensemble des d\u0026#x00E9;clarations professionnelles sur une date unique. Cette date pourrait \u0026#x00EA;tre fix\u0026#x00E9;e au 15 mai de l\u0026#x2019;ann\u0026#x00E9;e, ce qui correspond d\u0026#x00E9;j\u0026#x00E0; \u0026#x00E0; la date limite de liquidation de l\u0026#x2019;imp\u0026#x00F4;t sur les soci\u0026#x00E9;t\u0026#x00E9;s.\u003C\/p\u003E","annexeExposeSommaire":{}}},"cycleDeVie":{"dateDepot":"2025-10-20","datePublication":"2025-10-29","soumisArticle40":"true","etatDesTraitements":{"etat":{"code":"RT","libelle":"Retir\u00e9"},"sousEtat":{"code":"RT","libelle":"Retir\u00e9 apr\u00e8s publication"}},"dateSort":{},"sort":{}},"representations":{"representation":{"nom":"PDF","typeMime":{"type":"application","subType":"PDF"},"statutRepresentation":{"verbatim":"true","canonique":"true","officielle":"true","transcription":"false","enregistrement":"false"},"repSource":{},"offset":{},"contenu":{"documentURI":"\/base\/AMANR5L17PO838901B1906P1D1N000520?format=pdf"},"dateDispoRepresentation":{}}},"seanceDiscussionRef":{},"article99":"false","loiReference":{"codeLoi":"CGI","divisionCodeLoi":"175"},"discussionCommune":{},"discussionIdentique":{},"accordGouvernementDepotHorsDelai":"Sans objet"}