{"uid":"AMANR5L17PO838901B1906P1D1N003379","chronotag":"1761945043505","legislature":"17","identification":{"numeroLong":"I-3379","numeroOrdreDepot":"3379","prefixeOrganeExamen":"AN","numeroRect":"0"},"examenRef":"EXANR5L17PO838901B1906P1D1","texteLegislatifRef":"PRJLANR5L17B1906","triAmendement":"anaaaaaaaaaaaaaaaaaaaaaaaaaaaaaaaaaaaaaaaaaaaaaaaas","cardinaliteAmdtMultiples":"1","amendementParentRef":{},"signataires":{"auteur":{"typeAuteur":"D\u00e9put\u00e9","gouvernementRef":{},"acteurRef":"PA720728","groupePolitiqueRef":"PO845454","auteurRapporteurOrganeRef":{}},"cosignataires":{"acteurRef":["PA720560","PA794114","PA719640","PA719558","PA720256","PA805166","PA719024","PA720162","PA721336","PA793520","PA793716","PA719914","PA793122","PA605694","PA719938","PA722284","PA267318","PA795258","PA722374","PA720038","PA721984","PA795374","PA794702","PA795100","PA794810","PA794830","PA720334","PA721182","PA721234","PA720720","PA720092","PA719822","PA722162","PA331582"]},"suffixe":{},"libelle":" M.\u0026#160;Mattei,  Mme\u0026#160;Perrine\u0026#160;Goulet, M.\u0026#160;Mandon, Mme\u0026#160;Mette, M.\u0026#160;Balanant, Mme\u0026#160;Bannier, Mme\u0026#160;Bergantz, M.\u0026#160;Blanchet, M.\u0026#160;Bolo, Mme\u0026#160;Brocard, M.\u0026#160;Cosson, M.\u0026#160;Croizier, Mme\u0026#160;Darrieussecq, M.\u0026#160;Daubi\u0026#233;, M.\u0026#160;Falorni, M.\u0026#160;Fesneau, M.\u0026#160;Fuchs, M.\u0026#160;Grelier, M.\u0026#160;Gumbs, M.\u0026#160;Isaac-Sibille, Mme\u0026#160;Josso, M.\u0026#160;Latombe, M.\u0026#160;Lecamp, Mme\u0026#160;Lingemann, M.\u0026#160;Martineau, Mme\u0026#160;Morel, M.\u0026#160;Ott, M.\u0026#160;Pahun, M.\u0026#160;Fr\u0026#233;d\u0026#233;ric\u0026#160;Petit, Mme\u0026#160;Maud\u0026#160;Petit, Mme\u0026#160;Poueyto, M.\u0026#160;Ramos, Mme\u0026#160;Thillaye, M.\u0026#160;Turquois et M.\u0026#160;Philippe\u0026#160;Vigier"},"pointeurFragmentTexte":{"partieAmendableRef":{},"division":{"titre":"Article 3","articleDesignationCourte":"APR\u00c8S ART. 3","articleDesignation":"APR\u00c8S L\u0027ARTICLE 3, ins\u00e9rer l\u0027article suivant:","type":"ARTICLE","avant_A_Apres":"Apr\u00e8s","divisionRattachee":{},"articleAdditionnel":"true","chapitreAdditionnel":"false","urlDivisionTexteVise":"\/17\/textes\/1906A.asp#D_Article_3"},"amendementStandard":{"alinea":{}}},"corps":{"cartoucheInformatif":{},"contenuAuteur":{"dispositif":"\u003Cp style=\u0022text-align: justify;\u0022\u003EI.\u0026nbsp;\u0026#x2013;\u0026nbsp;Le chapitre II\u0026nbsp;\u003Ci\u003Ebis\u003C\/i\u003E du titre IV de la premi\u0026#x00E8;re partie du livre premier du code g\u0026#x00E9;n\u0026#x00E9;ral des imp\u0026#x00F4;ts est ainsi modifi\u0026#x00E9;\u0026nbsp;:\u003C\/p\u003E\u003Cp style=\u0022text-align: justify;\u0022\u003E1\u0026#x00B0;\u0026nbsp;L\u0026#x2019;intitul\u0026#x00E9; est ainsi r\u0026#x00E9;dig\u0026#x00E9;\u0026nbsp;: \u0026#x00AB;\u0026nbsp;Imp\u0026#x00F4;t sur la fortune improductive\u0026nbsp;\u0026#x00BB;\u0026nbsp;;\u003C\/p\u003E\u003Cp style=\u0022text-align: justify;\u0022\u003E2\u0026#x00B0;\u0026nbsp;L\u0026#x2019;article\u0026nbsp;964 est ainsi modifi\u0026#x00E9;\u0026nbsp;:\u003C\/p\u003E\u003Cp style=\u0022text-align: justify;\u0022\u003E\u003Ci\u003Ea)\u003C\/i\u003E Le premier alin\u0026#x00E9;a est ainsi modifi\u0026#x00E9;\u0026nbsp;:\u003C\/p\u003E\u003Cp style=\u0022text-align: justify;\u0022\u003E\u0026#x2013;\u0026nbsp;le mot\u0026nbsp;: \u0026#x00AB;\u0026nbsp;immobiliers\u0026nbsp;\u0026#x00BB; est remplac\u0026#x00E9; par le mot\u0026nbsp;: \u0026#x00AB;\u0026nbsp;improductifs\u0026nbsp;\u0026#x00BB;\u0026nbsp;;\u003C\/p\u003E\u003Cp style=\u0022text-align: justify;\u0022\u003E\u0026#x2013;\u0026nbsp;le mot\u0026nbsp;: \u0026#x00AB;\u0026nbsp;immobili\u0026#x00E8;re\u0026nbsp;\u0026#x00BB; est remplac\u0026#x00E9; par le mot\u0026nbsp;: \u0026#x00AB;\u0026nbsp;improductive\u0026nbsp;\u0026#x00BB;\u0026nbsp;;\u003C\/p\u003E\u003Cp style=\u0022text-align: justify;\u0022\u003E\u003Ci\u003Eb)\u003C\/i\u003E Au deuxi\u0026#x00E8;me alin\u0026#x00E9;a, le montant\u0026nbsp;: \u0026#x00AB;\u0026nbsp;1\u0026nbsp;300\u0026nbsp;000\u0026nbsp;\u0026#x20AC;\u0026nbsp;\u0026#x00BB; est remplac\u0026#x00E9; par le montant\u0026nbsp;: \u0026#x00AB;\u0026nbsp;2\u0026nbsp;000\u0026nbsp;000\u0026nbsp;\u0026#x20AC;\u0026nbsp;\u0026#x00BB;\u0026nbsp;;\u003C\/p\u003E\u003Cp style=\u0022text-align: justify;\u0022\u003E3\u0026#x00B0;\u0026nbsp;L\u0026#x2019;article\u0026nbsp;965 est ainsi modifi\u0026#x00E9;\u0026nbsp;:\u003C\/p\u003E\u003Cp style=\u0022text-align: justify;\u0022\u003E\u003Ci\u003Ea)\u003C\/i\u003E Au premier alin\u0026#x00E9;a, le mot\u0026nbsp;: \u0026#x00AB;\u0026nbsp;immobili\u0026#x00E8;re\u0026nbsp;\u0026#x00BB; est remplac\u0026#x00E9; par le mot\u0026nbsp;: \u0026#x00AB;\u0026nbsp;improductive\u0026nbsp;\u0026#x00BB;\u0026nbsp;;\u003C\/p\u003E\u003Cp style=\u0022text-align: justify;\u0022\u003E\u003Ci\u003Eb)\u003C\/i\u003E Apr\u0026#x00E8;s le 1\u0026#x00B0;, sont ins\u0026#x00E9;r\u0026#x00E9;s des\u0026nbsp;1\u0026#x00B0;\u0026nbsp;\u003Ci\u003Ebis\u003C\/i\u003E \u0026#x00E0; 1\u0026#x00B0;\u0026nbsp;\u003Ci\u003Equater\u003C\/i\u003E ainsi r\u0026#x00E9;dig\u0026#x00E9;s\u0026nbsp;:\u0026nbsp;\u003C\/p\u003E\u003Cp style=\u0022text-align: justify;\u0022\u003E\u0026#x00AB;\u0026nbsp;1\u0026#x00B0;\u0026nbsp;\u003Ci\u003Ebis\u003C\/i\u003E\u0026nbsp;Les sommes, rentes ou valeurs d\u0026#x2019;assurance-vie, exclusions faite de celles plac\u0026#x00E9;es en unit\u0026#x00E9;s de compte tels que mentionn\u0026#x00E9;es \u0026#x00E0; l\u0026#x2019;article\u0026nbsp;L.\u0026nbsp;131\u0026#x2011;1 du code des assurances, ainsi que les liquidit\u0026#x00E9;s et placements financiers assimil\u0026#x00E9;s\u0026nbsp;;\u003C\/p\u003E\u003Cp style=\u0022text-align: justify;\u0022\u003E\u0026nbsp;\u0026#x00BB;1\u0026#x00B0;\u0026nbsp;\u003Ci\u003Eter\u003C\/i\u003E Les actifs num\u0026#x00E9;riques mentionn\u0026#x00E9;s \u0026#x00E0; l\u0026#x2019;article\u0026nbsp;L.\u0026nbsp;54\u0026#x2011;10\u0026#x2011;1 du code mon\u0026#x00E9;taire et financier\u0026nbsp;;\u003C\/p\u003E\u003Cp style=\u0022text-align: justify;\u0022\u003E\u0026#x00AB;\u0026nbsp;1\u0026#x00B0;\u0026nbsp;\u003Ci\u003Equater\u003C\/i\u003E Les biens meubles corporels\u0026nbsp;;\u0026nbsp;\u0026#x00BB;\u003C\/p\u003E\u003Cp\u003E4\u0026#x00B0;\u0026nbsp;L\u0026#x2019;article\u0026nbsp;975 est compl\u0026#x00E9;t\u0026#x00E9; par un VII ainsi r\u0026#x00E9;dig\u0026#x00E9;\u0026nbsp;:\u003C\/p\u003E\u003Cp\u003E\u0026#x00AB; VII.\u0026nbsp;\u0026#x2013;\u0026nbsp;Sont exon\u0026#x00E9;r\u0026#x00E9;s les biens des contribuables qui donnent un logement \u0026#x00E0; bail pour un usage d\u0026#x2019;habitation \u0026#x00E0; des personnes avec qui ils n\u0026#x2019;entretiennent pas de lien de parent\u0026#x00E9; ou d\u0026#x2019;alliance et \u0026#x00E0; la triple condition que le loyer soit fix\u0026#x00E9; en application du\u0026nbsp;o\u0026nbsp;du\u0026nbsp;1\u0026#x00B0; du\u0026nbsp;I de l\u0026#x2019;article\u0026nbsp;31 et selon les plafonds fix\u0026#x00E9;s \u0026#x00E0; l\u0026#x2019;article\u0026nbsp;2\u0026nbsp;terdecies\u0026nbsp;G de l\u0026#x2019;annexe 3, que la cat\u0026#x00E9;gorie \u0026#x00E9;nerg\u0026#x00E9;tique de ce bien soit r\u0026#x00E9;f\u0026#x00E9;renc\u0026#x00E9;e de A \u0026#x00E0; D au sens de l\u0026#x2019;article\u0026nbsp;L.\u0026nbsp;173\u0026#x2011;1\u0026#x2011;1 du code de la construction et de l\u0026#x2019;habitation, et que le bail soit consenti pour une dur\u0026#x00E9;e sup\u0026#x00E9;rieure ou \u0026#x00E9;gale \u0026#x00E0; douze mois.\u0026nbsp;\u0026#x00BB;\u003C\/p\u003E\u003Cp style=\u0022text-align: justify;\u0022\u003E\u0026#x200B;\u0026#x200B;5\u0026#x00B0; L\u0026#x2019;article\u0026nbsp;977 est ainsi r\u0026#x00E9;dig\u0026#x00E9;\u0026nbsp;:\u003C\/p\u003E\u003Cp style=\u0022text-align: justify;\u0022\u003E\u0026#x00AB;\u0026nbsp;\u003Ci\u003EArt.\u0026nbsp;977.\u0026nbsp;\u003C\/i\u003E\u0026#x2013;\u0026nbsp;L\u0026#x2019;imp\u0026#x00F4;t sur la fortune improductive est calcul\u0026#x00E9; \u0026#x00E0; un taux unique de 1\u0026nbsp;% appliqu\u0026#x00E9; \u0026#x00E0; la fraction de la valeur nette taxable du patrimoine exc\u0026#x00E9;dant 2\u0026nbsp;000\u0026nbsp;000\u0026nbsp;\u0026#x20AC;.\u0026nbsp;\u0026#x00BB;\u003C\/p\u003E\u003Cp style=\u0022text-align: justify;\u0022\u003EII.\u0026nbsp;\u0026#x2013;\u0026nbsp;La perte de recettes pour l\u0026#x2019;\u0026#x00C9;tat est compens\u0026#x00E9;e \u0026#x00E0; due concurrence par la cr\u0026#x00E9;ation d\u0026#x2019;une taxe additionnelle \u0026#x00E0; l\u0026#x2019;accise sur les tabacs pr\u0026#x00E9;vue au chapitre IV du titre I\u003Csup\u003Eer\u003C\/sup\u003E du livre III du code des impositions sur les biens et services.\u003C\/p\u003E","avantAppel":{},"exposeSommaire":"\u003Cp\u003EDepuis le 1er janvier 2018, l\u0026#x2019;ISF a \u0026#x00E9;t\u0026#x00E9; remplac\u0026#x00E9; par l\u0026#x2019;imp\u0026#x00F4;t sur la fortune immobili\u0026#x00E8;re. Cependant l\u0026#x2019;assiette de l\u0026#x2019;IFI appara\u0026#x00EE;t aujourd\u0026#x2019;hui incoh\u0026#x00E9;rente \u0026#x00E9;conomiquement. Elle inclut les actifs immobiliers non affect\u0026#x00E9;s \u0026#x00E0; l\u0026#x2019;activit\u0026#x00E9; professionnelle de leur propri\u0026#x00E9;taire qui dans bien des situations, contribuent pourtant au dynamisme de l\u0026#x2019;\u0026#x00E9;conomie fran\u0026#x00E7;aise. Dans le m\u0026#x00EA;me temps, l\u0026#x2019;IFI exclut de son assiette des biens improductifs : or, pi\u0026#x00E8;ces de monnaie, voitures de collection, yacht, \u0026#x0153;uvres d\u0026#x2019;art.\u0026nbsp;\u0026nbsp;\u003C\/p\u003E\u003Cp\u003EAfin d\u0026#x2019;encourager l\u0026#x2019;investissement productif, le pr\u0026#x00E9;sent amendement propose de r\u0026#x00E9;former l\u0026#x2019;IFI pour qu\u0026#x2019;il se rapproche d\u0026#x2019;un imp\u0026#x00F4;t sur la fortune improductive en sortant de son assiette les actifs immobiliers productifs - \u0026#x00E9;tant consid\u0026#x00E9;r\u0026#x00E9;s comme tel les biens lou\u0026#x00E9;s \u0026#x00E0; plus d\u0026#x2019;un an r\u0026#x00E9;pondant \u0026#x00E0; des crit\u0026#x00E8;res notamment environnementaux \u0026#x2013; tout en y int\u0026#x00E9;grant y conservant ou int\u0026#x00E9;grant les actifs improductifs : bien immobiliers non productifs, biens meubles corporels (objets pr\u0026#x00E9;cieux, voitures, yachts, avions, meubles meublants, etc.), actifs num\u0026#x00E9;riques, assurance-vie pour les fonds non allou\u0026#x00E9;s \u0026#x00E0; l\u0026#x2019;investissement productif.\u0026nbsp;\u003C\/p\u003E\u003Cp\u003EAfin de cibler les patrimoines les plus \u0026#x00E9;lev\u0026#x00E9;s, le seuil d\u0026#x2019;entr\u0026#x00E9;e dans l\u0026#x2019;imp\u0026#x00F4;t est relev\u0026#x00E9; \u0026#x00E0; 2 000 000 \u0026#x20AC;, contre 1 300 000 \u0026#x20AC; actuellement.\u003C\/p\u003E\u003Cp\u003EPar souci de lisibilit\u0026#x00E9; et d\u0026#x2019;efficacit\u0026#x00E9;, le bar\u0026#x00E8;me progressif est remplac\u0026#x00E9; par un taux unique de 1 % appliqu\u0026#x00E9; \u0026#x00E0; la fraction du patrimoine net taxable exc\u0026#x00E9;dant ce seuil.\u003C\/p\u003E","annexeExposeSommaire":{}}},"cycleDeVie":{"dateDepot":"2025-10-22","datePublication":"2025-10-31","soumisArticle40":"true","etatDesTraitements":{"etat":{"code":"DI","libelle":"Discut\u00e9"},"sousEtat":{"code":"DI","libelle":"Adopt\u00e9"}},"dateSort":"2025-10-31T22:10:23+01:00","sort":"Adopt\u00e9"},"representations":{"representation":{"nom":"PDF","typeMime":{"type":"application","subType":"PDF"},"statutRepresentation":{"verbatim":"true","canonique":"true","officielle":"true","transcription":"false","enregistrement":"false"},"repSource":{},"offset":{},"contenu":{"documentURI":"\/base\/AMANR5L17PO838901B1906P1D1N003379?format=pdf"},"dateDispoRepresentation":{}}},"seanceDiscussionRef":"RUANR5L17S2026IDS29859","article99":"false","loiReference":{"codeLoi":"CGI","divisionCodeLoi":"964"},"discussionCommune":{"idDiscussion":"32849","typePosition":"Premier"},"discussionIdentique":{},"accordGouvernementDepotHorsDelai":"Sans objet"}