{"uid":"AMANR5L17PO838901B1906P1D1N003551","chronotag":"1763593573138","legislature":"17","identification":{"numeroLong":"I-3551 (2\u00e8me Rect)","numeroOrdreDepot":"3551","prefixeOrganeExamen":"AN","numeroRect":"2"},"examenRef":"EXANR5L17PO838901B1906P1D1","texteLegislatifRef":"PRJLANR5L17B1906","triAmendement":"elaaaaaaaaaaaaaaaaaaaaaaaaaaaaaaaaaaaaaaaaaaaaaaaaw","cardinaliteAmdtMultiples":"1","amendementParentRef":{},"signataires":{"auteur":{"typeAuteur":"D\u00e9put\u00e9","gouvernementRef":{},"acteurRef":"PA720022","groupePolitiqueRef":"PO845407","auteurRapporteurOrganeRef":{}},"cosignataires":{"acteurRef":"PA793270"},"suffixe":{},"libelle":" M.\u0026#160;Lauzzana et M.\u0026#160;Rousset"},"pointeurFragmentTexte":{"partieAmendableRef":{},"division":{"titre":"ARTICLE 23","articleDesignationCourte":"ART. 23","articleDesignation":"ARTICLE 23","type":"ARTICLE","avant_A_Apres":"A","divisionRattachee":{},"articleAdditionnel":"false","chapitreAdditionnel":"false","urlDivisionTexteVise":"\/17\/textes\/1906A.asp#D_ARTICLE_23"},"amendementStandard":{"alinea":{"avant_A_Apres":"Apres","numero":"137","alineaDesignation":"Apr\u00e8s l\u0027alin\u00e9a 137"}}},"corps":{"cartoucheInformatif":{},"contenuAuteur":{"dispositif":"\u003Cp style=\u0022text-align: justify;\u0022\u003EI.\u0026nbsp;\u0026#x2013;\u0026nbsp;\u0026#x00C0; l\u0026#x2019;alin\u0026#x00E9;a\u0026nbsp;137, apr\u0026#x00E8;s le mot\u0026nbsp;:\u003C\/p\u003E\u003Cp style=\u0022text-align: justify;\u0022\u003E\u0026#x00AB;\u0026nbsp;articles\u0026nbsp;\u0026#x00BB;\u003C\/p\u003E\u003Cp style=\u0022text-align: justify;\u0022\u003Eins\u0026#x00E9;rer la r\u0026#x00E9;f\u0026#x00E9;rence\u0026nbsp;:\u003C\/p\u003E\u003Cp style=\u0022text-align: justify;\u0022\u003E\u0026#x00AB;\u0026nbsp;L.\u0026nbsp;3513\u0026#x2011;5,\u0026nbsp;\u0026#x00BB;.\u0026nbsp;\u003C\/p\u003E\u003Cp style=\u0022text-align: justify;\u0022\u003EII.\u0026nbsp;\u0026#x2013;\u0026nbsp;En cons\u0026#x00E9;quence, au m\u0026#x00EA;me alin\u0026#x00E9;a\u0026nbsp;137, apr\u0026#x00E8;s la r\u0026#x00E9;f\u0026#x00E9;rence\u0026nbsp;:\u0026nbsp;\u003C\/p\u003E\u003Cp style=\u0022text-align: justify;\u0022\u003E\u0026#x00AB;\u0026nbsp;L.\u0026nbsp;3513\u0026#x2011;18\u0026#x2011;2,\u0026nbsp;\u0026#x00BB;\u0026nbsp;\u003C\/p\u003E\u003Cp style=\u0022text-align: justify;\u0022\u003Eins\u0026#x00E9;rer la r\u0026#x00E9;f\u0026#x00E9;rence\u0026nbsp;:\u003C\/p\u003E\u003Cp style=\u0022text-align: justify;\u0022\u003E\u0026#x00AB;\u0026nbsp;,\u0026nbsp;L.\u0026nbsp;3514\u0026#x2011;6\u0026#x2011;1,\u0026nbsp;\u0026#x00BB;.\u003C\/p\u003E\u003Cp style=\u0022text-align: justify;\u0022\u003EIII.\u0026nbsp;\u0026#x2013;\u0026nbsp;En cons\u0026#x00E9;quence, \u0026#x00E0; l\u0026#x2019;alin\u0026#x00E9;a\u0026nbsp;149, substituer aux mots\u0026nbsp;:\u0026nbsp;\u003C\/p\u003E\u003Cp style=\u0022text-align: justify;\u0022\u003E\u0026#x00AB;\u0026nbsp;est applicable\u0026nbsp;\u0026#x00BB;\u0026nbsp;\u003C\/p\u003E\u003Cp style=\u0022text-align: justify;\u0022\u003Eles mots\u0026nbsp;:\u0026nbsp;\u003C\/p\u003E\u003Cp style=\u0022text-align: justify;\u0022\u003E\u0026#x00AB;\u0026nbsp;et l\u0026#x2019;article\u0026nbsp;L.\u0026nbsp;3514\u0026#x2011;6\u0026#x2011;1 sont applicables\u0026nbsp;\u0026#x00BB;.\u003C\/p\u003E","avantAppel":{},"exposeSommaire":"\u003Cp\u003ECet amendement a pour objet de pr\u0026#x00E9;ciser l\u0026#x2019;articulation entre, d\u0026#x2019;une part, les modalit\u0026#x00E9;s de recouvrement de l\u0026#x2019;accise sur les produits \u0026#x00E0; fumer et \u0026#x00E0; vapoter et, d\u0026#x2019;autre part, la r\u0026#x00E9;glementation sectorielle. Cette articulation repose, comme pour tous les produits soumis \u0026#x00E0; accise, sur la mise en place d\u0026#x2019;un r\u0026#x00E9;gime \u0026#x00E9;conomique qui assure le fonctionnement du r\u0026#x00E9;gime suspensif de l\u0026#x2019;accise entre, d\u0026#x2019;une part, la production ou l\u0026#x2019;importation et, d\u0026#x2019;autre part, la fourniture au d\u0026#x00E9;taillant.\u003C\/p\u003E\u003Cp\u003EEn l\u0026#x2019;esp\u0026#x00E8;ce ce r\u0026#x00E9;gime repose sur un agr\u0026#x00E9;ment des d\u0026#x00E9;taillants dont le maintien est subordonn\u0026#x00E9; au respect des r\u0026#x00E8;gles sectorielles applicables. Il s\u0026#x2019;agit, \u0026#x00E0; l\u0026#x2019;instar de l\u0026#x2019;interdiction de la vente \u0026#x00E0; distance ou de la vente aux abords des lieux sensibles (\u0026#x00E9;coles notamment), de pr\u0026#x00E9;voir l\u0026#x2019;interdiction de la vente aux mineurs pour les produits du vapotage.\u003C\/p\u003E","annexeExposeSommaire":{}}},"cycleDeVie":{"dateDepot":"2025-10-23","datePublication":"2025-11-17","soumisArticle40":"true","etatDesTraitements":{"etat":{"code":"DI","libelle":"Discut\u00e9"},"sousEtat":{"code":"DI","libelle":"Tomb\u00e9"}},"dateSort":"2025-11-20T00:05:52+01:00","sort":"Tomb\u00e9"},"representations":{"representation":{"nom":"PDF","typeMime":{"type":"application","subType":"PDF"},"statutRepresentation":{"verbatim":"true","canonique":"true","officielle":"true","transcription":"false","enregistrement":"false"},"repSource":{},"offset":{},"contenu":{"documentURI":"\/base\/AMANR5L17PO838901B1906P1D1N003551?format=pdf"},"dateDispoRepresentation":{}}},"seanceDiscussionRef":"RUANR5L17S2026IDS29934","article99":"false","loiReference":{},"discussionCommune":{},"discussionIdentique":{},"accordGouvernementDepotHorsDelai":"Sans objet"}